{"id":100560,"date":"2020-07-13T07:45:21","date_gmt":"2020-07-13T11:45:21","guid":{"rendered":"https:\/\/www.eltrabajo.cl\/portal\/?p=100560"},"modified":"2020-07-12T19:36:18","modified_gmt":"2020-07-12T23:36:18","slug":"nos-dejo-alberto-cortez-servidor-publico-por-excelencia-de-aconcagua","status":"publish","type":"post","link":"https:\/\/eltrabajo.cl\/portal\/nos-dejo-alberto-cortez-servidor-publico-por-excelencia-de-aconcagua\/","title":{"rendered":"Nos dej\u00f3 Alberto Cortez, Servidor P\u00fablico por excelencia de Aconcagua"},"content":{"rendered":"<p style=\"text-align: justify;\">Hace pocos d\u00edas la ciudad de San Felipe perdi\u00f3 a uno de sus m\u00e1s fieles servidores, quien por muchos a\u00f1os de su vida se dedic\u00f3 a cultivar sus virtudes a trav\u00e9s del trabajo honesto y el servicio p\u00fablico, adem\u00e1s de enarbolar los m\u00e1s y puros ideales rotarios, nos referimos a <strong>Alberto Cortez L\u00f3pez<\/strong>, quien el 4 de julio falleci\u00f3 a la edad de 83 a\u00f1os, el pr\u00f3ximo 15 de agosto cumplir\u00eda sus 84 a\u00f1os.<\/p>\n<p style=\"text-align: justify;\">Importante recordar que Alberto Cortez era hijo \u00fanico de <strong>Alberto<\/strong> y <strong>Lucila<\/strong>, naci\u00f3 en Recoleta (Ovalle) el 17 de agosto de 1936, curs\u00f3 sus estudios b\u00e1sicos y parte de sus estudios medios en la ciudad de Ovalle, y los termin\u00f3 en La Serena.<\/p>\n<p style=\"text-align: justify;\">Estudi\u00f3 Construcci\u00f3n Civil en la entonces Universidad T\u00e9cnica del Estado en La Serena, egresando en el a\u00f1o 1960, ingres\u00f3 a trabajar en la Direcci\u00f3n de Vialidad en 1962 en la ciudad de Cauquenes, desempe\u00f1\u00e1ndose primeramente como encargado de Estudios, es ah\u00ed en Cauquenes donde conoci\u00f3 a <strong>Iris Salgado Galaz<\/strong> (QEPD), con quien contrajo matrimonio el 27 de mayo de 1960, tuvo dos hijos, <strong>Alberto<\/strong> y <strong>Marillac<\/strong>.<\/p>\n<p style=\"text-align: justify;\">\n<p style=\"text-align: justify;\"><span style=\"color: #c81400;\"><strong>SERVIDOR ENTREGADO<\/strong><\/span><\/p>\n<p style=\"text-align: justify;\">Fue Jefe Provincial de la Direcci\u00f3n de Vialidad de Cauquenes hasta 1973, cuando fue trasladado a la ciudad de San Felipe, de la cual se enamor\u00f3 y de la que jam\u00e1s quiso partir, desempe\u00f1\u00e1ndose como Jefe Provincial primero de la provincia de Aconcagua que comprend\u00eda las comunas de Petorca, Los Andes y San Felipe, para luego desempe\u00f1arse como Jefe Provincial de la provincia de San Felipe, hasta 2005, donde se acoge a jubilaci\u00f3n despu\u00e9s de 43 a\u00f1os de servicio, convirti\u00e9ndose as\u00ed en el provincial m\u00e1s antiguo de Chile, entregando toda una vida profesional al servicio p\u00fablico, desde su lugar de trabajo, obteniendo a trav\u00e9s de \u00e9sta, grandes logros y satisfacciones tanto personales como institucionales, y de los cuales muchas de las obras en las que particip\u00f3 se mantienen vigente.<\/p>\n<p style=\"text-align: justify;\">\n<p style=\"text-align: justify;\"><span style=\"color: #c81400;\"><strong>ROTARIO TAMBI\u00c9N<\/strong><\/span><\/p>\n<p style=\"text-align: justify;\">Perteneci\u00f3 al Rotary Club de San Felipe, instituci\u00f3n muy querida por \u00e9l, donde fue presidente en el per\u00edodo 1988-1989, Alguacil, y premiado en distintos momentos, entre los que se puede destacar por la Municipalidad de San Felipe en 1975, por su colaboraci\u00f3n en el urbanismo de la ciudad y despu\u00e9s como Ciudadano Benem\u00e9rito en 1999, y por la Municipalidad de Putaendo en 1992.<\/p>\n<p style=\"text-align: justify;\">Cabe se\u00f1alar que fue en estas instituciones donde encontr\u00f3 grandes amigos que permanentemente, en conversaciones familiares, eran recordados por \u00e9l, dado que a todos ellos los un\u00eda el servicio desinteresado a la comunidad. M\u00e1s que un funcionario p\u00fablico, fue un Servidor P\u00fablico, trabajando siempre el beneficio del mundo que lo rodeaba sin otro norte que el servir.<\/p>\n<p style=\"text-align: justify;\">Fue sepultado en el Cementerio Municipal de San Felipe este lunes 6 de julio. Todo el personal administrativo, period\u00edstico y gerencial de <strong>Diario El Trabajo<\/strong> externamos nuestro pesar, por la partida de un ciudadano de muchos quilates de nuestra comuna. \u00a1<strong>Descanse en Paz amigo Alberto<\/strong>!<\/p>\n<figure id=\"attachment_100563\" aria-describedby=\"caption-attachment-100563\" style=\"width: 580px\" class=\"wp-caption aligncenter\"><img data-recalc-dims=\"1\" loading=\"lazy\" decoding=\"async\" class=\"size-full wp-image-100563\" src=\"https:\/\/i0.wp.com\/eltrabajo.cl\/portal\/wp-content\/uploads\/2020\/07\/Servidor2.jpg?resize=580%2C360&#038;ssl=1\" alt=\"HOMBRES VISIONARIOS.- Con el ahora exalcalde Jaime Amar don Alberto supo cumplir a cabalidad con sus funciones en Vialidad.\" width=\"580\" height=\"360\" srcset=\"https:\/\/i0.wp.com\/eltrabajo.cl\/portal\/wp-content\/uploads\/2020\/07\/Servidor2.jpg?w=580&amp;ssl=1 580w, https:\/\/i0.wp.com\/eltrabajo.cl\/portal\/wp-content\/uploads\/2020\/07\/Servidor2.jpg?resize=300%2C186&amp;ssl=1 300w, https:\/\/i0.wp.com\/eltrabajo.cl\/portal\/wp-content\/uploads\/2020\/07\/Servidor2.jpg?resize=200%2C124&amp;ssl=1 200w\" sizes=\"auto, (max-width: 580px) 100vw, 580px\" \/><figcaption id=\"caption-attachment-100563\" class=\"wp-caption-text\">HOMBRES VISIONARIOS.- Con el ahora exalcalde Jaime Amar don Alberto supo cumplir a cabalidad con sus funciones en Vialidad.<\/figcaption><\/figure>\n<figure id=\"attachment_100562\" aria-describedby=\"caption-attachment-100562\" style=\"width: 580px\" class=\"wp-caption aligncenter\"><img data-recalc-dims=\"1\" loading=\"lazy\" decoding=\"async\" class=\"size-full wp-image-100562\" src=\"https:\/\/i0.wp.com\/eltrabajo.cl\/portal\/wp-content\/uploads\/2020\/07\/Servidor1.jpg?resize=580%2C359&#038;ssl=1\" alt=\"ALBERTO EL ROTARIO.- Aqu\u00ed vemos a Alberto Cortez como rotario sanfelipe\u00f1o, siempre oportuno y fraternal con sus pares.\" width=\"580\" height=\"359\" srcset=\"https:\/\/i0.wp.com\/eltrabajo.cl\/portal\/wp-content\/uploads\/2020\/07\/Servidor1.jpg?w=580&amp;ssl=1 580w, https:\/\/i0.wp.com\/eltrabajo.cl\/portal\/wp-content\/uploads\/2020\/07\/Servidor1.jpg?resize=300%2C186&amp;ssl=1 300w, https:\/\/i0.wp.com\/eltrabajo.cl\/portal\/wp-content\/uploads\/2020\/07\/Servidor1.jpg?resize=200%2C124&amp;ssl=1 200w\" sizes=\"auto, (max-width: 580px) 100vw, 580px\" \/><figcaption id=\"caption-attachment-100562\" class=\"wp-caption-text\">ALBERTO EL ROTARIO.- Aqu\u00ed vemos a Alberto Cortez como rotario sanfelipe\u00f1o, siempre oportuno y fraternal con sus pares.<\/figcaption><\/figure>\n<figure id=\"attachment_100561\" aria-describedby=\"caption-attachment-100561\" style=\"width: 580px\" class=\"wp-caption aligncenter\"><img data-recalc-dims=\"1\" loading=\"lazy\" decoding=\"async\" class=\"size-full wp-image-100561\" src=\"https:\/\/i0.wp.com\/eltrabajo.cl\/portal\/wp-content\/uploads\/2020\/07\/Servidor_Alberto-Cortez-Lopez.jpg?resize=580%2C600&#038;ssl=1\" alt=\"Alberto Cortez L\u00f3pez, nos dej\u00f3 este 4 de julio antes de cumplir sus 84 a\u00f1os de edad.\" width=\"580\" height=\"600\" srcset=\"https:\/\/i0.wp.com\/eltrabajo.cl\/portal\/wp-content\/uploads\/2020\/07\/Servidor_Alberto-Cortez-Lopez.jpg?w=580&amp;ssl=1 580w, https:\/\/i0.wp.com\/eltrabajo.cl\/portal\/wp-content\/uploads\/2020\/07\/Servidor_Alberto-Cortez-Lopez.jpg?resize=290%2C300&amp;ssl=1 290w, https:\/\/i0.wp.com\/eltrabajo.cl\/portal\/wp-content\/uploads\/2020\/07\/Servidor_Alberto-Cortez-Lopez.jpg?resize=145%2C150&amp;ssl=1 145w\" sizes=\"auto, (max-width: 580px) 100vw, 580px\" \/><figcaption id=\"caption-attachment-100561\" class=\"wp-caption-text\">Alberto Cortez L\u00f3pez, nos dej\u00f3 este 4 de julio antes de cumplir sus 84 a\u00f1os de edad.<\/figcaption><\/figure>\n","protected":false},"excerpt":{"rendered":"<p>Hace pocos d\u00edas la ciudad de San Felipe perdi\u00f3 a uno de sus m\u00e1s fieles servidores, quien por muchos a\u00f1os de su vida se dedic\u00f3 a cultivar sus virtudes a trav\u00e9s del&#8230;<\/p>\n","protected":false},"author":482,"featured_media":100563,"comment_status":"closed","ping_status":"open","sticky":false,"template":"","format":"standard","meta":{"advanced_seo_description":"","jetpack_seo_html_title":"","jetpack_seo_noindex":false,"_jetpack_memberships_contains_paid_content":false,"footnotes":""},"categories":[15],"tags":[],"class_list":["post-100560","post","type-post","status-publish","format-standard","has-post-thumbnail","hentry","category-comunidad"],"jetpack_featured_media_url":"https:\/\/i0.wp.com\/eltrabajo.cl\/portal\/wp-content\/uploads\/2020\/07\/Servidor2.jpg?fit=580%2C360&ssl=1","jetpack_sharing_enabled":true,"jetpack_likes_enabled":true,"jetpack-related-posts":[],"_links":{"self":[{"href":"https:\/\/eltrabajo.cl\/portal\/wp-json\/wp\/v2\/posts\/100560","targetHints":{"allow":["GET"]}}],"collection":[{"href":"https:\/\/eltrabajo.cl\/portal\/wp-json\/wp\/v2\/posts"}],"about":[{"href":"https:\/\/eltrabajo.cl\/portal\/wp-json\/wp\/v2\/types\/post"}],"author":[{"embeddable":true,"href":"https:\/\/eltrabajo.cl\/portal\/wp-json\/wp\/v2\/users\/482"}],"replies":[{"embeddable":true,"href":"https:\/\/eltrabajo.cl\/portal\/wp-json\/wp\/v2\/comments?post=100560"}],"version-history":[{"count":0,"href":"https:\/\/eltrabajo.cl\/portal\/wp-json\/wp\/v2\/posts\/100560\/revisions"}],"wp:featuredmedia":[{"embeddable":true,"href":"https:\/\/eltrabajo.cl\/portal\/wp-json\/wp\/v2\/media\/100563"}],"wp:attachment":[{"href":"https:\/\/eltrabajo.cl\/portal\/wp-json\/wp\/v2\/media?parent=100560"}],"wp:term":[{"taxonomy":"category","embeddable":true,"href":"https:\/\/eltrabajo.cl\/portal\/wp-json\/wp\/v2\/categories?post=100560"},{"taxonomy":"post_tag","embeddable":true,"href":"https:\/\/eltrabajo.cl\/portal\/wp-json\/wp\/v2\/tags?post=100560"}],"curies":[{"name":"wp","href":"https:\/\/api.w.org\/{rel}","templated":true}]}}