{"id":100573,"date":"2020-07-13T07:50:17","date_gmt":"2020-07-13T11:50:17","guid":{"rendered":"https:\/\/www.eltrabajo.cl\/portal\/?p=100573"},"modified":"2020-07-12T23:03:01","modified_gmt":"2020-07-13T03:03:01","slug":"por-poco-se-quema-por-completo-pequena-sandwicheria-en-villa-curimon","status":"publish","type":"post","link":"https:\/\/eltrabajo.cl\/portal\/por-poco-se-quema-por-completo-pequena-sandwicheria-en-villa-curimon\/","title":{"rendered":"Por poco se quema por completo peque\u00f1a sandwicher\u00eda en Villa Curim\u00f3n"},"content":{"rendered":"<p style=\"text-align: justify;\"><span style=\"color: #c81400;\"><strong>Vecinos combatieron el fuego con baldes de agua:<\/strong><\/span><\/p>\n<p style=\"text-align: justify;\">Pasadas las 15:30 horas de este domingo en Villa Valle de Curim\u00f3n, pasaje Los C\u00f3ndores, puntualmente en el peque\u00f1o local de comidas r\u00e1pidas Los Bajones de la T\u00eda, se declar\u00f3 un incendio estructural que oblig\u00f3 la movilizaci\u00f3n de varias unidades de Bomberos de San Felipe y Curim\u00f3n.<\/p>\n<p style=\"text-align: justify;\">Sin embargo a la hora de llegar los Caballeros del Fuego el siniestro ya estaba casi controlado por completo, pues los vecinos con baldes y mangueras lograron frenar las llamas, quedando sin embargo la madera muy caliento, por lo que de todas formas s\u00ed se necesit\u00f3 de los invaluables servicios bomberiles.<\/p>\n<p style=\"text-align: justify;\">Un vecino del sector, quien ayud\u00f3 a echar agua para detener el fuego, \u2018Don Pedro\u2019, nos coment\u00f3 que \u00ab<em>yo en realidad hice poco porque solamente ayud\u00e9 a acarrear agua, hab\u00eda mucho fuego adentro unas llamaradas grandes all\u00e1 donde ellos tienen la cocina pues esta familia nos venden s\u00e1ndwiches y completos todas esas cosas, nunca escuchamos alguna explosi\u00f3n, yo s\u00f3lo vine a acarrear agua<\/em>\u00bb, dijo el vecino.<\/p>\n<p style=\"text-align: justify;\">Finalmente Bomberos asegur\u00f3 toda la estructura para garantizar que no habr\u00eda una nueva propagaci\u00f3n de fuego en las dos casas, en la que ocurri\u00f3 el incendio, y en la vivienda adjunta.<\/p>\n<p style=\"text-align: justify;\"><strong>Roberto Gonz\u00e1lez Short<\/strong><\/p>\n<figure id=\"attachment_100574\" aria-describedby=\"caption-attachment-100574\" style=\"width: 580px\" class=\"wp-caption aligncenter\"><img data-recalc-dims=\"1\" loading=\"lazy\" decoding=\"async\" class=\"size-full wp-image-100574\" src=\"https:\/\/i0.wp.com\/eltrabajo.cl\/portal\/wp-content\/uploads\/2020\/07\/Incendio1.jpg?resize=580%2C358&#038;ssl=1\" alt=\"PUDO SER PEOR.- Finalmente los bomberos debieron revisar el entretecho para garantizar que no hay peligro.\" width=\"580\" height=\"358\" srcset=\"https:\/\/i0.wp.com\/eltrabajo.cl\/portal\/wp-content\/uploads\/2020\/07\/Incendio1.jpg?w=580&amp;ssl=1 580w, https:\/\/i0.wp.com\/eltrabajo.cl\/portal\/wp-content\/uploads\/2020\/07\/Incendio1.jpg?resize=300%2C185&amp;ssl=1 300w, https:\/\/i0.wp.com\/eltrabajo.cl\/portal\/wp-content\/uploads\/2020\/07\/Incendio1.jpg?resize=200%2C123&amp;ssl=1 200w\" sizes=\"auto, (max-width: 580px) 100vw, 580px\" \/><figcaption id=\"caption-attachment-100574\" class=\"wp-caption-text\">PUDO SER PEOR.- Finalmente los bomberos debieron revisar el entretecho para garantizar que no hay peligro.<\/figcaption><\/figure>\n<figure id=\"attachment_100575\" aria-describedby=\"caption-attachment-100575\" style=\"width: 580px\" class=\"wp-caption aligncenter\"><img data-recalc-dims=\"1\" loading=\"lazy\" decoding=\"async\" class=\"size-full wp-image-100575\" src=\"https:\/\/i0.wp.com\/eltrabajo.cl\/portal\/wp-content\/uploads\/2020\/07\/Incendio2.jpg?resize=580%2C359&#038;ssl=1\" alt=\"MANOS SOLIDARIAS.- Con estos baldes los vecinos lograron apagar el incendio, solidaridad en todo momento.\" width=\"580\" height=\"359\" srcset=\"https:\/\/i0.wp.com\/eltrabajo.cl\/portal\/wp-content\/uploads\/2020\/07\/Incendio2.jpg?w=580&amp;ssl=1 580w, https:\/\/i0.wp.com\/eltrabajo.cl\/portal\/wp-content\/uploads\/2020\/07\/Incendio2.jpg?resize=300%2C186&amp;ssl=1 300w, https:\/\/i0.wp.com\/eltrabajo.cl\/portal\/wp-content\/uploads\/2020\/07\/Incendio2.jpg?resize=200%2C124&amp;ssl=1 200w\" sizes=\"auto, (max-width: 580px) 100vw, 580px\" \/><figcaption id=\"caption-attachment-100575\" class=\"wp-caption-text\">MANOS SOLIDARIAS.- Con estos baldes los vecinos lograron apagar el incendio, solidaridad en todo momento.<\/figcaption><\/figure>\n<figure id=\"attachment_100576\" aria-describedby=\"caption-attachment-100576\" style=\"width: 580px\" class=\"wp-caption aligncenter\"><img data-recalc-dims=\"1\" loading=\"lazy\" decoding=\"async\" class=\"size-full wp-image-100576\" src=\"https:\/\/i0.wp.com\/eltrabajo.cl\/portal\/wp-content\/uploads\/2020\/07\/Incendio3.jpg?resize=580%2C358&#038;ssl=1\" alt=\"Esta c\u00e1mara para enfriar bebidas fue sacada a tiempo, otros art\u00edculos de la vivienda se da\u00f1aron.\" width=\"580\" height=\"358\" srcset=\"https:\/\/i0.wp.com\/eltrabajo.cl\/portal\/wp-content\/uploads\/2020\/07\/Incendio3.jpg?w=580&amp;ssl=1 580w, https:\/\/i0.wp.com\/eltrabajo.cl\/portal\/wp-content\/uploads\/2020\/07\/Incendio3.jpg?resize=300%2C185&amp;ssl=1 300w, https:\/\/i0.wp.com\/eltrabajo.cl\/portal\/wp-content\/uploads\/2020\/07\/Incendio3.jpg?resize=200%2C123&amp;ssl=1 200w\" sizes=\"auto, (max-width: 580px) 100vw, 580px\" \/><figcaption id=\"caption-attachment-100576\" class=\"wp-caption-text\">Esta c\u00e1mara para enfriar bebidas fue sacada a tiempo, otros art\u00edculos de la vivienda se da\u00f1aron.<\/figcaption><\/figure>\n","protected":false},"excerpt":{"rendered":"<p>Vecinos combatieron el fuego con baldes de agua: Pasadas las 15:30 horas de este domingo en Villa Valle de Curim\u00f3n, pasaje Los C\u00f3ndores, puntualmente en el peque\u00f1o local de comidas r\u00e1pidas Los&#8230;<\/p>\n","protected":false},"author":482,"featured_media":100574,"comment_status":"closed","ping_status":"open","sticky":false,"template":"","format":"standard","meta":{"advanced_seo_description":"","jetpack_seo_html_title":"","jetpack_seo_noindex":false,"_jetpack_memberships_contains_paid_content":false,"footnotes":""},"categories":[21],"tags":[],"class_list":["post-100573","post","type-post","status-publish","format-standard","has-post-thumbnail","hentry","category-policial"],"jetpack_featured_media_url":"https:\/\/i0.wp.com\/eltrabajo.cl\/portal\/wp-content\/uploads\/2020\/07\/Incendio1.jpg?fit=580%2C358&ssl=1","jetpack_sharing_enabled":true,"jetpack_likes_enabled":true,"jetpack-related-posts":[],"_links":{"self":[{"href":"https:\/\/eltrabajo.cl\/portal\/wp-json\/wp\/v2\/posts\/100573","targetHints":{"allow":["GET"]}}],"collection":[{"href":"https:\/\/eltrabajo.cl\/portal\/wp-json\/wp\/v2\/posts"}],"about":[{"href":"https:\/\/eltrabajo.cl\/portal\/wp-json\/wp\/v2\/types\/post"}],"author":[{"embeddable":true,"href":"https:\/\/eltrabajo.cl\/portal\/wp-json\/wp\/v2\/users\/482"}],"replies":[{"embeddable":true,"href":"https:\/\/eltrabajo.cl\/portal\/wp-json\/wp\/v2\/comments?post=100573"}],"version-history":[{"count":0,"href":"https:\/\/eltrabajo.cl\/portal\/wp-json\/wp\/v2\/posts\/100573\/revisions"}],"wp:featuredmedia":[{"embeddable":true,"href":"https:\/\/eltrabajo.cl\/portal\/wp-json\/wp\/v2\/media\/100574"}],"wp:attachment":[{"href":"https:\/\/eltrabajo.cl\/portal\/wp-json\/wp\/v2\/media?parent=100573"}],"wp:term":[{"taxonomy":"category","embeddable":true,"href":"https:\/\/eltrabajo.cl\/portal\/wp-json\/wp\/v2\/categories?post=100573"},{"taxonomy":"post_tag","embeddable":true,"href":"https:\/\/eltrabajo.cl\/portal\/wp-json\/wp\/v2\/tags?post=100573"}],"curies":[{"name":"wp","href":"https:\/\/api.w.org\/{rel}","templated":true}]}}