{"id":100581,"date":"2020-07-13T08:00:23","date_gmt":"2020-07-13T12:00:23","guid":{"rendered":"https:\/\/www.eltrabajo.cl\/portal\/?p=100581"},"modified":"2020-07-12T23:07:11","modified_gmt":"2020-07-13T03:07:11","slug":"un-muerto-y-dos-heridos-tras-anochecer-de-venganza-balazos-y-fuego","status":"publish","type":"post","link":"https:\/\/eltrabajo.cl\/portal\/un-muerto-y-dos-heridos-tras-anochecer-de-venganza-balazos-y-fuego\/","title":{"rendered":"Un muerto y dos heridos tras anochecer de venganza, balazos y fuego"},"content":{"rendered":"<p style=\"text-align: justify;\"><span style=\"color: #c81400;\"><strong>Cuatro casas destruidas por aparente incendio intencional:<\/strong><\/span><\/p>\n<p style=\"text-align: justify;\">Al menos una persona muri\u00f3 y otras dos resultaron heridas de bala luego de un confuso incidente registrado en el sector de Las 4 Villas, espec\u00edficamente en el sector de las copas de agua, donde un enfrentamiento a balazos habr\u00eda derivado posteriormente en un gigantesco incendio que destruy\u00f3 cuatro viviendas de la Villa 250 A\u00f1os.<\/p>\n<p style=\"text-align: justify;\">Los antecedentes no est\u00e1n del todo claros ya que no fue posible obtener informaci\u00f3n oficial respecto a los sucesos. No obstante, <strong>Diario El Trabajo<\/strong>, \u00fanico medio de comunicaci\u00f3n presente en el lugar, pudo recabar algunos antecedentes extraoficiales sobre los graves incidentes registrados ayer al anochecer.<\/p>\n<p style=\"text-align: justify;\">Es as\u00ed como en un confuso escenario coronado por el fuego, estallidos de balones de gas, bomberos corriendo, escalando por los techos y tambi\u00e9n rompiendo paredes para poder poner freno a las enormes lenguas de fuego que devoraban todo a su paso, entre eso cuatro viviendas en Villa 250 A\u00f1os, la noche de este domingo ser\u00e1 recordada por los vecinos de Las Cuatro Villas como la m\u00e1s infernal de este a\u00f1o.<\/p>\n<p style=\"text-align: justify;\">El infernal episodio inici\u00f3 a las 19:55 horas aproximadamente, luego que se declarara incendio estructural en una vivienda, situaci\u00f3n que cambi\u00f3 en pocos minutos, al punto de ser ya un incendio declarado en cuatro viviendas al llegar las unidades bomberiles provenientes de varias compa\u00f1\u00edas del Cuerpo de Bomberos de San Felipe.<\/p>\n<p style=\"text-align: justify;\">El comandante <strong>Juan Carlos Herrera Lillo<\/strong> ofreci\u00f3 declaraciones a <strong>Diario El Trabajo<\/strong>: <em>\u00abEn realidad es un incendio en el que se han quemado pr\u00e1cticamente cuatro viviendas. Sabemos que estas son situaciones complejas en este sector, a\u00fan as\u00ed los vecinos nos han permitido trabajar con tranquilidad, estamos haciendo un trabajo r\u00e1pido para poder salir r\u00e1pido de ac\u00e1. Estamos trabajando con las siete compa\u00f1\u00edas y contamos con cerca de 60 bomberos. Agradecer a los vecinos tambi\u00e9n lo bien que nos dejaron controlar la situaci\u00f3n<\/em>\u00bb, dijo Herrera a nuestro medio.<\/p>\n<p style=\"text-align: justify;\">\n<p style=\"text-align: justify;\"><span style=\"color: #c81400;\"><strong>EN INVESTIGACI\u00d3N<\/strong><\/span><\/p>\n<p style=\"text-align: justify;\">Intentando conocer las razones del origen del siniestro, <strong>Diario El Trabajo<\/strong> no pudo determinarlas, aunque varias versiones no oficiales insin\u00faan que problemas entre bandas rivales las que habr\u00edan protagonizado violentos incidentes para \u2018ajustar sus cuentas\u2019, lo que en teor\u00eda habr\u00eda gatillado las represalias, informaci\u00f3n que hasta la hora de nuestro cierre no pudo ser verificada.<\/p>\n<p style=\"text-align: justify;\">Otra informaci\u00f3n tampoco confirmada por la PDI indica que al menos una persona falleci\u00f3 en los altercados previos al incendio, mientras otras dos estar\u00edan heridas de bala en el Hospital San Camilo.<\/p>\n<p style=\"text-align: justify;\">Este violento incidente habr\u00eda ocurrido en el sector de las copas de agua en Las Cuatro Villas. Al parecer un joven llamado <strong>Jam<\/strong> habr\u00eda sido ajusticiado en una supuesta venganza por la muerte de una joven vecina del sector el a\u00f1o 2019, en la comuna de Rinconada, en un accidente automovil\u00edstico, donde el joven que muri\u00f3 anoche habr\u00eda sido quien conduc\u00eda el autom\u00f3vil que se estrell\u00f3 contra un \u00e1rbol en febrero de 2019, costando la vida a la joven.<\/p>\n<p style=\"text-align: justify;\">Al cierre de nuestra edici\u00f3n, cerca de las 22:00 horas, los bomberos debieron abandonar el lugar al que hab\u00edan regresado por una nueva alarma de incendio, en esta ocasi\u00f3n habr\u00eda sido un autom\u00f3vil el incendiado, registr\u00e1ndose nuevas balaceras y una barricada, la que Carabineros debi\u00f3 quitar pocos momentos despu\u00e9s.<\/p>\n<p style=\"text-align: justify;\"><strong>Roberto Gonz\u00e1lez Short<\/strong><\/p>\n<figure id=\"attachment_100582\" aria-describedby=\"caption-attachment-100582\" style=\"width: 580px\" class=\"wp-caption aligncenter\"><img data-recalc-dims=\"1\" loading=\"lazy\" decoding=\"async\" class=\"size-full wp-image-100582\" src=\"https:\/\/i0.wp.com\/eltrabajo.cl\/portal\/wp-content\/uploads\/2020\/07\/Infierno1.jpg?resize=580%2C359&#038;ssl=1\" alt=\"CUATRO CASAS DESTRUIDAS.- Dantesco escenario es el que registraron las c\u00e1maras de Diario El Trabajo la noche de este domingo en Villa 250 A\u00f1os.\" width=\"580\" height=\"359\" srcset=\"https:\/\/i0.wp.com\/eltrabajo.cl\/portal\/wp-content\/uploads\/2020\/07\/Infierno1.jpg?w=580&amp;ssl=1 580w, https:\/\/i0.wp.com\/eltrabajo.cl\/portal\/wp-content\/uploads\/2020\/07\/Infierno1.jpg?resize=300%2C186&amp;ssl=1 300w, https:\/\/i0.wp.com\/eltrabajo.cl\/portal\/wp-content\/uploads\/2020\/07\/Infierno1.jpg?resize=200%2C124&amp;ssl=1 200w\" sizes=\"auto, (max-width: 580px) 100vw, 580px\" \/><figcaption id=\"caption-attachment-100582\" class=\"wp-caption-text\">CUATRO CASAS DESTRUIDAS.- Dantesco escenario es el que registraron las c\u00e1maras de Diario El Trabajo la noche de este domingo en Villa 250 A\u00f1os.<\/figcaption><\/figure>\n<figure id=\"attachment_100583\" aria-describedby=\"caption-attachment-100583\" style=\"width: 580px\" class=\"wp-caption aligncenter\"><img data-recalc-dims=\"1\" loading=\"lazy\" decoding=\"async\" class=\"size-full wp-image-100583\" src=\"https:\/\/i0.wp.com\/eltrabajo.cl\/portal\/wp-content\/uploads\/2020\/07\/Infierno2.jpg?resize=580%2C360&#038;ssl=1\" alt=\"BOMBEROS EN PELIGRO.- Al interior de esta vivienda podemos ver el voraz incendio que destruy\u00f3 por completo los cuatro inmuebles.\" width=\"580\" height=\"360\" srcset=\"https:\/\/i0.wp.com\/eltrabajo.cl\/portal\/wp-content\/uploads\/2020\/07\/Infierno2.jpg?w=580&amp;ssl=1 580w, https:\/\/i0.wp.com\/eltrabajo.cl\/portal\/wp-content\/uploads\/2020\/07\/Infierno2.jpg?resize=300%2C186&amp;ssl=1 300w, https:\/\/i0.wp.com\/eltrabajo.cl\/portal\/wp-content\/uploads\/2020\/07\/Infierno2.jpg?resize=200%2C124&amp;ssl=1 200w\" sizes=\"auto, (max-width: 580px) 100vw, 580px\" \/><figcaption id=\"caption-attachment-100583\" class=\"wp-caption-text\">BOMBEROS EN PELIGRO.- Al interior de esta vivienda podemos ver el voraz incendio que destruy\u00f3 por completo los cuatro inmuebles.<\/figcaption><\/figure>\n<figure id=\"attachment_100584\" aria-describedby=\"caption-attachment-100584\" style=\"width: 580px\" class=\"wp-caption aligncenter\"><img data-recalc-dims=\"1\" loading=\"lazy\" decoding=\"async\" class=\"size-full wp-image-100584\" src=\"https:\/\/i0.wp.com\/eltrabajo.cl\/portal\/wp-content\/uploads\/2020\/07\/Infierno3.jpg?resize=580%2C360&#038;ssl=1\" alt=\"NOCHE DE ANGUSTIA.- Aqu\u00ed vemos los enseres del hogar que las familias vecinas a las casas en llamas lograron sacar a tiempo.\" width=\"580\" height=\"360\" srcset=\"https:\/\/i0.wp.com\/eltrabajo.cl\/portal\/wp-content\/uploads\/2020\/07\/Infierno3.jpg?w=580&amp;ssl=1 580w, https:\/\/i0.wp.com\/eltrabajo.cl\/portal\/wp-content\/uploads\/2020\/07\/Infierno3.jpg?resize=300%2C186&amp;ssl=1 300w, https:\/\/i0.wp.com\/eltrabajo.cl\/portal\/wp-content\/uploads\/2020\/07\/Infierno3.jpg?resize=200%2C124&amp;ssl=1 200w\" sizes=\"auto, (max-width: 580px) 100vw, 580px\" \/><figcaption id=\"caption-attachment-100584\" class=\"wp-caption-text\">NOCHE DE ANGUSTIA.- Aqu\u00ed vemos los enseres del hogar que las familias vecinas a las casas en llamas lograron sacar a tiempo.<\/figcaption><\/figure>\n<figure id=\"attachment_100585\" aria-describedby=\"caption-attachment-100585\" style=\"width: 579px\" class=\"wp-caption aligncenter\"><img data-recalc-dims=\"1\" loading=\"lazy\" decoding=\"async\" class=\"size-full wp-image-100585\" src=\"https:\/\/i0.wp.com\/eltrabajo.cl\/portal\/wp-content\/uploads\/2020\/07\/Infierno_Juan-Carlos-Herrera.jpg?resize=579%2C634&#038;ssl=1\" alt=\"Juan Carlos Herrera Lillo, comandante del Cuerpo de Bomberos de San Felipe.\" width=\"579\" height=\"634\" srcset=\"https:\/\/i0.wp.com\/eltrabajo.cl\/portal\/wp-content\/uploads\/2020\/07\/Infierno_Juan-Carlos-Herrera.jpg?w=579&amp;ssl=1 579w, https:\/\/i0.wp.com\/eltrabajo.cl\/portal\/wp-content\/uploads\/2020\/07\/Infierno_Juan-Carlos-Herrera.jpg?resize=274%2C300&amp;ssl=1 274w, https:\/\/i0.wp.com\/eltrabajo.cl\/portal\/wp-content\/uploads\/2020\/07\/Infierno_Juan-Carlos-Herrera.jpg?resize=137%2C150&amp;ssl=1 137w\" sizes=\"auto, (max-width: 579px) 100vw, 579px\" \/><figcaption id=\"caption-attachment-100585\" class=\"wp-caption-text\">Juan Carlos Herrera Lillo, comandante del Cuerpo de Bomberos de San Felipe.<\/figcaption><\/figure>\n","protected":false},"excerpt":{"rendered":"<p>Cuatro casas destruidas por aparente incendio intencional: Al menos una persona muri\u00f3 y otras dos resultaron heridas de bala luego de un confuso incidente registrado en el sector de Las 4 Villas,&#8230;<\/p>\n","protected":false},"author":482,"featured_media":100586,"comment_status":"closed","ping_status":"open","sticky":false,"template":"","format":"standard","meta":{"advanced_seo_description":"","jetpack_seo_html_title":"","jetpack_seo_noindex":false,"_jetpack_memberships_contains_paid_content":false,"footnotes":""},"categories":[21],"tags":[],"class_list":["post-100581","post","type-post","status-publish","format-standard","has-post-thumbnail","hentry","category-policial"],"jetpack_featured_media_url":"https:\/\/i0.wp.com\/eltrabajo.cl\/portal\/wp-content\/uploads\/2020\/07\/portada-incendio-venganza.jpg?fit=580%2C359&ssl=1","jetpack_sharing_enabled":true,"jetpack_likes_enabled":true,"jetpack-related-posts":[],"_links":{"self":[{"href":"https:\/\/eltrabajo.cl\/portal\/wp-json\/wp\/v2\/posts\/100581","targetHints":{"allow":["GET"]}}],"collection":[{"href":"https:\/\/eltrabajo.cl\/portal\/wp-json\/wp\/v2\/posts"}],"about":[{"href":"https:\/\/eltrabajo.cl\/portal\/wp-json\/wp\/v2\/types\/post"}],"author":[{"embeddable":true,"href":"https:\/\/eltrabajo.cl\/portal\/wp-json\/wp\/v2\/users\/482"}],"replies":[{"embeddable":true,"href":"https:\/\/eltrabajo.cl\/portal\/wp-json\/wp\/v2\/comments?post=100581"}],"version-history":[{"count":0,"href":"https:\/\/eltrabajo.cl\/portal\/wp-json\/wp\/v2\/posts\/100581\/revisions"}],"wp:featuredmedia":[{"embeddable":true,"href":"https:\/\/eltrabajo.cl\/portal\/wp-json\/wp\/v2\/media\/100586"}],"wp:attachment":[{"href":"https:\/\/eltrabajo.cl\/portal\/wp-json\/wp\/v2\/media?parent=100581"}],"wp:term":[{"taxonomy":"category","embeddable":true,"href":"https:\/\/eltrabajo.cl\/portal\/wp-json\/wp\/v2\/categories?post=100581"},{"taxonomy":"post_tag","embeddable":true,"href":"https:\/\/eltrabajo.cl\/portal\/wp-json\/wp\/v2\/tags?post=100581"}],"curies":[{"name":"wp","href":"https:\/\/api.w.org\/{rel}","templated":true}]}}