{"id":100596,"date":"2020-07-14T07:55:25","date_gmt":"2020-07-14T11:55:25","guid":{"rendered":"https:\/\/www.eltrabajo.cl\/portal\/?p=100596"},"modified":"2020-07-13T19:59:15","modified_gmt":"2020-07-13T23:59:15","slug":"se-autorizo-el-retorno-a-los-entrenamientos-en-zonas-de-cuarentena","status":"publish","type":"post","link":"https:\/\/eltrabajo.cl\/portal\/se-autorizo-el-retorno-a-los-entrenamientos-en-zonas-de-cuarentena\/","title":{"rendered":"Se autoriz\u00f3 el retorno a los entrenamientos en zonas de cuarentena"},"content":{"rendered":"<ul style=\"text-align: justify;\">\n<li><strong>La medida es muy importante ya que despu\u00e9s de mucho tiempo y bajo estrictos protocolos sanitarios, Uni\u00f3n San Felipe podr\u00e1 volver a los entrenamientos en su complejo deportivo.<\/strong><\/li>\n<\/ul>\n<p style=\"text-align: justify;\">La ministra del deporte, <strong>Cecilia P\u00e9rez<\/strong>, anunci\u00f3 ayer que los clubes de las series Primera A y B, que se encuentran en zonas con cuarentena, tendr\u00e1n los permisos respectivos para volver a los entrenamientos. <em>\u00abSe aprueba el permiso \u00fanico colectivo para deportistas de alto rendimiento y el f\u00fatbol profesional. Los deportistas ten\u00edan la necesidad. En el caso del f\u00fatbol profesional se restringe a la Primera Divisi\u00f3n A y B\u00bb,<\/em> inform\u00f3 la autoridad.<\/p>\n<p style=\"text-align: justify;\">Esta es una noticia muy importante porque abre de manera definitiva la posibilidad que la competencia pueda retomarse durante la primera quincena del mes de agosto, que es uno de los objetivos que se ha puesto la ANFP en medio de la crisis del Covid\u201319. Ya a fines del mes de junio el ente rector del balompi\u00e9 rentado nacional, por medio de una extensa carta, solicit\u00f3 al gobierno la posibilidad de que se volviera a las pr\u00e1cticas.<\/p>\n<p style=\"text-align: justify;\">Con esto ya es un hecho que Uni\u00f3n San Felipe deber\u00eda regresar en el corto plazo a los entrenamientos en el complejo deportivo, recinto que por lo dem\u00e1s re\u00fane todos los requisitos para que el plantel albirrojo pueda entrenar con las m\u00e1ximas medidas de seguridad para salvaguardar la salud de los jugadores y el resto de profesionales involucrados en el trabajo diario del Un\u00ed Un\u00ed.<\/p>\n<p style=\"text-align: justify;\"><strong>Jorge Vega Oses<\/strong><\/p>\n<figure id=\"attachment_100597\" aria-describedby=\"caption-attachment-100597\" style=\"width: 580px\" class=\"wp-caption aligncenter\"><img data-recalc-dims=\"1\" loading=\"lazy\" decoding=\"async\" class=\"size-full wp-image-100597\" src=\"https:\/\/i0.wp.com\/eltrabajo.cl\/portal\/wp-content\/uploads\/2020\/07\/entrenamiento.jpg?resize=580%2C360&#038;ssl=1\" alt=\"Cada vez m\u00e1s cerca del retorno.- Al igual que varios otros clubes chilenos, el Un\u00ed Un\u00ed podr\u00e1 volver en el corto tiempo a los entrenamientos.\" width=\"580\" height=\"360\" srcset=\"https:\/\/i0.wp.com\/eltrabajo.cl\/portal\/wp-content\/uploads\/2020\/07\/entrenamiento.jpg?w=580&amp;ssl=1 580w, https:\/\/i0.wp.com\/eltrabajo.cl\/portal\/wp-content\/uploads\/2020\/07\/entrenamiento.jpg?resize=300%2C186&amp;ssl=1 300w, https:\/\/i0.wp.com\/eltrabajo.cl\/portal\/wp-content\/uploads\/2020\/07\/entrenamiento.jpg?resize=200%2C124&amp;ssl=1 200w\" sizes=\"auto, (max-width: 580px) 100vw, 580px\" \/><figcaption id=\"caption-attachment-100597\" class=\"wp-caption-text\">Cada vez m\u00e1s cerca del retorno.- Al igual que varios otros clubes chilenos, el Un\u00ed Un\u00ed podr\u00e1 volver en el corto tiempo a los entrenamientos.<\/figcaption><\/figure>\n","protected":false},"excerpt":{"rendered":"<p>La medida es muy importante ya que despu\u00e9s de mucho tiempo y bajo estrictos protocolos sanitarios, Uni\u00f3n San Felipe podr\u00e1 volver a los entrenamientos en su complejo deportivo. La ministra del deporte,&#8230;<\/p>\n","protected":false},"author":482,"featured_media":100597,"comment_status":"closed","ping_status":"open","sticky":false,"template":"","format":"standard","meta":{"advanced_seo_description":"","jetpack_seo_html_title":"","jetpack_seo_noindex":false,"_jetpack_memberships_contains_paid_content":false,"footnotes":""},"categories":[105,19],"tags":[],"class_list":["post-100596","post","type-post","status-publish","format-standard","has-post-thumbnail","hentry","category-covid-19","category-deportes"],"jetpack_featured_media_url":"https:\/\/i0.wp.com\/eltrabajo.cl\/portal\/wp-content\/uploads\/2020\/07\/entrenamiento.jpg?fit=580%2C360&ssl=1","jetpack_sharing_enabled":true,"jetpack_likes_enabled":true,"jetpack-related-posts":[],"_links":{"self":[{"href":"https:\/\/eltrabajo.cl\/portal\/wp-json\/wp\/v2\/posts\/100596","targetHints":{"allow":["GET"]}}],"collection":[{"href":"https:\/\/eltrabajo.cl\/portal\/wp-json\/wp\/v2\/posts"}],"about":[{"href":"https:\/\/eltrabajo.cl\/portal\/wp-json\/wp\/v2\/types\/post"}],"author":[{"embeddable":true,"href":"https:\/\/eltrabajo.cl\/portal\/wp-json\/wp\/v2\/users\/482"}],"replies":[{"embeddable":true,"href":"https:\/\/eltrabajo.cl\/portal\/wp-json\/wp\/v2\/comments?post=100596"}],"version-history":[{"count":0,"href":"https:\/\/eltrabajo.cl\/portal\/wp-json\/wp\/v2\/posts\/100596\/revisions"}],"wp:featuredmedia":[{"embeddable":true,"href":"https:\/\/eltrabajo.cl\/portal\/wp-json\/wp\/v2\/media\/100597"}],"wp:attachment":[{"href":"https:\/\/eltrabajo.cl\/portal\/wp-json\/wp\/v2\/media?parent=100596"}],"wp:term":[{"taxonomy":"category","embeddable":true,"href":"https:\/\/eltrabajo.cl\/portal\/wp-json\/wp\/v2\/categories?post=100596"},{"taxonomy":"post_tag","embeddable":true,"href":"https:\/\/eltrabajo.cl\/portal\/wp-json\/wp\/v2\/tags?post=100596"}],"curies":[{"name":"wp","href":"https:\/\/api.w.org\/{rel}","templated":true}]}}