{"id":100604,"date":"2020-07-14T21:25:02","date_gmt":"2020-07-15T01:25:02","guid":{"rendered":"https:\/\/www.eltrabajo.cl\/portal\/?p=100604"},"modified":"2020-07-14T21:26:06","modified_gmt":"2020-07-15T01:26:06","slug":"con-barricadas-y-cacerolazos-se-hicieron-escuchar-en-villa-el-senorial","status":"publish","type":"post","link":"https:\/\/eltrabajo.cl\/portal\/con-barricadas-y-cacerolazos-se-hicieron-escuchar-en-villa-el-senorial\/","title":{"rendered":"Con barricadas y cacerolazos se hicieron escuchar en Villa El Se\u00f1orial"},"content":{"rendered":"<p style=\"text-align: justify;\"><span style=\"color: #c81400;\"><strong>Este mi\u00e9rcoles entregar\u00edan cajas de mercader\u00eda a las familias:<\/strong><\/span><\/p>\n<p style=\"text-align: justify;\">Una fuerte protesta es la que realizaron decenas de vecinos en Villa El Se\u00f1orial la ma\u00f1ana, tarde y en horas de la noche de este lunes, su reclamo principal dice relaci\u00f3n con la crisis econ\u00f3mica y laboral producto de la Cuarentena Obligatoria y en general con los estragos de la crisis sanitaria por Covid-19 que afecta al mundo entero.<\/p>\n<p style=\"text-align: justify;\">\n<p style=\"text-align: justify;\"><strong><span style=\"color: #c81400;\">\u00abNOS AFECTA A TODOS POR IGUAL\u00bb<\/span><\/strong><\/p>\n<p style=\"text-align: justify;\">Las protestas representaron que incendiaran barricadas y realizaran un cacerolazo en la v\u00eda p\u00fablica, espec\u00edficamente en Avenida Julio Montero sector locales comerciales, por lo que <strong>Diario El Trabajo<\/strong> habl\u00f3 con <strong>\u00c9rika \u00c1lvarez<\/strong>, presidenta de la junta vecinal Villa El Se\u00f1orial, quien nos indic\u00f3 que <em>\u00abla verdad es que nosotros como vecinos estamos sufriendo las mismas necesidades que en todos los barrios de la comuna, nos est\u00e1n invisibilizado siendo que ac\u00e1 somos todos clase media. En el fondo este tema de la pandemia est\u00e1 afectando a todos por igual, por eso nosotros esperamos que entregaran las cajas de mercader\u00eda en los barrios con m\u00e1s necesidades que viven en sectores m\u00e1s aleda\u00f1os o rurales, entendiendo esa parte y entendemos tambi\u00e9n que corresponde que empezaran por ah\u00ed a entregar, pero al final empezaron a pasar los d\u00edas y las semanas, nosotros hemos tenido mucha paciencia pues creemos que igualmente merecemos esa ayuda en nuestra villa. En estos d\u00edas se supo informaci\u00f3n que indicaba que las cajas ya se hab\u00edan terminado, entonces nos preocupamos todos, aqu\u00ed en El Se\u00f1orial hay 1.500 casas somos 1.500 familias <\/em>(\u2026) <em>es por eso que desde tempranas horas de este lunes los vecinos empezamos a coordinarnos para hacer sentir nuestro malestar, al parecer las autoridades supieron de nuestra situaci\u00f3n y nos avisaron que las cajas llegar\u00edan este mi\u00e9rcoles, pero aqu\u00ed es ver para creer, igual hicimos la protesta porque ya lo ten\u00edamos coordinado, igual estas cajas del mi\u00e9rcoles vienen del Municipio, pero faltan las cajas del Gobierno Regional, pues el Presidente Pi\u00f1era anunci\u00f3 que s\u00ed o s\u00ed en las comunas que entren a Cuarentena Obligatoria recibir\u00e1n todos su caja de mercader\u00eda a todos por igual<\/em>\u00bb, dijo \u00c1lvarez a <strong>Diario El Trabajo<\/strong>.<\/p>\n<p style=\"text-align: justify;\">\n<p style=\"text-align: justify;\"><span style=\"color: #c81400;\"><strong>ESTE MI\u00c9RCOLES SE ENTREGAN<\/strong><\/span><\/p>\n<p style=\"text-align: justify;\">Nuestro medio habl\u00f3 con el Dideco <strong>Pablo Silva N\u00fa\u00f1ez<\/strong>, quien confirm\u00f3 que <em>\u00abeste mi\u00e9rcoles 15 desde tempranas horas personal municipal estar\u00e1 entregando a los vecinos de Villa El Se\u00f1orial, entendemos, y as\u00ed nos ha mandatado el alcalde Patricio Freire de poder llegar a la gran mayor\u00eda de las familias de San Felipe. Este es un gran esfuerzo humano, log\u00edstico y de voluntad de desarrollo territorial que no ha sido menor, exponiendo a nuestros funcionarios. Muchos de nosotros no hemos visitado a nuestros familiares por estar directamente expuestos al contagio y hay tambi\u00e9n funcionarios que fueron contagiados. La voluntad vecinal del alcalde Patricio Freire ha generado este proceso de entrega desde el Estado de Chile, con esto queremos decir que el Estado de Chile a trav\u00e9s de sus gobiernos Central, Regional, Provincial y Comunal, todos nos hemos puesto a disposici\u00f3n de los vecinos para enfrentar esta pandemia. Los criterios estad\u00edsticos son miles y se ha generado muchas respuestas a todo eso, aunque entendemos tambi\u00e9n que desde hace tres meses la situaci\u00f3n econ\u00f3mica ha cambiado para todos nosotros, por tanto quienes en marzo ten\u00edan una posici\u00f3n estable de trabajo o de altas remuneraciones, lo m\u00e1s probable es que hayan sufrido fuertes cambios en su situaci\u00f3n real en sus familias, es por ello que desde el Municipio estamos abocados a poder llegar a todas las familias, por tanto entendemos las necesidades y la situaci\u00f3n que est\u00e1n pasando nuestros vecinos. Quiero tambi\u00e9n destacar el esfuerzo hecho por los funcionarios municipales, agradecerles profundamente su compromiso, a nuestros dirigentes vecinales muchas gracias por su apoyo en toda la comuna, un llamado de fuerza y cari\u00f1o para que podamos superar esta pandemia<\/em>\u00bb, dijo Silva N\u00fa\u00f1ez.<\/p>\n<p style=\"text-align: justify;\">\n<p style=\"text-align: justify;\"><span style=\"color: #c81400;\"><strong>GOBERNADOR RESPONDE<\/strong><\/span><\/p>\n<p style=\"text-align: justify;\">En relaci\u00f3n a las \u2018Cajas del Gobierno\u2019 como son llamadas las que el Gobierno Central ofreci\u00f3 a cada familia de las comunas donde sea declarada Cuarentena Obligatoria, nuestro medio habl\u00f3 con el gobernador <strong>Claudio Rodr\u00edguez Cataldo<\/strong>, quien fue claro en explicar que <em>\u00abpara que los vecinos conozcan el mecanismo por el cual se est\u00e1n distribuyendo estas cajas, es necesario detallar que se realiza a trav\u00e9s de un convenio suscrito entre el Gobierno y la Asociaci\u00f3n de Municipalidades de Chile. En este caso, el Gobierno financi\u00f3 la adquisici\u00f3n de estas canastas familiares y su transporte; mientras que los municipios ser\u00edan los encargados de determinar el cu\u00e1ndo, el c\u00f3mo y a qui\u00e9n entregar estas canastas. Por eso es importante detallarlo a la hora de hacer este balance, cuando ya desde el Gobierno hemos entregado las 32.684 cajas comprometidas inicialmente en la provincia y as\u00ed explicar c\u00f3mo se distribuyeron<\/em> (\u2026) <em>Este lunes se concluy\u00f3 con la entrega a la Municipalidad de San Felipe, que era la \u00faltima comuna que iba quedando, dado que a las 6.273 cajas iniciales se adicion\u00f3 una cantidad importante de canastas de alimentos equivalentes a 12.751 unidades, dado que el territorio entr\u00f3 en cuarentena contando en total San Felipe con 19.024 canastas para distribuir; mientras que en total las municipalidades de la provincia recibieron 32.684 cajas familiares<\/em>\u00bb, dijo Rodr\u00edguez.<\/p>\n<p style=\"text-align: justify;\">A esto se suma el monto asignado por comuna proveniente del Fondo Solidario, con un aporte de 761.935.000 pesos que lo municipios recibieron a libre disposici\u00f3n y as\u00ed reaccionar ante esta pandemia.<\/p>\n<p style=\"text-align: justify;\">A la planificaci\u00f3n ya se\u00f1alada, el gobernador agreg\u00f3 que <em>\u00abahora viene una segunda entrega de alimentos, tal como lo fuera anunciado por el Presidente Sebasti\u00e1n Pi\u00f1era este domingo, equivalente a tres millones de cajas que ser\u00e1n distribuidas en todo el pa\u00eds, contando con 500.000 cajas m\u00e1s que en el primer anuncio. A esto se adiciona tambi\u00e9n la iniciativa del Intendente <strong>Jorge Mart\u00ednez<\/strong> aprobada por el Consejo Regional, con el apoyo de 3.500.000 pesos para la adquisici\u00f3n de cajas adicionales de alimentos para poder hacer llegar a la poblaci\u00f3n de nuestra V Regi\u00f3n; donde est\u00e1n incluidas las comunas de nuestra provincia<\/em>\u00bb, detall\u00f3 Rodr\u00edguez.<\/p>\n<p style=\"text-align: justify;\"><strong>Roberto Gonz\u00e1lez Short<\/strong><\/p>\n<figure id=\"attachment_100605\" aria-describedby=\"caption-attachment-100605\" style=\"width: 580px\" class=\"wp-caption aligncenter\"><img data-recalc-dims=\"1\" loading=\"lazy\" decoding=\"async\" class=\"size-full wp-image-100605\" src=\"https:\/\/i0.wp.com\/eltrabajo.cl\/portal\/wp-content\/uploads\/2020\/07\/Barricadas1.jpg?resize=580%2C360&#038;ssl=1\" alt=\"PROTESTA NOCTURNA.- La noche de este lunes decenas de vecinos en Villa El Se\u00f1orial protestaron en reclamo a su caja familiar de mercader\u00eda.\" width=\"580\" height=\"360\" srcset=\"https:\/\/i0.wp.com\/eltrabajo.cl\/portal\/wp-content\/uploads\/2020\/07\/Barricadas1.jpg?w=580&amp;ssl=1 580w, https:\/\/i0.wp.com\/eltrabajo.cl\/portal\/wp-content\/uploads\/2020\/07\/Barricadas1.jpg?resize=300%2C186&amp;ssl=1 300w, https:\/\/i0.wp.com\/eltrabajo.cl\/portal\/wp-content\/uploads\/2020\/07\/Barricadas1.jpg?resize=200%2C124&amp;ssl=1 200w\" sizes=\"auto, (max-width: 580px) 100vw, 580px\" \/><figcaption id=\"caption-attachment-100605\" class=\"wp-caption-text\">PROTESTA NOCTURNA.- La noche de este lunes decenas de vecinos en Villa El Se\u00f1orial protestaron en reclamo a su caja familiar de mercader\u00eda.<\/figcaption><\/figure>\n<figure id=\"attachment_100606\" aria-describedby=\"caption-attachment-100606\" style=\"width: 580px\" class=\"wp-caption aligncenter\"><img data-recalc-dims=\"1\" loading=\"lazy\" decoding=\"async\" class=\"size-full wp-image-100606\" src=\"https:\/\/i0.wp.com\/eltrabajo.cl\/portal\/wp-content\/uploads\/2020\/07\/Barricadas2.jpg?resize=580%2C598&#038;ssl=1\" alt=\"AL ROJO VIVO.- Los vecinos instalaron peque\u00f1as barricadas y las incendiaron, Carabineros dispers\u00f3 a los manifestantes.\" width=\"580\" height=\"598\" srcset=\"https:\/\/i0.wp.com\/eltrabajo.cl\/portal\/wp-content\/uploads\/2020\/07\/Barricadas2.jpg?w=580&amp;ssl=1 580w, https:\/\/i0.wp.com\/eltrabajo.cl\/portal\/wp-content\/uploads\/2020\/07\/Barricadas2.jpg?resize=291%2C300&amp;ssl=1 291w, https:\/\/i0.wp.com\/eltrabajo.cl\/portal\/wp-content\/uploads\/2020\/07\/Barricadas2.jpg?resize=145%2C150&amp;ssl=1 145w\" sizes=\"auto, (max-width: 580px) 100vw, 580px\" \/><figcaption id=\"caption-attachment-100606\" class=\"wp-caption-text\">AL ROJO VIVO.- Los vecinos instalaron peque\u00f1as barricadas y las incendiaron, Carabineros dispers\u00f3 a los manifestantes.<\/figcaption><\/figure>\n<figure id=\"attachment_100608\" aria-describedby=\"caption-attachment-100608\" style=\"width: 580px\" class=\"wp-caption aligncenter\"><img data-recalc-dims=\"1\" loading=\"lazy\" decoding=\"async\" class=\"size-full wp-image-100608\" src=\"https:\/\/i0.wp.com\/eltrabajo.cl\/portal\/wp-content\/uploads\/2020\/07\/Barricadas_Ericka-Alvarez.jpg?resize=580%2C598&#038;ssl=1\" alt=\"\u00c9rika \u00c1lvarez, presidenta de la junta vecinal Villa El Se\u00f1orial.\" width=\"580\" height=\"598\" srcset=\"https:\/\/i0.wp.com\/eltrabajo.cl\/portal\/wp-content\/uploads\/2020\/07\/Barricadas_Ericka-Alvarez.jpg?w=580&amp;ssl=1 580w, https:\/\/i0.wp.com\/eltrabajo.cl\/portal\/wp-content\/uploads\/2020\/07\/Barricadas_Ericka-Alvarez.jpg?resize=291%2C300&amp;ssl=1 291w, https:\/\/i0.wp.com\/eltrabajo.cl\/portal\/wp-content\/uploads\/2020\/07\/Barricadas_Ericka-Alvarez.jpg?resize=145%2C150&amp;ssl=1 145w\" sizes=\"auto, (max-width: 580px) 100vw, 580px\" \/><figcaption id=\"caption-attachment-100608\" class=\"wp-caption-text\">\u00c9rika \u00c1lvarez, presidenta de la junta vecinal Villa El Se\u00f1orial.<\/figcaption><\/figure>\n<figure id=\"attachment_100609\" aria-describedby=\"caption-attachment-100609\" style=\"width: 579px\" class=\"wp-caption aligncenter\"><img data-recalc-dims=\"1\" loading=\"lazy\" decoding=\"async\" class=\"size-full wp-image-100609\" src=\"https:\/\/i0.wp.com\/eltrabajo.cl\/portal\/wp-content\/uploads\/2020\/07\/Barricadas_Pablo-Silva.jpg?resize=579%2C600&#038;ssl=1\" alt=\"Dideco de nuestra comuna, Pablo Silva N\u00fa\u00f1ez.\" width=\"579\" height=\"600\" srcset=\"https:\/\/i0.wp.com\/eltrabajo.cl\/portal\/wp-content\/uploads\/2020\/07\/Barricadas_Pablo-Silva.jpg?w=579&amp;ssl=1 579w, https:\/\/i0.wp.com\/eltrabajo.cl\/portal\/wp-content\/uploads\/2020\/07\/Barricadas_Pablo-Silva.jpg?resize=290%2C300&amp;ssl=1 290w, https:\/\/i0.wp.com\/eltrabajo.cl\/portal\/wp-content\/uploads\/2020\/07\/Barricadas_Pablo-Silva.jpg?resize=145%2C150&amp;ssl=1 145w\" sizes=\"auto, (max-width: 579px) 100vw, 579px\" \/><figcaption id=\"caption-attachment-100609\" class=\"wp-caption-text\">Dideco de nuestra comuna, Pablo Silva N\u00fa\u00f1ez.<\/figcaption><\/figure>\n<figure id=\"attachment_100607\" aria-describedby=\"caption-attachment-100607\" style=\"width: 580px\" class=\"wp-caption aligncenter\"><img data-recalc-dims=\"1\" loading=\"lazy\" decoding=\"async\" class=\"size-full wp-image-100607\" src=\"https:\/\/i0.wp.com\/eltrabajo.cl\/portal\/wp-content\/uploads\/2020\/07\/Barricadas_Claudio-Rodriguez.jpg?resize=580%2C600&#038;ssl=1\" alt=\"Gobernador de San Felipe, Claudio Rodr\u00edguez Cataldo.\" width=\"580\" height=\"600\" srcset=\"https:\/\/i0.wp.com\/eltrabajo.cl\/portal\/wp-content\/uploads\/2020\/07\/Barricadas_Claudio-Rodriguez.jpg?w=580&amp;ssl=1 580w, https:\/\/i0.wp.com\/eltrabajo.cl\/portal\/wp-content\/uploads\/2020\/07\/Barricadas_Claudio-Rodriguez.jpg?resize=290%2C300&amp;ssl=1 290w, https:\/\/i0.wp.com\/eltrabajo.cl\/portal\/wp-content\/uploads\/2020\/07\/Barricadas_Claudio-Rodriguez.jpg?resize=145%2C150&amp;ssl=1 145w\" sizes=\"auto, (max-width: 580px) 100vw, 580px\" \/><figcaption id=\"caption-attachment-100607\" class=\"wp-caption-text\">Gobernador de San Felipe, Claudio Rodr\u00edguez Cataldo.<\/figcaption><\/figure>\n","protected":false},"excerpt":{"rendered":"<p>Este mi\u00e9rcoles entregar\u00edan cajas de mercader\u00eda a las familias: Una fuerte protesta es la que realizaron decenas de vecinos en Villa El Se\u00f1orial la ma\u00f1ana, tarde y en horas de la noche&#8230;<\/p>\n","protected":false},"author":482,"featured_media":100605,"comment_status":"closed","ping_status":"open","sticky":false,"template":"","format":"standard","meta":{"advanced_seo_description":"","jetpack_seo_html_title":"","jetpack_seo_noindex":false,"_jetpack_memberships_contains_paid_content":false,"footnotes":""},"categories":[15,105],"tags":[],"class_list":["post-100604","post","type-post","status-publish","format-standard","has-post-thumbnail","hentry","category-comunidad","category-covid-19"],"jetpack_featured_media_url":"https:\/\/i0.wp.com\/eltrabajo.cl\/portal\/wp-content\/uploads\/2020\/07\/Barricadas1.jpg?fit=580%2C360&ssl=1","jetpack_sharing_enabled":true,"jetpack_likes_enabled":true,"jetpack-related-posts":[],"_links":{"self":[{"href":"https:\/\/eltrabajo.cl\/portal\/wp-json\/wp\/v2\/posts\/100604","targetHints":{"allow":["GET"]}}],"collection":[{"href":"https:\/\/eltrabajo.cl\/portal\/wp-json\/wp\/v2\/posts"}],"about":[{"href":"https:\/\/eltrabajo.cl\/portal\/wp-json\/wp\/v2\/types\/post"}],"author":[{"embeddable":true,"href":"https:\/\/eltrabajo.cl\/portal\/wp-json\/wp\/v2\/users\/482"}],"replies":[{"embeddable":true,"href":"https:\/\/eltrabajo.cl\/portal\/wp-json\/wp\/v2\/comments?post=100604"}],"version-history":[{"count":0,"href":"https:\/\/eltrabajo.cl\/portal\/wp-json\/wp\/v2\/posts\/100604\/revisions"}],"wp:featuredmedia":[{"embeddable":true,"href":"https:\/\/eltrabajo.cl\/portal\/wp-json\/wp\/v2\/media\/100605"}],"wp:attachment":[{"href":"https:\/\/eltrabajo.cl\/portal\/wp-json\/wp\/v2\/media?parent=100604"}],"wp:term":[{"taxonomy":"category","embeddable":true,"href":"https:\/\/eltrabajo.cl\/portal\/wp-json\/wp\/v2\/categories?post=100604"},{"taxonomy":"post_tag","embeddable":true,"href":"https:\/\/eltrabajo.cl\/portal\/wp-json\/wp\/v2\/tags?post=100604"}],"curies":[{"name":"wp","href":"https:\/\/api.w.org\/{rel}","templated":true}]}}