{"id":100622,"date":"2020-07-15T07:40:02","date_gmt":"2020-07-15T11:40:02","guid":{"rendered":"https:\/\/www.eltrabajo.cl\/portal\/?p=100622"},"modified":"2020-07-14T21:30:41","modified_gmt":"2020-07-15T01:30:41","slug":"este-jueves-retomarian-los-entrenamientos-en-union-san-felipe","status":"publish","type":"post","link":"https:\/\/eltrabajo.cl\/portal\/este-jueves-retomarian-los-entrenamientos-en-union-san-felipe\/","title":{"rendered":"Este jueves retomar\u00edan los entrenamientos en Uni\u00f3n San Felipe"},"content":{"rendered":"<p style=\"text-align: justify;\">El gerente general de Uni\u00f3n San Felipe inform\u00f3 que el pr\u00f3ximo jueves el plantel de honor volver\u00e1 a los entrenamientos, tras la autorizaci\u00f3n de la autoridad respectiva para los clubes que se encuentran en zonas con cuarentena.<\/p>\n<p style=\"text-align: justify;\"><strong>Eduardo Olivares<\/strong> indic\u00f3 que habr\u00e1 muchas restricciones en este retorno a ra\u00edz que deber\u00e1n aplicarse estrictos protocolos sanitarios, los que deber\u00e1n seguirse al pie de la letra. <em>\u00abNo son m\u00e1s de 30 personas las habilitadas para trasladarse; estos son los jugadores y cuerpo t\u00e9cnico. El cuerpo m\u00e9dico y guardias del complejo deber\u00e1n generar sus propios permisos; solo ellos podr\u00e1n estar en el complejo deportivo. Eso ser\u00e1 as\u00ed hasta que dure la cuarentena en San Felipe, cuando esto pase volveremos a regla general donde no podr\u00e1 haber m\u00e1s de 50 personas en el complejo\u00bb.<\/em><\/p>\n<p style=\"text-align: justify;\">Dentro de las medidas de seguridad que contempla el protocolo, destaca el que cada jugador deber\u00e1 llegar equipado desde su hogar y una vez culminado el entrenamiento irse de manera inmediata sin pasar por camarines. <em>\u00abSe les entregar\u00e1 la indumentaria (dos mudas) y cada uno estar\u00e1 a cargo del lavado de la misma. Es inc\u00f3modo, pero debe hacerse as\u00ed mientras dure todo esto\u00bb,<\/em> explic\u00f3 el ejecutivo.<\/p>\n<figure id=\"attachment_100623\" aria-describedby=\"caption-attachment-100623\" style=\"width: 580px\" class=\"wp-caption aligncenter\"><img data-recalc-dims=\"1\" loading=\"lazy\" decoding=\"async\" class=\"size-full wp-image-100623\" src=\"https:\/\/i0.wp.com\/eltrabajo.cl\/portal\/wp-content\/uploads\/2020\/07\/uni-uni.jpg?resize=580%2C360&#038;ssl=1\" alt=\"Ma\u00f1ana jueves Uni\u00f3n San Felipe volver\u00e1 a entrenar en su complejo deportivo.\" width=\"580\" height=\"360\" srcset=\"https:\/\/i0.wp.com\/eltrabajo.cl\/portal\/wp-content\/uploads\/2020\/07\/uni-uni.jpg?w=580&amp;ssl=1 580w, https:\/\/i0.wp.com\/eltrabajo.cl\/portal\/wp-content\/uploads\/2020\/07\/uni-uni.jpg?resize=300%2C186&amp;ssl=1 300w, https:\/\/i0.wp.com\/eltrabajo.cl\/portal\/wp-content\/uploads\/2020\/07\/uni-uni.jpg?resize=200%2C124&amp;ssl=1 200w\" sizes=\"auto, (max-width: 580px) 100vw, 580px\" \/><figcaption id=\"caption-attachment-100623\" class=\"wp-caption-text\">Ma\u00f1ana jueves Uni\u00f3n San Felipe volver\u00e1 a entrenar en su complejo deportivo.<\/figcaption><\/figure>\n","protected":false},"excerpt":{"rendered":"<p>El gerente general de Uni\u00f3n San Felipe inform\u00f3 que el pr\u00f3ximo jueves el plantel de honor volver\u00e1 a los entrenamientos, tras la autorizaci\u00f3n de la autoridad respectiva para los clubes que se&#8230;<\/p>\n","protected":false},"author":482,"featured_media":100623,"comment_status":"closed","ping_status":"open","sticky":false,"template":"","format":"standard","meta":{"advanced_seo_description":"","jetpack_seo_html_title":"","jetpack_seo_noindex":false,"_jetpack_memberships_contains_paid_content":false,"footnotes":""},"categories":[105,19],"tags":[],"class_list":["post-100622","post","type-post","status-publish","format-standard","has-post-thumbnail","hentry","category-covid-19","category-deportes"],"jetpack_featured_media_url":"https:\/\/i0.wp.com\/eltrabajo.cl\/portal\/wp-content\/uploads\/2020\/07\/uni-uni.jpg?fit=580%2C360&ssl=1","jetpack_sharing_enabled":true,"jetpack_likes_enabled":true,"jetpack-related-posts":[],"_links":{"self":[{"href":"https:\/\/eltrabajo.cl\/portal\/wp-json\/wp\/v2\/posts\/100622","targetHints":{"allow":["GET"]}}],"collection":[{"href":"https:\/\/eltrabajo.cl\/portal\/wp-json\/wp\/v2\/posts"}],"about":[{"href":"https:\/\/eltrabajo.cl\/portal\/wp-json\/wp\/v2\/types\/post"}],"author":[{"embeddable":true,"href":"https:\/\/eltrabajo.cl\/portal\/wp-json\/wp\/v2\/users\/482"}],"replies":[{"embeddable":true,"href":"https:\/\/eltrabajo.cl\/portal\/wp-json\/wp\/v2\/comments?post=100622"}],"version-history":[{"count":0,"href":"https:\/\/eltrabajo.cl\/portal\/wp-json\/wp\/v2\/posts\/100622\/revisions"}],"wp:featuredmedia":[{"embeddable":true,"href":"https:\/\/eltrabajo.cl\/portal\/wp-json\/wp\/v2\/media\/100623"}],"wp:attachment":[{"href":"https:\/\/eltrabajo.cl\/portal\/wp-json\/wp\/v2\/media?parent=100622"}],"wp:term":[{"taxonomy":"category","embeddable":true,"href":"https:\/\/eltrabajo.cl\/portal\/wp-json\/wp\/v2\/categories?post=100622"},{"taxonomy":"post_tag","embeddable":true,"href":"https:\/\/eltrabajo.cl\/portal\/wp-json\/wp\/v2\/tags?post=100622"}],"curies":[{"name":"wp","href":"https:\/\/api.w.org\/{rel}","templated":true}]}}