{"id":100625,"date":"2020-07-15T07:45:45","date_gmt":"2020-07-15T11:45:45","guid":{"rendered":"https:\/\/www.eltrabajo.cl\/portal\/?p=100625"},"modified":"2020-07-14T21:36:20","modified_gmt":"2020-07-15T01:36:20","slug":"gitana-carmen-aristich-pide-a-vecinos-de-la-troya-no-mas-discriminacion","status":"publish","type":"post","link":"https:\/\/eltrabajo.cl\/portal\/gitana-carmen-aristich-pide-a-vecinos-de-la-troya-no-mas-discriminacion\/","title":{"rendered":"Gitana Carmen Aristich pide a vecinos de La Troya no m\u00e1s discriminaci\u00f3n"},"content":{"rendered":"<p style=\"text-align: justify;\"><span style=\"color: #c81400;\"><strong>Por la pandemia, no tienen a d\u00f3nde ir y pernoctan en una plaza:<\/strong><\/span><\/p>\n<p style=\"text-align: justify;\">Luego que hace unas semanas public\u00e1ramos en nuestro medio el malestar expresado por varios vecinos de La Troya, quienes ped\u00edan a las autoridades expulsar a la calle a dos familias gitanas que se instalaron hace algunos meses en una vieja plaza del sector (no la principal), este martes una de las gitanas solicit\u00f3 a <strong>Diario El Trabajo<\/strong> le permitamos dar a conocer su situaci\u00f3n, y solicit\u00f3 tambi\u00e9n que no sigan discrimin\u00e1ndoles por ser pobres y gitanos.<\/p>\n<p style=\"text-align: justify;\">\n<p style=\"text-align: justify;\"><span style=\"color: #c81400;\"><strong>\u00abTODOS SOMOS\u00a0SERES HUMANOS\u00bb<\/strong><\/span><\/p>\n<p style=\"text-align: justify;\">Nuestro medio habl\u00f3 con <strong>Carmen Aristich<\/strong>, quien acompa\u00f1ada con sus hijos chicos nos dijo lo siguiente: <em>\u00abYo lo que quiero decir ahora en este momento es que nosotros somos muy discriminados por los chilenos, aunque somos gitanos somos seres humanos, igual que todos los dem\u00e1s. Nosotros no salimos en la televisi\u00f3n que seamos ladrones o estafadores ni que violamos a nuestros hijos, y si a veces salimos en la tele es porque nos muestran vendiendo pulseras de cobre, pailas, como gitanos comerciantes compraventa de libros y porque salimos a la calle a leer la suerte en las Cartas Tarot a las personas. Nuestro problema es que estamos viviendo en esa plaza donde tenemos nuestras dos carpitas, somos dos familias. El se\u00f1or <strong>Ra\u00fal Reinoso<\/strong> que dijo ser \u2018el due\u00f1o\u2019 nos quiere echar de la cancha, tengo tres menores de edad, don Ra\u00fal nos dio fecha para que nos fu\u00e9ramos, pero por el virus no podemos salir ni viajar a ninguna parte. Sentimos que Ra\u00fal nos maltrat\u00f3 en el peri\u00f3dico como a unos animales, pero si ustedes ven un animal en la calle le dar\u00e1 algo de comer, y nosotros que somos seres humanos como el resto de chilenos y tenemos tambi\u00e9n papeles chilenos, porque venimos de Hungr\u00eda, no estamos acostumbrados a vivir en casas, nosotros vivimos en carpa, nuestras carpas ya no sirven, si alguien puede ayudarnos con algunas carpas nos ayudar\u00eda mucho. Sabemos que hay chilenos que nos discriminan mucho y no importa, pues al fin de todo lo que est\u00e1 pasando en el mundo igual nos afecta a todos y los chilenos se cuidan, nosotros tambi\u00e9n nos cuidamos y a nuestros hijos<\/em>\u00bb, indic\u00f3 Carmen Aristich a <strong>Diario El Trabajo<\/strong>.<\/p>\n<p style=\"text-align: justify;\">Estas declaraciones las brind\u00f3 Carmen a nuestro medio en respuesta a una denuncia comunitaria en la que el conocido dirigente deportivo los hab\u00eda se\u00f1alado p\u00fablicamente como personas que no tienen ning\u00fan derecho a pernoctar en ese lugar, pues pertenece a la comunidad, situaci\u00f3n que para los gitanos es interpretada como discriminatorio el trato y a la vez humillante al exponerlos ante la opini\u00f3n p\u00fablica casi como delincuentes. Los interesados en ayudar a estas dos familias con alguna carpa usada o nueva, pueden llamar al <strong>+56 9 7392 2377<\/strong>.<\/p>\n<p style=\"text-align: justify;\"><strong>Roberto Gonz\u00e1lez Short<\/strong><\/p>\n<figure id=\"attachment_100626\" aria-describedby=\"caption-attachment-100626\" style=\"width: 580px\" class=\"wp-caption aligncenter\"><img data-recalc-dims=\"1\" loading=\"lazy\" decoding=\"async\" class=\"size-full wp-image-100626\" src=\"https:\/\/i0.wp.com\/eltrabajo.cl\/portal\/wp-content\/uploads\/2020\/07\/Gitanos1.jpg?resize=580%2C358&#038;ssl=1\" alt=\"CARPA MUY DA\u00d1ADA.- Esta es una de las carpas de los gitanos, al momento de visitar Diario El Trabajo el lugar estaban pocos de ellos.\" width=\"580\" height=\"358\" srcset=\"https:\/\/i0.wp.com\/eltrabajo.cl\/portal\/wp-content\/uploads\/2020\/07\/Gitanos1.jpg?w=580&amp;ssl=1 580w, https:\/\/i0.wp.com\/eltrabajo.cl\/portal\/wp-content\/uploads\/2020\/07\/Gitanos1.jpg?resize=300%2C185&amp;ssl=1 300w, https:\/\/i0.wp.com\/eltrabajo.cl\/portal\/wp-content\/uploads\/2020\/07\/Gitanos1.jpg?resize=200%2C123&amp;ssl=1 200w\" sizes=\"auto, (max-width: 580px) 100vw, 580px\" \/><figcaption id=\"caption-attachment-100626\" class=\"wp-caption-text\">CARPA MUY DA\u00d1ADA.- Esta es una de las carpas de los gitanos, al momento de visitar Diario El Trabajo el lugar estaban pocos de ellos.<\/figcaption><\/figure>\n<figure id=\"attachment_100627\" aria-describedby=\"caption-attachment-100627\" style=\"width: 579px\" class=\"wp-caption aligncenter\"><img data-recalc-dims=\"1\" loading=\"lazy\" decoding=\"async\" class=\"size-full wp-image-100627\" src=\"https:\/\/i0.wp.com\/eltrabajo.cl\/portal\/wp-content\/uploads\/2020\/07\/Gitanos_-Carmen-Aristich.jpg?resize=579%2C600&#038;ssl=1\" alt=\"Carmen Aristich Cona, gitana que se siente discriminada por algunos vecinos de La Troya.\" width=\"579\" height=\"600\" srcset=\"https:\/\/i0.wp.com\/eltrabajo.cl\/portal\/wp-content\/uploads\/2020\/07\/Gitanos_-Carmen-Aristich.jpg?w=579&amp;ssl=1 579w, https:\/\/i0.wp.com\/eltrabajo.cl\/portal\/wp-content\/uploads\/2020\/07\/Gitanos_-Carmen-Aristich.jpg?resize=290%2C300&amp;ssl=1 290w, https:\/\/i0.wp.com\/eltrabajo.cl\/portal\/wp-content\/uploads\/2020\/07\/Gitanos_-Carmen-Aristich.jpg?resize=145%2C150&amp;ssl=1 145w\" sizes=\"auto, (max-width: 579px) 100vw, 579px\" \/><figcaption id=\"caption-attachment-100627\" class=\"wp-caption-text\">Carmen Aristich Cona, gitana que se siente discriminada por algunos vecinos de La Troya.<\/figcaption><\/figure>\n","protected":false},"excerpt":{"rendered":"<p>Por la pandemia, no tienen a d\u00f3nde ir y pernoctan en una plaza: Luego que hace unas semanas public\u00e1ramos en nuestro medio el malestar expresado por varios vecinos de La Troya, quienes&#8230;<\/p>\n","protected":false},"author":482,"featured_media":100626,"comment_status":"closed","ping_status":"open","sticky":false,"template":"","format":"standard","meta":{"advanced_seo_description":"","jetpack_seo_html_title":"","jetpack_seo_noindex":false,"_jetpack_memberships_contains_paid_content":false,"footnotes":""},"categories":[15,105],"tags":[],"class_list":["post-100625","post","type-post","status-publish","format-standard","has-post-thumbnail","hentry","category-comunidad","category-covid-19"],"jetpack_featured_media_url":"https:\/\/i0.wp.com\/eltrabajo.cl\/portal\/wp-content\/uploads\/2020\/07\/Gitanos1.jpg?fit=580%2C358&ssl=1","jetpack_sharing_enabled":true,"jetpack_likes_enabled":true,"jetpack-related-posts":[],"_links":{"self":[{"href":"https:\/\/eltrabajo.cl\/portal\/wp-json\/wp\/v2\/posts\/100625","targetHints":{"allow":["GET"]}}],"collection":[{"href":"https:\/\/eltrabajo.cl\/portal\/wp-json\/wp\/v2\/posts"}],"about":[{"href":"https:\/\/eltrabajo.cl\/portal\/wp-json\/wp\/v2\/types\/post"}],"author":[{"embeddable":true,"href":"https:\/\/eltrabajo.cl\/portal\/wp-json\/wp\/v2\/users\/482"}],"replies":[{"embeddable":true,"href":"https:\/\/eltrabajo.cl\/portal\/wp-json\/wp\/v2\/comments?post=100625"}],"version-history":[{"count":0,"href":"https:\/\/eltrabajo.cl\/portal\/wp-json\/wp\/v2\/posts\/100625\/revisions"}],"wp:featuredmedia":[{"embeddable":true,"href":"https:\/\/eltrabajo.cl\/portal\/wp-json\/wp\/v2\/media\/100626"}],"wp:attachment":[{"href":"https:\/\/eltrabajo.cl\/portal\/wp-json\/wp\/v2\/media?parent=100625"}],"wp:term":[{"taxonomy":"category","embeddable":true,"href":"https:\/\/eltrabajo.cl\/portal\/wp-json\/wp\/v2\/categories?post=100625"},{"taxonomy":"post_tag","embeddable":true,"href":"https:\/\/eltrabajo.cl\/portal\/wp-json\/wp\/v2\/tags?post=100625"}],"curies":[{"name":"wp","href":"https:\/\/api.w.org\/{rel}","templated":true}]}}