{"id":100629,"date":"2020-07-15T07:50:45","date_gmt":"2020-07-15T11:50:45","guid":{"rendered":"https:\/\/www.eltrabajo.cl\/portal\/?p=100629"},"modified":"2020-07-14T21:50:42","modified_gmt":"2020-07-15T01:50:42","slug":"denuncian-que-inmobiliaria-no-da-solucion-ante-ataque-de-termitas-a-sus-casas","status":"publish","type":"post","link":"https:\/\/eltrabajo.cl\/portal\/denuncian-que-inmobiliaria-no-da-solucion-ante-ataque-de-termitas-a-sus-casas\/","title":{"rendered":"Denuncian que inmobiliaria no da soluci\u00f3n ante ataque de termitas a sus casas"},"content":{"rendered":"<p style=\"text-align: justify;\"><span style=\"color: #c81400;\"><strong>Vecinas de barrio Las Vizcachas San Esteban:<\/strong><\/span><\/p>\n<p style=\"text-align: justify;\"><strong>Nataly Cortez <\/strong>y<strong> Javiera Gallegos<\/strong> son vecinas y profesionales que pensando cumplir el anhelado sue\u00f1o de la casa propia, decidieron que un lugar lindo para vivir ser\u00eda el barrio Las Vizcachas de San Esteban, pero ese sue\u00f1o, ese proyecto de vida poco a poco se ha ido derrumbando a causa de una plaga de termitas que se est\u00e1n literalmente comiendo sus viviendas. Pero lo peor a\u00fan es que desde la inmobiliaria no han recibido ninguna soluci\u00f3n, s\u00f3lo recomendaciones.<\/p>\n<p style=\"text-align: justify;\">Esta situaci\u00f3n es la que desean hacer p\u00fablica estas vecinas, esperando que con esto tengan una soluci\u00f3n o que m\u00e1s vecinos que pudieran estar con esta dificultad, la denuncien. Ac\u00e1 le dejamos su relato de esta verdadera pesadilla.<\/p>\n<p style=\"text-align: justify;\">\u00ab<em>Queremos contarles que compramos nuestras casas nuevas en mayo del a\u00f1o pasado, casas con segundo piso en un lugar bastante lindo, residencial, y en donde hab\u00edamos pensado que concretar\u00edamos el sue\u00f1o de nuestras vidas\u2026 la casa propia, la cual nos cost\u00f3 much\u00edsimo tener. Con Javiera ten\u00edamos muchas ilusiones puestas ac\u00e1,\u00a0 pero desafortunadamente en marzo de este a\u00f1o, sin haber cumplido ni siquiera un a\u00f1o, nos damos cuenta que nuestras casas ten\u00edan termitas subterr\u00e1neas, esto porque comenzamos a percatarnos que por ejemplo en el acceso principal de la casa, los closet de los dormitorios, en el living, comedor, en los rodones en la parte de los guardapolvos, ten\u00edamos agujeros t\u00edpicos de las termitas\u00bb,<\/em> se\u00f1ala Nataly.<\/p>\n<p style=\"text-align: justify;\">Dice que asustadas recurrieron inmediatamente a la inmobiliaria llamada <strong>Inmovet Ltda.<\/strong>,\u00a0 m\u00e1s conocida como <strong>\u2018Convet\u2019<\/strong>, para que ellos pudieran evaluar los da\u00f1os y corroborar si efectivamente eran termitas: <em>\u00abNos tramitaron durante todo el mes de marzo entre visitas inspectivas, y en el caso de Javiera hasta con el retiro de guardapolvos y rodones para evaluar el da\u00f1o, y nos confirmaron que efectivamente est\u00e1bamos ante la presencia de esta plaga en nuestras casas, pero pese a eso no nos dieron ninguna soluci\u00f3n adecuada al tremendo da\u00f1o que ten\u00edamos y que tenemos; nos persuadieron con que era algo superficial, f\u00e1cil de solucionar y que la forma de arreglar esto era poniendo sobre la superficie da\u00f1ada un l\u00edquido llamado anti termitas, que obviamente y claramente no ser\u00eda ning\u00fan tipo de soluci\u00f3n real al problema que tenemos\u00bb,<\/em> agrega la joven visiblemente afectada.<\/p>\n<p style=\"text-align: justify;\">Se\u00f1ala que pasaron los d\u00edas y entre tr\u00e1mites llegaron hasta el\u00a0 municipio para averiguar sobre esta situaci\u00f3n y determinar qu\u00e9 se pod\u00eda hacer, <em>\u00abpero no resolvimos nada y luego, a trav\u00e9s de la misma jefa de atenci\u00f3n al cliente de la inmobiliaria, ya cuando recurrimos a ella por esto, nos enteramos que la empresa externa fumigadora con la cual ellos trabajaron en estas construcciones, refiere que desde el a\u00f1o 2016 estos terrenos estaban infectados por termitas y que varias localidades de la Quinta Regi\u00f3n tienen este problema, para que de alguna forma no reclam\u00e1ramos por algo que para ellos es com\u00fan en estos terrenos y que en realidad es parte de la Quinta Regi\u00f3n, y que tenemos estas termitas en todo el pa\u00eds y no tenemos que preocuparnos porque es algo com\u00fan, pero eso jam\u00e1s se nos dijo al momento de comprar la casa, nunca nos dijeron que estos eran terrenos infectados, y tampoco ten\u00edamos nosotros como ciertas compradoras de estas casas, no ten\u00edamos que saber de antemano que estos eran terrenos infectados. O sea, si hubi\u00e9ramos sabido, jam\u00e1s hubi\u00e9semos comprado ac\u00e1 tampoco, nosotros compramos porque en realidad es un lugar lindo, porque cuando llegu\u00e9 y por su parte Javiera cuando lleg\u00f3 le gust\u00f3, y este era nuestro sue\u00f1o, nuestra ilusi\u00f3n; hubi\u00e9semos sabido que ten\u00eda termitas realmente no hubi\u00e9ramos comprado\u00bb,<\/em> manifiesta.<\/p>\n<p style=\"text-align: justify;\">Adem\u00e1s ella junto a su vecina Javiera, en el exterior de ambas casas hicieron\u00a0 cobertizos de madera junto a otros arreglos, donde con mucho esfuerzo invirtieron\u00a0 dinero: <em>\u00abEstamos tremendamente asustadas porque sabemos que esos cobertizos de madera terminar\u00e1n siendo comidos por las termitas, sabemos que las termitas se comen la madera, sabemos que destruyen todo lo que sea madera, as\u00ed como el pl\u00e1stico, el yeso cart\u00f3n. En alg\u00fan minuto debido al da\u00f1o que \u00e9stas ocasionan, sabemos que terminar\u00e1n fatigando el material y pueda resultar tremendamente peligroso. Nos preocupa porque cada d\u00eda que pasa tenemos m\u00e1s focos de termitas en nuestra casa, tenemos da\u00f1os en la tabiquer\u00eda, en los muebles, en las murallas, en el techo, en fin, estamos realmente devastadas, nuestras casas debido a esto est\u00e1n adem\u00e1s devaluadas econ\u00f3micamente s\u00f3lo por el hecho de tener termitas, debemos ser honestas, muy honestas que esto realmente nos trajo tremendas p\u00e9rdidas de tiempo. Nos ausentamos de nuestro trabajo para solucionar esto y la inmobiliaria no nos dio ning\u00fan tipo de respuesta a este problema, ninguna respuesta real, ninguna. A\u00fan nos tiene con mucho dolor de cabeza, realmente estamos muy afectadas con Javiera y al d\u00eda de hoy no hemos recibido ninguna respuesta a nuestro tremendo problema\u00bb,<\/em> dijo Nataly.<\/p>\n<p style=\"text-align: justify;\">Ambas j\u00f3venes tambi\u00e9n se mostraron preocupadas porque esta inmobiliaria Inmovet Ltda., est\u00e1 pronto a entregar una tercera etapa de casas; <em>\u00aben estos momentos est\u00e1n sin poder vender ni entregar porque debido a la demanda que pusimos y la medida precautoria de no venta, ellos no pueden hacer nada y aun as\u00ed no quieren entregar soluciones y seguir\u00e1n enga\u00f1ando a personas\u00bb,<\/em> indic\u00f3 Nataly.<\/p>\n<p style=\"text-align: justify;\">Llamamos a un tel\u00e9fono de la vendedora para conocer alguna versi\u00f3n de la empresa, pero no nos contestaron.<\/p>\n<p style=\"text-align: justify;\">Cada casa tiene un valor de 2.600 Unidades de Fomento aproximadamente. Para hacerse una idea, el valor de la UF hoy es igual a 28.684,10 pesos chilenos, por lo que el valor de las viviendas bordea los 75 millones de pesos.<\/p>\n<figure id=\"attachment_100630\" aria-describedby=\"caption-attachment-100630\" style=\"width: 580px\" class=\"wp-caption aligncenter\"><img data-recalc-dims=\"1\" loading=\"lazy\" decoding=\"async\" class=\"size-full wp-image-100630\" src=\"https:\/\/i0.wp.com\/eltrabajo.cl\/portal\/wp-content\/uploads\/2020\/07\/Termitas-Nataly-Cortez.jpg?resize=580%2C360&#038;ssl=1\" alt=\"Nataly Cortez frente a su casa, sue\u00f1o que se est\u00e1 derrumbando a causa de las termitas y de la empresa constructora que no les responde.\" width=\"580\" height=\"360\" srcset=\"https:\/\/i0.wp.com\/eltrabajo.cl\/portal\/wp-content\/uploads\/2020\/07\/Termitas-Nataly-Cortez.jpg?w=580&amp;ssl=1 580w, https:\/\/i0.wp.com\/eltrabajo.cl\/portal\/wp-content\/uploads\/2020\/07\/Termitas-Nataly-Cortez.jpg?resize=300%2C186&amp;ssl=1 300w, https:\/\/i0.wp.com\/eltrabajo.cl\/portal\/wp-content\/uploads\/2020\/07\/Termitas-Nataly-Cortez.jpg?resize=200%2C124&amp;ssl=1 200w\" sizes=\"auto, (max-width: 580px) 100vw, 580px\" \/><figcaption id=\"caption-attachment-100630\" class=\"wp-caption-text\">Nataly Cortez frente a su casa, sue\u00f1o que se est\u00e1 derrumbando a causa de las termitas y de la empresa constructora que no les responde.<\/figcaption><\/figure>\n<figure id=\"attachment_100634\" aria-describedby=\"caption-attachment-100634\" style=\"width: 579px\" class=\"wp-caption aligncenter\"><img data-recalc-dims=\"1\" loading=\"lazy\" decoding=\"async\" class=\"size-full wp-image-100634\" src=\"https:\/\/i0.wp.com\/eltrabajo.cl\/portal\/wp-content\/uploads\/2020\/07\/Termitas-3.jpg?resize=579%2C435&#038;ssl=1\" alt=\"Da\u00f1os ocasionados en la base del muro tambi\u00e9n son atribuidos a las termitas.\" width=\"579\" height=\"435\" srcset=\"https:\/\/i0.wp.com\/eltrabajo.cl\/portal\/wp-content\/uploads\/2020\/07\/Termitas-3.jpg?w=579&amp;ssl=1 579w, https:\/\/i0.wp.com\/eltrabajo.cl\/portal\/wp-content\/uploads\/2020\/07\/Termitas-3.jpg?resize=300%2C225&amp;ssl=1 300w, https:\/\/i0.wp.com\/eltrabajo.cl\/portal\/wp-content\/uploads\/2020\/07\/Termitas-3.jpg?resize=200%2C150&amp;ssl=1 200w\" sizes=\"auto, (max-width: 579px) 100vw, 579px\" \/><figcaption id=\"caption-attachment-100634\" class=\"wp-caption-text\">Da\u00f1os ocasionados en la base del muro tambi\u00e9n son atribuidos a las termitas.<\/figcaption><\/figure>\n<figure id=\"attachment_100635\" aria-describedby=\"caption-attachment-100635\" style=\"width: 580px\" class=\"wp-caption aligncenter\"><img data-recalc-dims=\"1\" loading=\"lazy\" decoding=\"async\" class=\"size-full wp-image-100635\" src=\"https:\/\/i0.wp.com\/eltrabajo.cl\/portal\/wp-content\/uploads\/2020\/07\/Termitas-Javiera-Gallegos.jpg?resize=580%2C598&#038;ssl=1\" alt=\"Javiera Gallegos, vecina de Nataly, cuya casa tambi\u00e9n est\u00e1 afectada por las termitas.\" width=\"580\" height=\"598\" srcset=\"https:\/\/i0.wp.com\/eltrabajo.cl\/portal\/wp-content\/uploads\/2020\/07\/Termitas-Javiera-Gallegos.jpg?w=580&amp;ssl=1 580w, https:\/\/i0.wp.com\/eltrabajo.cl\/portal\/wp-content\/uploads\/2020\/07\/Termitas-Javiera-Gallegos.jpg?resize=291%2C300&amp;ssl=1 291w, https:\/\/i0.wp.com\/eltrabajo.cl\/portal\/wp-content\/uploads\/2020\/07\/Termitas-Javiera-Gallegos.jpg?resize=145%2C150&amp;ssl=1 145w\" sizes=\"auto, (max-width: 580px) 100vw, 580px\" \/><figcaption id=\"caption-attachment-100635\" class=\"wp-caption-text\">Javiera Gallegos, vecina de Nataly, cuya casa tambi\u00e9n est\u00e1 afectada por las termitas.<\/figcaption><\/figure>\n<figure id=\"attachment_100633\" aria-describedby=\"caption-attachment-100633\" style=\"width: 579px\" class=\"wp-caption aligncenter\"><img data-recalc-dims=\"1\" loading=\"lazy\" decoding=\"async\" class=\"size-full wp-image-100633\" src=\"https:\/\/i0.wp.com\/eltrabajo.cl\/portal\/wp-content\/uploads\/2020\/07\/Termitas-2.jpg?resize=579%2C773&#038;ssl=1\" alt=\"Hasta las paredes se han visto afectadas por la acci\u00f3n de estos insectos.\" width=\"579\" height=\"773\" srcset=\"https:\/\/i0.wp.com\/eltrabajo.cl\/portal\/wp-content\/uploads\/2020\/07\/Termitas-2.jpg?w=579&amp;ssl=1 579w, https:\/\/i0.wp.com\/eltrabajo.cl\/portal\/wp-content\/uploads\/2020\/07\/Termitas-2.jpg?resize=225%2C300&amp;ssl=1 225w, https:\/\/i0.wp.com\/eltrabajo.cl\/portal\/wp-content\/uploads\/2020\/07\/Termitas-2.jpg?resize=112%2C150&amp;ssl=1 112w\" sizes=\"auto, (max-width: 579px) 100vw, 579px\" \/><figcaption id=\"caption-attachment-100633\" class=\"wp-caption-text\">Hasta las paredes se han visto afectadas por la acci\u00f3n de estos insectos.<\/figcaption><\/figure>\n<figure id=\"attachment_100632\" aria-describedby=\"caption-attachment-100632\" style=\"width: 579px\" class=\"wp-caption aligncenter\"><img data-recalc-dims=\"1\" loading=\"lazy\" decoding=\"async\" class=\"size-full wp-image-100632\" src=\"https:\/\/i0.wp.com\/eltrabajo.cl\/portal\/wp-content\/uploads\/2020\/07\/Termitas.jpg?resize=579%2C773&#038;ssl=1\" alt=\"En la imagen las peque\u00f1as pero peligrosas termitas en la pared de la vivienda.\" width=\"579\" height=\"773\" srcset=\"https:\/\/i0.wp.com\/eltrabajo.cl\/portal\/wp-content\/uploads\/2020\/07\/Termitas.jpg?w=579&amp;ssl=1 579w, https:\/\/i0.wp.com\/eltrabajo.cl\/portal\/wp-content\/uploads\/2020\/07\/Termitas.jpg?resize=225%2C300&amp;ssl=1 225w, https:\/\/i0.wp.com\/eltrabajo.cl\/portal\/wp-content\/uploads\/2020\/07\/Termitas.jpg?resize=112%2C150&amp;ssl=1 112w\" sizes=\"auto, (max-width: 579px) 100vw, 579px\" \/><figcaption id=\"caption-attachment-100632\" class=\"wp-caption-text\">En la imagen las peque\u00f1as pero peligrosas termitas en la pared de la vivienda.<\/figcaption><\/figure>\n<figure id=\"attachment_100631\" aria-describedby=\"caption-attachment-100631\" style=\"width: 579px\" class=\"wp-caption aligncenter\"><img data-recalc-dims=\"1\" loading=\"lazy\" decoding=\"async\" class=\"size-full wp-image-100631\" src=\"https:\/\/i0.wp.com\/eltrabajo.cl\/portal\/wp-content\/uploads\/2020\/07\/Termitas-Piso.jpg?resize=579%2C773&#038;ssl=1\" alt=\"El da\u00f1o en los guardapolvos es evidente, por lo que no es de extra\u00f1ar que en los tabiques est\u00e9 sucediendo algo similar.\" width=\"579\" height=\"773\" srcset=\"https:\/\/i0.wp.com\/eltrabajo.cl\/portal\/wp-content\/uploads\/2020\/07\/Termitas-Piso.jpg?w=579&amp;ssl=1 579w, https:\/\/i0.wp.com\/eltrabajo.cl\/portal\/wp-content\/uploads\/2020\/07\/Termitas-Piso.jpg?resize=225%2C300&amp;ssl=1 225w, https:\/\/i0.wp.com\/eltrabajo.cl\/portal\/wp-content\/uploads\/2020\/07\/Termitas-Piso.jpg?resize=112%2C150&amp;ssl=1 112w\" sizes=\"auto, (max-width: 579px) 100vw, 579px\" \/><figcaption id=\"caption-attachment-100631\" class=\"wp-caption-text\">El da\u00f1o en los guardapolvos es evidente, por lo que no es de extra\u00f1ar que en los tabiques est\u00e9 sucediendo algo similar.<\/figcaption><\/figure>\n","protected":false},"excerpt":{"rendered":"<p>Vecinas de barrio Las Vizcachas San Esteban: Nataly Cortez y Javiera Gallegos son vecinas y profesionales que pensando cumplir el anhelado sue\u00f1o de la casa propia, decidieron que un lugar lindo para&#8230;<\/p>\n","protected":false},"author":482,"featured_media":100630,"comment_status":"closed","ping_status":"open","sticky":false,"template":"","format":"standard","meta":{"advanced_seo_description":"","jetpack_seo_html_title":"","jetpack_seo_noindex":false,"_jetpack_memberships_contains_paid_content":false,"footnotes":""},"categories":[15],"tags":[],"class_list":["post-100629","post","type-post","status-publish","format-standard","has-post-thumbnail","hentry","category-comunidad"],"jetpack_featured_media_url":"https:\/\/i0.wp.com\/eltrabajo.cl\/portal\/wp-content\/uploads\/2020\/07\/Termitas-Nataly-Cortez.jpg?fit=580%2C360&ssl=1","jetpack_sharing_enabled":true,"jetpack_likes_enabled":true,"jetpack-related-posts":[],"_links":{"self":[{"href":"https:\/\/eltrabajo.cl\/portal\/wp-json\/wp\/v2\/posts\/100629","targetHints":{"allow":["GET"]}}],"collection":[{"href":"https:\/\/eltrabajo.cl\/portal\/wp-json\/wp\/v2\/posts"}],"about":[{"href":"https:\/\/eltrabajo.cl\/portal\/wp-json\/wp\/v2\/types\/post"}],"author":[{"embeddable":true,"href":"https:\/\/eltrabajo.cl\/portal\/wp-json\/wp\/v2\/users\/482"}],"replies":[{"embeddable":true,"href":"https:\/\/eltrabajo.cl\/portal\/wp-json\/wp\/v2\/comments?post=100629"}],"version-history":[{"count":0,"href":"https:\/\/eltrabajo.cl\/portal\/wp-json\/wp\/v2\/posts\/100629\/revisions"}],"wp:featuredmedia":[{"embeddable":true,"href":"https:\/\/eltrabajo.cl\/portal\/wp-json\/wp\/v2\/media\/100630"}],"wp:attachment":[{"href":"https:\/\/eltrabajo.cl\/portal\/wp-json\/wp\/v2\/media?parent=100629"}],"wp:term":[{"taxonomy":"category","embeddable":true,"href":"https:\/\/eltrabajo.cl\/portal\/wp-json\/wp\/v2\/categories?post=100629"},{"taxonomy":"post_tag","embeddable":true,"href":"https:\/\/eltrabajo.cl\/portal\/wp-json\/wp\/v2\/tags?post=100629"}],"curies":[{"name":"wp","href":"https:\/\/api.w.org\/{rel}","templated":true}]}}