{"id":100637,"date":"2020-07-15T07:55:25","date_gmt":"2020-07-15T11:55:25","guid":{"rendered":"https:\/\/www.eltrabajo.cl\/portal\/?p=100637"},"modified":"2020-07-15T10:00:58","modified_gmt":"2020-07-15T14:00:58","slug":"familia-sorprendida-por-bala-loca-que-cayo-en-el-segundo-piso-de-su-casa","status":"publish","type":"post","link":"https:\/\/eltrabajo.cl\/portal\/familia-sorprendida-por-bala-loca-que-cayo-en-el-segundo-piso-de-su-casa\/","title":{"rendered":"Familia sorprendida por \u2018bala loca\u2019 que cay\u00f3 en el segundo piso de su casa"},"content":{"rendered":"<p style=\"text-align: justify;\"><span style=\"color: #c81400;\"><strong>Villa La Estancia:<\/strong><\/span><\/p>\n<p style=\"text-align: justify;\">La noche de este lunes un grupo de vecinos de Villa El Se\u00f1orial se manifest\u00f3 en la v\u00eda p\u00fablica porque no han recibido las cajas de mercader\u00eda que ofreci\u00f3 el gobierno, situaci\u00f3n que la municipalidad de San Felipe anunci\u00f3 que solucionar\u00eda. Esto mantiene muy molestos a los vecinos porque se piensa a menudos que son personas pudientes, no obstante hay familias del sector que lo est\u00e1n pasando bastante mal producto de la pandemia.<\/p>\n<p style=\"text-align: justify;\">Mientras todo eso pasaba, la familia de <strong>Tiare Maldonado<\/strong> que vive en la Villa La Estancia, estaba tranquila en su casa cuando de pronto sintieron un ruido fuerte en el techo. Pensaron que eran gatos peleando o que hab\u00eda ca\u00eddo una piedra. Sin embargo, al verificar la situaci\u00f3n se dieron cuenta que se trataba literalmente de una <strong>\u2018bala loca\u2019<\/strong>.<\/p>\n<p style=\"text-align: justify;\">As\u00ed lo indic\u00f3 la propia afectada, Tiare Maldonado, a Radio Aconcagua, quien al referirse a esta situaci\u00f3n se\u00f1al\u00f3 que <em>\u00abla manifestaci\u00f3n estaba en la Villa El Se\u00f1orial, estaba como m\u00e1s descontrolada que en la m\u00eda, porque nosotros est\u00e1bamos haciendo una manifestaci\u00f3n con los otros vecinos desde sus casas. Por lo que se escuchaba nosotros no quisimos salir ni tampoco hacer ning\u00fan acto respectivo digamos de lo que estaban haciendo. Est\u00e1bamos tranquilos ac\u00e1 y de repente sentimos un ruido fuerte en el techo, y cuando se sinti\u00f3 dijimos no s\u00e9, puede haber sido un gato que se cay\u00f3, que est\u00e1n peleando o una piedra, pero nunca cre\u00edmos que fue una bala. Entonces fuimos a ver qu\u00e9 hab\u00eda sido, porque est\u00e1bamos todos,\u00a0 como familia que somos tres, viendo una pel\u00edcula. De repente fuimos a ver una pieza que estaba en el primer piso, no hab\u00eda nada,\u00a0 y mi mam\u00e1 subi\u00f3 al segundo piso, ah\u00ed estaba el impacto de bala que perfor\u00f3 el techo y cay\u00f3 en el suelo\u00bb,<\/em> se\u00f1al\u00f3 Tiare.<\/p>\n<p style=\"text-align: justify;\">Dice que la bala qued\u00f3 en su poder.<\/p>\n<p style=\"text-align: justify;\">Comenta que llamaron al plan cuadrante, pero Carabineros se demor\u00f3 una hora en llegar al domicilio; <em>\u00abcuando llegaron vieron la perforaci\u00f3n que estaba en el techo, tomaron una foto, revisaron el casquillo y nos dijeron si quer\u00edamos hacer alguna denuncia, pero la denuncia no sirve mucho hacerla porque pregunta qui\u00e9n podr\u00eda haber sido el posible autor del disparo, entonces lo m\u00e1s que sabemos nosotros que es una bala loca, no tenemos raz\u00f3n de quien la haya disparado, incluso yo le dije, porque trabajo en un banco, tengo conciencia de los casquillos que poseen los vigilantes, m\u00e1s o menos entiendo del tema y \u00e9l mismo nos dijo -era un carabinero relativamente joven- que no era un casquillo de Carabineros; nos mostr\u00f3 las mismas balas que ellos poseen en sus armamentos y no es similar, incluso nos explic\u00f3 la que ellos poseen es una bala que al chocar se revienta y \u00e9sta no, es una bala de cobre que perfor\u00f3 el techo por eso cruz\u00f3 toda la l\u00ednea\u00bb,<\/em> dijo Tan\u00eda.<\/p>\n<p style=\"text-align: justify;\">Confirma que la bala que usa Carabineros en m\u00e1s grande a la que entr\u00f3 a su casa.<\/p>\n<p style=\"text-align: justify;\">Carabineros les explic\u00f3 que todo lo que sube tiene que bajar, por lo que <em>\u00aba lo mejor alg\u00fan vecino o persona que estuvo protestando cerca del Se\u00f1orial dispar\u00f3 directamente al aire y donde esto subi\u00f3, tom\u00f3 fuerza y lleg\u00f3 ac\u00e1 a La Estancia\u00bb,<\/em> se\u00f1al\u00f3.<\/p>\n<p style=\"text-align: justify;\">Reconoce que si la \u2018bala loca\u2019 hubiera alcanzado el primer piso, podr\u00eda haberle llegado a uno de ellos porque estaban m\u00e1s propensos en ese momento.<\/p>\n<figure id=\"attachment_100638\" aria-describedby=\"caption-attachment-100638\" style=\"width: 580px\" class=\"wp-caption aligncenter\"><img data-recalc-dims=\"1\" loading=\"lazy\" decoding=\"async\" class=\"size-full wp-image-100638\" src=\"https:\/\/i0.wp.com\/eltrabajo.cl\/portal\/wp-content\/uploads\/2020\/07\/Bala-3.jpg?resize=580%2C358&#038;ssl=1\" alt=\"Esta es la \u2018bala loca\u2019 que sorprendi\u00f3 a una familia de Villa La Estancia.\" width=\"580\" height=\"358\" srcset=\"https:\/\/i0.wp.com\/eltrabajo.cl\/portal\/wp-content\/uploads\/2020\/07\/Bala-3.jpg?w=580&amp;ssl=1 580w, https:\/\/i0.wp.com\/eltrabajo.cl\/portal\/wp-content\/uploads\/2020\/07\/Bala-3.jpg?resize=300%2C185&amp;ssl=1 300w, https:\/\/i0.wp.com\/eltrabajo.cl\/portal\/wp-content\/uploads\/2020\/07\/Bala-3.jpg?resize=200%2C123&amp;ssl=1 200w\" sizes=\"auto, (max-width: 580px) 100vw, 580px\" \/><figcaption id=\"caption-attachment-100638\" class=\"wp-caption-text\">Esta es la \u2018bala loca\u2019 que sorprendi\u00f3 a una familia de Villa La Estancia.<\/figcaption><\/figure>\n<figure id=\"attachment_100639\" aria-describedby=\"caption-attachment-100639\" style=\"width: 578px\" class=\"wp-caption aligncenter\"><img data-recalc-dims=\"1\" loading=\"lazy\" decoding=\"async\" class=\"size-full wp-image-100639\" src=\"https:\/\/i0.wp.com\/eltrabajo.cl\/portal\/wp-content\/uploads\/2020\/07\/Bala...jpg?resize=578%2C360&#038;ssl=1\" alt=\"La bala qued\u00f3 en el suelo despu\u00e9s de perforar el techo y cielo del inmueble.\" width=\"578\" height=\"360\" srcset=\"https:\/\/i0.wp.com\/eltrabajo.cl\/portal\/wp-content\/uploads\/2020\/07\/Bala...jpg?w=578&amp;ssl=1 578w, https:\/\/i0.wp.com\/eltrabajo.cl\/portal\/wp-content\/uploads\/2020\/07\/Bala...jpg?resize=300%2C187&amp;ssl=1 300w, https:\/\/i0.wp.com\/eltrabajo.cl\/portal\/wp-content\/uploads\/2020\/07\/Bala...jpg?resize=200%2C125&amp;ssl=1 200w\" sizes=\"auto, (max-width: 578px) 100vw, 578px\" \/><figcaption id=\"caption-attachment-100639\" class=\"wp-caption-text\">La bala qued\u00f3 en el suelo despu\u00e9s de perforar el techo y cielo del inmueble.<\/figcaption><\/figure>\n<figure id=\"attachment_100640\" aria-describedby=\"caption-attachment-100640\" style=\"width: 580px\" class=\"wp-caption aligncenter\"><img data-recalc-dims=\"1\" loading=\"lazy\" decoding=\"async\" class=\"size-full wp-image-100640\" src=\"https:\/\/i0.wp.com\/eltrabajo.cl\/portal\/wp-content\/uploads\/2020\/07\/Bala-2.jpg?resize=580%2C360&#038;ssl=1\" alt=\"El proyectil tambi\u00e9n perfor\u00f3 la tabiquer\u00eda.\" width=\"580\" height=\"360\" srcset=\"https:\/\/i0.wp.com\/eltrabajo.cl\/portal\/wp-content\/uploads\/2020\/07\/Bala-2.jpg?w=580&amp;ssl=1 580w, https:\/\/i0.wp.com\/eltrabajo.cl\/portal\/wp-content\/uploads\/2020\/07\/Bala-2.jpg?resize=300%2C186&amp;ssl=1 300w, https:\/\/i0.wp.com\/eltrabajo.cl\/portal\/wp-content\/uploads\/2020\/07\/Bala-2.jpg?resize=200%2C124&amp;ssl=1 200w\" sizes=\"auto, (max-width: 580px) 100vw, 580px\" \/><figcaption id=\"caption-attachment-100640\" class=\"wp-caption-text\">El proyectil tambi\u00e9n perfor\u00f3 la tabiquer\u00eda.<\/figcaption><\/figure>\n","protected":false},"excerpt":{"rendered":"<p>Villa La Estancia: La noche de este lunes un grupo de vecinos de Villa El Se\u00f1orial se manifest\u00f3 en la v\u00eda p\u00fablica porque no han recibido las cajas de mercader\u00eda que ofreci\u00f3&#8230;<\/p>\n","protected":false},"author":482,"featured_media":100638,"comment_status":"closed","ping_status":"open","sticky":false,"template":"","format":"standard","meta":{"advanced_seo_description":"","jetpack_seo_html_title":"","jetpack_seo_noindex":false,"_jetpack_memberships_contains_paid_content":false,"footnotes":""},"categories":[15],"tags":[],"class_list":["post-100637","post","type-post","status-publish","format-standard","has-post-thumbnail","hentry","category-comunidad"],"jetpack_featured_media_url":"https:\/\/i0.wp.com\/eltrabajo.cl\/portal\/wp-content\/uploads\/2020\/07\/Bala-3.jpg?fit=580%2C358&ssl=1","jetpack_sharing_enabled":true,"jetpack_likes_enabled":true,"jetpack-related-posts":[],"_links":{"self":[{"href":"https:\/\/eltrabajo.cl\/portal\/wp-json\/wp\/v2\/posts\/100637","targetHints":{"allow":["GET"]}}],"collection":[{"href":"https:\/\/eltrabajo.cl\/portal\/wp-json\/wp\/v2\/posts"}],"about":[{"href":"https:\/\/eltrabajo.cl\/portal\/wp-json\/wp\/v2\/types\/post"}],"author":[{"embeddable":true,"href":"https:\/\/eltrabajo.cl\/portal\/wp-json\/wp\/v2\/users\/482"}],"replies":[{"embeddable":true,"href":"https:\/\/eltrabajo.cl\/portal\/wp-json\/wp\/v2\/comments?post=100637"}],"version-history":[{"count":0,"href":"https:\/\/eltrabajo.cl\/portal\/wp-json\/wp\/v2\/posts\/100637\/revisions"}],"wp:featuredmedia":[{"embeddable":true,"href":"https:\/\/eltrabajo.cl\/portal\/wp-json\/wp\/v2\/media\/100638"}],"wp:attachment":[{"href":"https:\/\/eltrabajo.cl\/portal\/wp-json\/wp\/v2\/media?parent=100637"}],"wp:term":[{"taxonomy":"category","embeddable":true,"href":"https:\/\/eltrabajo.cl\/portal\/wp-json\/wp\/v2\/categories?post=100637"},{"taxonomy":"post_tag","embeddable":true,"href":"https:\/\/eltrabajo.cl\/portal\/wp-json\/wp\/v2\/tags?post=100637"}],"curies":[{"name":"wp","href":"https:\/\/api.w.org\/{rel}","templated":true}]}}