{"id":100642,"date":"2020-07-15T08:00:25","date_gmt":"2020-07-15T12:00:25","guid":{"rendered":"https:\/\/www.eltrabajo.cl\/portal\/?p=100642"},"modified":"2020-07-14T22:13:50","modified_gmt":"2020-07-15T02:13:50","slug":"vecinos-en-villa-250-anos-reconocen-vivir-intimidados-por-narcos-en-su-barrio","status":"publish","type":"post","link":"https:\/\/eltrabajo.cl\/portal\/vecinos-en-villa-250-anos-reconocen-vivir-intimidados-por-narcos-en-su-barrio\/","title":{"rendered":"Vecinos en Villa 250 A\u00f1os reconocen vivir \u2018intimidados\u2019 por narcos en su barrio"},"content":{"rendered":"<p style=\"text-align: justify;\"><span style=\"color: #c81400;\"><strong>Entrevista protegida revela la dura vida en el sector:<\/strong><\/span><\/p>\n<p style=\"text-align: justify;\">Conozca hoy c\u00f3mo lloran los ni\u00f1os en cada balacera narco en este barrio. Vecino asegura que desde muy chicos caen algunos ni\u00f1os en las drogas. Ni\u00f1as chicas caen en la prostituci\u00f3n una vez enganchadas a las sustancias. Tres familias controlar\u00edan todo el accionar en complejo sector de nuestra comuna.<\/p>\n<p style=\"text-align: justify;\">Hoy en <strong>Diario El Trabajo<\/strong> hacemos una <strong>Entrega Especial<\/strong> a nuestros lectores, trabajo period\u00edstico que busca entender c\u00f3mo logran muchas familias sobrevivir emocional, f\u00edsica y psicol\u00f3gicamente en Villa 250 A\u00f1os, frente a los permanentes enfrentamientos armados que protagonizan algunas personas con regularidad en ese sector de nuestra comuna.<\/p>\n<p style=\"text-align: justify;\">\n<p style=\"text-align: justify;\"><span style=\"color: #c81400;\"><strong>A SOLAS CON \u2018AN\u00d3NIMO\u2019<\/strong><\/span><\/p>\n<p style=\"text-align: justify;\">Para lograr conocer esta realidad, invisible para muchas personas, este martes logramos sostener una entrevista secreta con un vecino de la propia poblaci\u00f3n en cuesti\u00f3n, quien acept\u00f3 ser grabado en Exclusiva para nuestro medio, con quien a su vez acordamos no revelar su nombre verdadero, pues su vida correr\u00eda peligro y la de toda su familia. Para efectos de identificarle para esta conversaci\u00f3n, le llamaremos \u2018<strong>An\u00f3nimo<\/strong>\u2019.<\/p>\n<p style=\"text-align: justify;\">&#8211; <strong>\u00bfC\u00f3mo es la vida para los vecinos de Villa 250 A\u00f1os, para las familias que no participan en la violencia que se genera en ese sector?<\/strong><\/p>\n<p style=\"text-align: justify;\">&#8211; Es demasiado complicado. El tema es cuando uno sale a trabajar, a veces los problemas empiezan en la ma\u00f1ana, empiezan los balazos, se arriesga la gente a que les llegue una \u2018bala loca\u2019. El otro tema es que en las noches no dejan dormir porque como en la poblaci\u00f3n se vende droga y est\u00e1n toda la noche metiendo bulla, hay peleas y no dejan dormir, entonces al otro d\u00eda hay que salir a trabajar de todas formas y lamentablemente no vemos otra opci\u00f3n de salir de esta poblaci\u00f3n por el tema econ\u00f3mico.<\/p>\n<p style=\"text-align: justify;\">&#8211; <strong>\u00bfUstedes a los ni\u00f1os les explican la realidad en la que viven, saben los ni\u00f1os en qu\u00e9 sectores no deben jugar o transitar?<\/strong><\/p>\n<p style=\"text-align: justify;\">&#8211; Claro que s\u00ed, por lo general los vecinos que nada tenemos que ver con este tema, mantenemos a nuestros hijos encerrados, lamentablemente nuestros ni\u00f1os en el barrio no viven una infancia como corresponde, a\u00fan as\u00ed es que ellos ven la realidad al salir a un negocio o al salir a la escuela, ellos ven la realidad de todas formas, ellos ven a la gente drog\u00e1ndose y embriag\u00e1ndose en las esquinas, inclusive ni\u00f1as que han llegado a la poblaci\u00f3n, jovencitas muy bonitas y despu\u00e9s se meten en la droga y ya los vecinos ni las reconocemos como terminan en sus vidas.<\/p>\n<p style=\"text-align: justify;\">&#8211; <strong>\u00bfSe prostituyen con los narcos estas chicas que entran en la adicci\u00f3n?<\/strong><\/p>\n<p style=\"text-align: justify;\">&#8211; Ni siquiera con los narcos, se prostituyen pues ya adictas, a quien les ofrezca dinero para ellas mantener su vicio, con esa persona se van las ni\u00f1as.<\/p>\n<p style=\"text-align: justify;\">&#8211; <strong>\u00bfHay muchos puntos donde venden drogas en Villa 250 A\u00f1os?<\/strong><\/p>\n<p style=\"text-align: justify;\">&#8211; El tema es que ac\u00e1 son ciertas personas, no es todo el sector, lo que pasa es que a todos en el barrio nos estigmatizan, pero si yo le digo que se vende droga en 20 puntos, puede ser incluso poco.<\/p>\n<p style=\"text-align: justify;\">&#8211; <strong>\u00bfCu\u00e1les son las drogas que se venden en esta poblaci\u00f3n?<\/strong><\/p>\n<p style=\"text-align: justify;\">&#8211; Coca\u00edna, pasta base y marihuana, de momento de esas drogas los vecinos sabemos que hay en el barrio.<\/p>\n<p style=\"text-align: justify;\">&#8211; <strong>\u00bfUstedes los vecinos reciben alg\u00fan tipo de amenaza sutil o directa para guardar silencio de las cosas que saben de ellos?<\/strong><\/p>\n<p style=\"text-align: justify;\">&#8211; S\u00ed porque hay mucho arsenal, muchas armas de fuego, entonces eso ya es un miedo para nosotros como vecinos, como familias, s\u00f3lo el hecho de saber que hay tantas armas en el barrio, con s\u00f3lo eso nos intimidan, ni tienen que enca\u00f1onarnos para hacer que estemos intimidados. Lo que pasa es que s\u00ed hay familias que son muy agresivas y ante cualquier situaci\u00f3n atacan a los vecinos con garabatos e insultos van y vienen, y muchas veces han sacado sus armas para mostrarlas entonces eso intimida a cualquiera.<\/p>\n<p style=\"text-align: justify;\">&#8211; <strong>\u00bfAdem\u00e1s de los 20 puntos de venta de droga en el barrio, se supone entonces que hay m\u00e1s de un c\u00e1rtel o narcofamilias que controlan todo esto?<\/strong><\/p>\n<p style=\"text-align: justify;\">&#8211; S\u00ed, deben haber tres al vuelo, as\u00ed son como tres. Ellos no se ponen nombre de c\u00e1rtel ni nada, solamente se dan a conocer con los apellidos de su Familia, as\u00ed se dan a conocer.<\/p>\n<p style=\"text-align: justify;\">&#8211; <strong>\u00bfC\u00f3mo reaccionaron los ni\u00f1os este fin de semana con los enfrentamientos a balazos y los incendios, se pusieron a llorar?<\/strong><\/p>\n<p style=\"text-align: justify;\">&#8211; S\u00ed, los ni\u00f1os lloran, se angustian demasiado porque esta no es una situaci\u00f3n normal. Aunque vivamos en este sector y ver que se matan entre ellos, para los ni\u00f1os es demasiado traum\u00e1tico, entonces nadie est\u00e1 mirando ese tema tambi\u00e9n por parte de la Justicia. En cuanto a los ni\u00f1os, ellos necesitan protecci\u00f3n, ya desde hace a\u00f1os que esto se repite, muchos de estos ni\u00f1os despu\u00e9s caen en la misma adicci\u00f3n que los lleva a convertirse en delincuentes tambi\u00e9n; no todos caen, pero s\u00ed una gran mayor\u00eda.<\/p>\n<p style=\"text-align: justify;\">&#8211; <strong>\u00bfSenda Previene, Carabineros u otra instituci\u00f3n del Gobierno interviene de alguna forma para dar acompa\u00f1amiento a estos ni\u00f1os o bien a ustedes como familias afectadas?<\/strong><\/p>\n<p style=\"text-align: justify;\">&#8211; Lo que pasa es que nadie toma esas intervenciones en cuenta, a la gente ya no le interesa. El problema tambi\u00e9n radica en las autoridades, tienen todo en sus manos para hacer algo y no lo hacen, no s\u00e9 si por temor o porque exista \u2018algo\u2019 en el medio, lo cierto es que nunca las autoridades han tomado el control de la situaci\u00f3n, y se puede, si es una poblaci\u00f3n chica igual, no es una cosa grande, pucha que vaya a quedar la grande, se puede hacer algo, con Fuerzas Especiales se podr\u00eda hacer algo.<\/p>\n<p style=\"text-align: justify;\">&#8211; <strong>\u00bfC\u00f3mo llegan a tener contacto los ni\u00f1os en edad escolar con las drogas?<\/strong><\/p>\n<p style=\"text-align: justify;\">&#8211; Ese es otro tema, muchas veces cuando los ni\u00f1os van a estudiar y cuando las familias llevan a sus hijos, ocurre que en alg\u00fan momento les ofrecen droga a los m\u00e1s chicos. Hay demasiados ni\u00f1os en la escuela y del barrio que consumen drogas, por ejemplo como este ni\u00f1o que mataron el domingo, era un menor de edad, como \u00e9l hay muchos que desde muy chicos empiezan con este tema, y hay m\u00e1s ni\u00f1os metidos en la droga, en el barrio vemos tambi\u00e9n a ni\u00f1os chicos, de 10 a\u00f1os de edad, manejando motos y autos robados; es demasiado esta situaci\u00f3n.<\/p>\n<p style=\"text-align: justify;\"><strong>Roberto Gonz\u00e1lez Short<\/strong><\/p>\n<figure id=\"attachment_100645\" aria-describedby=\"caption-attachment-100645\" style=\"width: 580px\" class=\"wp-caption aligncenter\"><img data-recalc-dims=\"1\" loading=\"lazy\" decoding=\"async\" class=\"size-full wp-image-100645\" src=\"https:\/\/i0.wp.com\/eltrabajo.cl\/portal\/wp-content\/uploads\/2020\/07\/Anonimo2.jpg?resize=580%2C358&#038;ssl=1\" alt=\"VECINOS INTIMIDADOS.- Este domingo corri\u00f3 la sangre en Villa 250 A\u00f1os a ra\u00edz de enfrentamientos a balazos, luego de ellos varias casas fueron incendiadas en represalia.\" width=\"580\" height=\"358\" srcset=\"https:\/\/i0.wp.com\/eltrabajo.cl\/portal\/wp-content\/uploads\/2020\/07\/Anonimo2.jpg?w=580&amp;ssl=1 580w, https:\/\/i0.wp.com\/eltrabajo.cl\/portal\/wp-content\/uploads\/2020\/07\/Anonimo2.jpg?resize=300%2C185&amp;ssl=1 300w, https:\/\/i0.wp.com\/eltrabajo.cl\/portal\/wp-content\/uploads\/2020\/07\/Anonimo2.jpg?resize=200%2C123&amp;ssl=1 200w\" sizes=\"auto, (max-width: 580px) 100vw, 580px\" \/><figcaption id=\"caption-attachment-100645\" class=\"wp-caption-text\">VECINOS INTIMIDADOS.- Este domingo corri\u00f3 la sangre en Villa 250 A\u00f1os a ra\u00edz de enfrentamientos a balazos, luego de ellos varias casas fueron incendiadas en represalia.<\/figcaption><\/figure>\n<figure id=\"attachment_100644\" aria-describedby=\"caption-attachment-100644\" style=\"width: 579px\" class=\"wp-caption aligncenter\"><img data-recalc-dims=\"1\" loading=\"lazy\" decoding=\"async\" class=\"size-full wp-image-100644\" src=\"https:\/\/i0.wp.com\/eltrabajo.cl\/portal\/wp-content\/uploads\/2020\/07\/Anonimo1.jpg?resize=579%2C600&#038;ssl=1\" alt=\"IDENTIDAD PROTEGIDA.- Un vecino de Villa 250 A\u00f1os habl\u00f3 en Exclusiva con Diario El Trabajo sobre lo que deben vivir diariamente en ese lugar. (Foto Referencial)\" width=\"579\" height=\"600\" srcset=\"https:\/\/i0.wp.com\/eltrabajo.cl\/portal\/wp-content\/uploads\/2020\/07\/Anonimo1.jpg?w=579&amp;ssl=1 579w, https:\/\/i0.wp.com\/eltrabajo.cl\/portal\/wp-content\/uploads\/2020\/07\/Anonimo1.jpg?resize=290%2C300&amp;ssl=1 290w, https:\/\/i0.wp.com\/eltrabajo.cl\/portal\/wp-content\/uploads\/2020\/07\/Anonimo1.jpg?resize=145%2C150&amp;ssl=1 145w\" sizes=\"auto, (max-width: 579px) 100vw, 579px\" \/><figcaption id=\"caption-attachment-100644\" class=\"wp-caption-text\">IDENTIDAD PROTEGIDA.- Un vecino de Villa 250 A\u00f1os habl\u00f3 en Exclusiva con Diario El Trabajo sobre lo que deben vivir diariamente en ese lugar. (Foto Referencial)<\/figcaption><\/figure>\n","protected":false},"excerpt":{"rendered":"<p>Entrevista protegida revela la dura vida en el sector: Conozca hoy c\u00f3mo lloran los ni\u00f1os en cada balacera narco en este barrio. Vecino asegura que desde muy chicos caen algunos ni\u00f1os en&#8230;<\/p>\n","protected":false},"author":482,"featured_media":100643,"comment_status":"closed","ping_status":"open","sticky":false,"template":"","format":"standard","meta":{"advanced_seo_description":"","jetpack_seo_html_title":"","jetpack_seo_noindex":false,"_jetpack_memberships_contains_paid_content":false,"footnotes":""},"categories":[15],"tags":[],"class_list":["post-100642","post","type-post","status-publish","format-standard","has-post-thumbnail","hentry","category-comunidad"],"jetpack_featured_media_url":"https:\/\/i0.wp.com\/eltrabajo.cl\/portal\/wp-content\/uploads\/2020\/07\/Anonimo1-copia.jpg?fit=580%2C359&ssl=1","jetpack_sharing_enabled":true,"jetpack_likes_enabled":true,"jetpack-related-posts":[],"_links":{"self":[{"href":"https:\/\/eltrabajo.cl\/portal\/wp-json\/wp\/v2\/posts\/100642","targetHints":{"allow":["GET"]}}],"collection":[{"href":"https:\/\/eltrabajo.cl\/portal\/wp-json\/wp\/v2\/posts"}],"about":[{"href":"https:\/\/eltrabajo.cl\/portal\/wp-json\/wp\/v2\/types\/post"}],"author":[{"embeddable":true,"href":"https:\/\/eltrabajo.cl\/portal\/wp-json\/wp\/v2\/users\/482"}],"replies":[{"embeddable":true,"href":"https:\/\/eltrabajo.cl\/portal\/wp-json\/wp\/v2\/comments?post=100642"}],"version-history":[{"count":0,"href":"https:\/\/eltrabajo.cl\/portal\/wp-json\/wp\/v2\/posts\/100642\/revisions"}],"wp:featuredmedia":[{"embeddable":true,"href":"https:\/\/eltrabajo.cl\/portal\/wp-json\/wp\/v2\/media\/100643"}],"wp:attachment":[{"href":"https:\/\/eltrabajo.cl\/portal\/wp-json\/wp\/v2\/media?parent=100642"}],"wp:term":[{"taxonomy":"category","embeddable":true,"href":"https:\/\/eltrabajo.cl\/portal\/wp-json\/wp\/v2\/categories?post=100642"},{"taxonomy":"post_tag","embeddable":true,"href":"https:\/\/eltrabajo.cl\/portal\/wp-json\/wp\/v2\/tags?post=100642"}],"curies":[{"name":"wp","href":"https:\/\/api.w.org\/{rel}","templated":true}]}}