{"id":100652,"date":"2020-07-15T19:37:29","date_gmt":"2020-07-15T23:37:29","guid":{"rendered":"https:\/\/www.eltrabajo.cl\/portal\/?p=100652"},"modified":"2020-07-15T19:37:29","modified_gmt":"2020-07-15T23:37:29","slug":"un-bus-y-dos-casas-resultaron-afectadas-en-dos-incendios-la-noche-del-martes","status":"publish","type":"post","link":"https:\/\/eltrabajo.cl\/portal\/un-bus-y-dos-casas-resultaron-afectadas-en-dos-incendios-la-noche-del-martes\/","title":{"rendered":"Un bus y dos casas resultaron afectadas en dos incendios la noche del martes"},"content":{"rendered":"<p style=\"text-align: justify;\">Un bus que estaba estacionado en la avenida Santa Teresa, al costado de los departamentos Sargento Aldea, result\u00f3 pr\u00e1cticamente consumido en su totalidad por el fuego. Este hecho se produjo el martes a eso de las 22:30 horas, donde adem\u00e1s hubo barricadas. Todo en la antesala de la discusi\u00f3n del proyecto para el retiro del 10% de las AFP en la C\u00e1mara de Diputados. Al lugar concurri\u00f3 personal de Bomberos de San Felipe. Mientras que en horas de la madrugada, en calle Dardignac, otro siniestro ocurri\u00f3 que afect\u00f3 a dos viviendas que se quemaron en un 80% aproximadamente.<\/p>\n<p style=\"text-align: justify;\">El comandante <strong>Juan Carlos Herrera<\/strong> se refiri\u00f3 a ambos incendios. En el caso del bus indic\u00f3 lo siguiente: <em>\u201cCerca de las 22:30 horas se recibi\u00f3 un llamado por el incendio de un bus en la avenida Santa Teresa, donde se despacharon dos unidades porque la gente informaba que el fuego estaba cerca de las viviendas. A la llegada de Bomberos el bus estaba consumido en un 50%, se lleg\u00f3 a controlar esa emergencia ya que el tendido el\u00e9ctrico sufr\u00eda algunos da\u00f1os por la gran cantidad de llamas y temperatura que se viv\u00eda en ese momento\u201d,<\/em> se\u00f1al\u00f3.<\/p>\n<p style=\"text-align: justify;\">El comandante Herrera coment\u00f3 que el incendio fue r\u00e1pidamente combatido por los voluntarios, algo que la gente estaba esperando <em>\u201cporque pensaban que se pod\u00eda producir una explosi\u00f3n, afortunadamente no porque usa petr\u00f3leo y ese veh\u00edculo ya llevaba cantidad de tiempo sin utilizarlo, lo que informaban los mismos vecinos\u201d,<\/em> manifest\u00f3.<\/p>\n<p style=\"text-align: justify;\">Fue sincero en se\u00f1alar que por el momento no est\u00e1n haciendo investigaci\u00f3n sobre las causas de los incendios: <em>\u201cSoy sincero en decirlo, nosotros no estamos haciendo investigaciones en estos \u00faltimos incendios por el hecho que se combaten y se sale r\u00e1pidamente del sector por el hecho que ayer (martes), hab\u00eda algunas barricadas en el sector, no arriesgamos al personal y hemos quedado de acuerdo en controlar lo que se est\u00e1 prendiendo y evitar que el fuego siga propag\u00e1ndose a\u00a0 viviendas o enseres que sale de lo com\u00fan\u201d,<\/em> indic\u00f3.<\/p>\n<p style=\"text-align: justify;\">\n<p style=\"text-align: justify;\"><span style=\"color: #c81400;\"><strong>INCENDIO EN VILLA 250 A\u00d1OS<\/strong><\/span><\/p>\n<p style=\"text-align: justify;\">En tanto, en horas de la madrugada una nueva emergencia convoc\u00f3 a los voluntarios para concurrir hasta la calle Dardignac de la Villa 250 A\u00f1os, donde se estaba produciendo un incendio estructural, es decir de casa.<\/p>\n<p style=\"text-align: justify;\">Al respecto fue el propio comandante Juan Carlos Herrera Lillo quien habl\u00f3 sobre esta nueva emergencia: <em>\u201cA las 04:20 AM empezaron los llamados en el sector de la 250, donde se estaba quemando una vivienda. En primera instancia se informaba que la vivienda estaba desocupada, pero despu\u00e9s empezaron a llamar muchos vecinos que eran casas pareadas, una de las viviendas estaba habitada, as\u00ed es que a la llegada de Bomberos la gente ya hab\u00eda sacado todo desde el interior de la vivienda, lamentablemente se consumi\u00f3 casi en un 80% las dos viviendas que son pareadas, y lamentablemente, bueno por los antecedentes que recopilamos anoche, personas que como ve\u00edan la vivienda desocupada hicieron fuego en el interior y la gran cantidad de madera que ingresaron al interior hizo que el fuego se descontrolara, propag\u00e1ndose a la otra casa donde s\u00ed viv\u00eda gente\u201d,<\/em> indic\u00f3.<\/p>\n<p style=\"text-align: justify;\">A ra\u00edz del incendio resultaron personas damnificadas, <em>\u201cporque como son pareadas se quem\u00f3 casi en un 60% toda la vivienda. A la llegada de Bomberos la gente hab\u00eda sacado todo desde el interior de la vivienda\u201d,<\/em> manifest\u00f3 Herrera.<\/p>\n<p style=\"text-align: justify;\">El comandante dijo que no tuvieron ning\u00fan problema en poder desarrollar su labor: <em>\u201cNosotros no hemos tenido problemas con la gente, esperamos que tampoco los tengamos, la gente coopera con Bomberos, es decir la cooperaci\u00f3n de los vecinos ha sido fundamental para evitar que el fuego se propague a otras casas, eso realmente nos tiene tranquilos porque ellos nos dan la seguridad que Bomberos puede trabajar sin ning\u00fan problema\u201d,<\/em> se\u00f1al\u00f3.<\/p>\n<p style=\"text-align: justify;\">Al lugar concurrieron tres m\u00e1quinas y catorce voluntarios.<\/p>\n<figure id=\"attachment_100653\" aria-describedby=\"caption-attachment-100653\" style=\"width: 580px\" class=\"wp-caption aligncenter\"><img data-recalc-dims=\"1\" loading=\"lazy\" decoding=\"async\" class=\"size-full wp-image-100653\" src=\"https:\/\/i0.wp.com\/eltrabajo.cl\/portal\/wp-content\/uploads\/2020\/07\/Bus-1.jpg?resize=580%2C359&#038;ssl=1\" alt=\"As\u00ed qued\u00f3 el bus ubicado en la avenida Santa Teresa a causa del fuego. (Foto @preludioradio).\" width=\"580\" height=\"359\" srcset=\"https:\/\/i0.wp.com\/eltrabajo.cl\/portal\/wp-content\/uploads\/2020\/07\/Bus-1.jpg?w=580&amp;ssl=1 580w, https:\/\/i0.wp.com\/eltrabajo.cl\/portal\/wp-content\/uploads\/2020\/07\/Bus-1.jpg?resize=300%2C186&amp;ssl=1 300w, https:\/\/i0.wp.com\/eltrabajo.cl\/portal\/wp-content\/uploads\/2020\/07\/Bus-1.jpg?resize=200%2C124&amp;ssl=1 200w\" sizes=\"auto, (max-width: 580px) 100vw, 580px\" \/><figcaption id=\"caption-attachment-100653\" class=\"wp-caption-text\">As\u00ed qued\u00f3 el bus ubicado en la avenida Santa Teresa a causa del fuego. (Foto @preludioradio).<\/figcaption><\/figure>\n<figure id=\"attachment_100654\" aria-describedby=\"caption-attachment-100654\" style=\"width: 580px\" class=\"wp-caption aligncenter\"><img data-recalc-dims=\"1\" loading=\"lazy\" decoding=\"async\" class=\"size-full wp-image-100654\" src=\"https:\/\/i0.wp.com\/eltrabajo.cl\/portal\/wp-content\/uploads\/2020\/07\/Casa.jpg?resize=580%2C360&#038;ssl=1\" alt=\"Personal de bomberos combate incendio en casa de Villa 250 A\u00f1os.\" width=\"580\" height=\"360\" srcset=\"https:\/\/i0.wp.com\/eltrabajo.cl\/portal\/wp-content\/uploads\/2020\/07\/Casa.jpg?w=580&amp;ssl=1 580w, https:\/\/i0.wp.com\/eltrabajo.cl\/portal\/wp-content\/uploads\/2020\/07\/Casa.jpg?resize=300%2C186&amp;ssl=1 300w, https:\/\/i0.wp.com\/eltrabajo.cl\/portal\/wp-content\/uploads\/2020\/07\/Casa.jpg?resize=200%2C124&amp;ssl=1 200w\" sizes=\"auto, (max-width: 580px) 100vw, 580px\" \/><figcaption id=\"caption-attachment-100654\" class=\"wp-caption-text\">Personal de bomberos combate incendio en casa de Villa 250 A\u00f1os.<\/figcaption><\/figure>\n","protected":false},"excerpt":{"rendered":"<p>Un bus que estaba estacionado en la avenida Santa Teresa, al costado de los departamentos Sargento Aldea, result\u00f3 pr\u00e1cticamente consumido en su totalidad por el fuego. Este hecho se produjo el martes&#8230;<\/p>\n","protected":false},"author":482,"featured_media":100654,"comment_status":"closed","ping_status":"open","sticky":false,"template":"","format":"standard","meta":{"advanced_seo_description":"","jetpack_seo_html_title":"","jetpack_seo_noindex":false,"_jetpack_memberships_contains_paid_content":false,"footnotes":""},"categories":[21],"tags":[],"class_list":["post-100652","post","type-post","status-publish","format-standard","has-post-thumbnail","hentry","category-policial"],"jetpack_featured_media_url":"https:\/\/i0.wp.com\/eltrabajo.cl\/portal\/wp-content\/uploads\/2020\/07\/Casa.jpg?fit=580%2C360&ssl=1","jetpack_sharing_enabled":true,"jetpack_likes_enabled":true,"jetpack-related-posts":[],"_links":{"self":[{"href":"https:\/\/eltrabajo.cl\/portal\/wp-json\/wp\/v2\/posts\/100652","targetHints":{"allow":["GET"]}}],"collection":[{"href":"https:\/\/eltrabajo.cl\/portal\/wp-json\/wp\/v2\/posts"}],"about":[{"href":"https:\/\/eltrabajo.cl\/portal\/wp-json\/wp\/v2\/types\/post"}],"author":[{"embeddable":true,"href":"https:\/\/eltrabajo.cl\/portal\/wp-json\/wp\/v2\/users\/482"}],"replies":[{"embeddable":true,"href":"https:\/\/eltrabajo.cl\/portal\/wp-json\/wp\/v2\/comments?post=100652"}],"version-history":[{"count":0,"href":"https:\/\/eltrabajo.cl\/portal\/wp-json\/wp\/v2\/posts\/100652\/revisions"}],"wp:featuredmedia":[{"embeddable":true,"href":"https:\/\/eltrabajo.cl\/portal\/wp-json\/wp\/v2\/media\/100654"}],"wp:attachment":[{"href":"https:\/\/eltrabajo.cl\/portal\/wp-json\/wp\/v2\/media?parent=100652"}],"wp:term":[{"taxonomy":"category","embeddable":true,"href":"https:\/\/eltrabajo.cl\/portal\/wp-json\/wp\/v2\/categories?post=100652"},{"taxonomy":"post_tag","embeddable":true,"href":"https:\/\/eltrabajo.cl\/portal\/wp-json\/wp\/v2\/tags?post=100652"}],"curies":[{"name":"wp","href":"https:\/\/api.w.org\/{rel}","templated":true}]}}