{"id":100675,"date":"2020-07-16T20:56:01","date_gmt":"2020-07-17T00:56:01","guid":{"rendered":"https:\/\/www.eltrabajo.cl\/portal\/?p=100675"},"modified":"2020-07-16T20:56:01","modified_gmt":"2020-07-17T00:56:01","slug":"tres-detenidos-en-fiscalizacion-de-quemas-ilegales-en-provincia-de-los-andes","status":"publish","type":"post","link":"https:\/\/eltrabajo.cl\/portal\/tres-detenidos-en-fiscalizacion-de-quemas-ilegales-en-provincia-de-los-andes\/","title":{"rendered":"Tres detenidos en fiscalizaci\u00f3n de quemas ilegales en provincia de Los Andes"},"content":{"rendered":"<ul style=\"text-align: justify;\">\n<li><strong>Personal de Conaf y Carabineros detectaron faenas il\u00edcitas en Rinconada, Calle Larga y San Esteban. Los antecedentes del procedimiento fueron puestos a disposici\u00f3n de la Fiscal\u00eda.<\/strong><\/li>\n<\/ul>\n<p style=\"text-align: justify;\"><strong>LOS ANDES<\/strong>.- Funcionarios de la Corporaci\u00f3n Nacional Forestal (Conaf) y el OS5 de Carabineros fiscalizaron la ejecuci\u00f3n de quemas ilegales de desechos agr\u00edcolas y forestales en la provincia de Los Andes.<\/p>\n<p style=\"text-align: justify;\">El operativo arroj\u00f3 como resultado la detenci\u00f3n de tres hombres en las comunas de Rinconada, Calle Larga y San Esteban, donde las autoridades constataron faenas il\u00edcitas en pleno desarrollo.<\/p>\n<p style=\"text-align: justify;\">\u00ab<em>Las personas aprehendidas no contaban con el comprobante de aviso de quema que otorga la Corporaci\u00f3n, el cual establece d\u00edas, horarios y medidas preventivas que se deben implementar antes y durante estos trabajos\u00bb,<\/em> explic\u00f3 el director regional de la instituci\u00f3n forestal, <strong>Sandro Bruzzone<\/strong>.<\/p>\n<p style=\"text-align: justify;\">En ese contexto, recalc\u00f3 que <em>\u00ablos tres detenidos incurrieron en un delito que, de acuerdo al Decreto Supremo N\u00ba 276 (1980), del Ministerio de Agricultura, contempla multas que van desde las 11 hasta los 150 unidades tributarias mensuales,\u00a0 e incluso penas de c\u00e1rcel, desde los 61 d\u00edas hasta los cinco a\u00f1os\u00bb.<\/em><\/p>\n<p style=\"text-align: justify;\">Por su parte, la jefa provincial de Conaf en San Felipe y Los Andes, <strong>Denisse N\u00fa\u00f1ez<\/strong>,\u00a0 detall\u00f3 que <em>\u00aba ra\u00edz de la detecci\u00f3n de quemas ilegales que han sucedido con mayor frecuencia en esta \u00e9poca en predios rurales, fue necesario realizar esta actividad en conjunto con la polic\u00eda uniformada\u00bb. <\/em><\/p>\n<p style=\"text-align: justify;\">Adem\u00e1s, precis\u00f3 que <em>\u00ablos antecedentes del operativo fueron puestos a disposici\u00f3n de la Fiscal\u00eda, para que se lleve a cabo la investigaci\u00f3n de rigor y se apliquen las sanciones y multas correspondientes\u00bb. <\/em><\/p>\n<p style=\"text-align: justify;\">\n<p style=\"text-align: justify;\"><span style=\"color: #c81400;\"><strong>USO DEL FUEGO<\/strong><\/span><\/p>\n<p style=\"text-align: justify;\">En el Valle del Aconcagua, espec\u00edficamente en las comunas de Los Andes y Catemu, por decretos alcaldicios vigentes, est\u00e1 prohibido el uso del fuego para la eliminaci\u00f3n de desechos agr\u00edcolas y forestales.<\/p>\n<p style=\"text-align: justify;\">En el resto de la zona, para realizar estas faenas, el interesado debe, primero, informar su intenci\u00f3n a Conaf e inscribir su predio. Luego, si re\u00fane los requisitos solicitados, recibir\u00e1 un comprobante de aviso de quema.<\/p>\n<figure id=\"attachment_100676\" aria-describedby=\"caption-attachment-100676\" style=\"width: 580px\" class=\"wp-caption aligncenter\"><img data-recalc-dims=\"1\" loading=\"lazy\" decoding=\"async\" class=\"size-full wp-image-100676\" src=\"https:\/\/i0.wp.com\/eltrabajo.cl\/portal\/wp-content\/uploads\/2020\/07\/quema-Los-Andes.jpg?resize=580%2C359&#038;ssl=1\" alt=\"El operativo arroj\u00f3 la detenci\u00f3n de tres hombres en las comunas de Rinconada, Calle Larga y San Esteban, donde las autoridades constataron faenas il\u00edcitas en pleno desarrollo.\" width=\"580\" height=\"359\" srcset=\"https:\/\/i0.wp.com\/eltrabajo.cl\/portal\/wp-content\/uploads\/2020\/07\/quema-Los-Andes.jpg?w=580&amp;ssl=1 580w, https:\/\/i0.wp.com\/eltrabajo.cl\/portal\/wp-content\/uploads\/2020\/07\/quema-Los-Andes.jpg?resize=300%2C186&amp;ssl=1 300w, https:\/\/i0.wp.com\/eltrabajo.cl\/portal\/wp-content\/uploads\/2020\/07\/quema-Los-Andes.jpg?resize=200%2C124&amp;ssl=1 200w\" sizes=\"auto, (max-width: 580px) 100vw, 580px\" \/><figcaption id=\"caption-attachment-100676\" class=\"wp-caption-text\">El operativo arroj\u00f3 la detenci\u00f3n de tres hombres en las comunas de Rinconada, Calle Larga y San Esteban, donde las autoridades constataron faenas il\u00edcitas en pleno desarrollo.<\/figcaption><\/figure>\n","protected":false},"excerpt":{"rendered":"<p>Personal de Conaf y Carabineros detectaron faenas il\u00edcitas en Rinconada, Calle Larga y San Esteban. Los antecedentes del procedimiento fueron puestos a disposici\u00f3n de la Fiscal\u00eda. LOS ANDES.- Funcionarios de la Corporaci\u00f3n&#8230;<\/p>\n","protected":false},"author":482,"featured_media":100676,"comment_status":"closed","ping_status":"open","sticky":false,"template":"","format":"standard","meta":{"advanced_seo_description":"","jetpack_seo_html_title":"","jetpack_seo_noindex":false,"_jetpack_memberships_contains_paid_content":false,"footnotes":""},"categories":[21],"tags":[],"class_list":["post-100675","post","type-post","status-publish","format-standard","has-post-thumbnail","hentry","category-policial"],"jetpack_featured_media_url":"https:\/\/i0.wp.com\/eltrabajo.cl\/portal\/wp-content\/uploads\/2020\/07\/quema-Los-Andes.jpg?fit=580%2C359&ssl=1","jetpack_sharing_enabled":true,"jetpack_likes_enabled":true,"jetpack-related-posts":[],"_links":{"self":[{"href":"https:\/\/eltrabajo.cl\/portal\/wp-json\/wp\/v2\/posts\/100675","targetHints":{"allow":["GET"]}}],"collection":[{"href":"https:\/\/eltrabajo.cl\/portal\/wp-json\/wp\/v2\/posts"}],"about":[{"href":"https:\/\/eltrabajo.cl\/portal\/wp-json\/wp\/v2\/types\/post"}],"author":[{"embeddable":true,"href":"https:\/\/eltrabajo.cl\/portal\/wp-json\/wp\/v2\/users\/482"}],"replies":[{"embeddable":true,"href":"https:\/\/eltrabajo.cl\/portal\/wp-json\/wp\/v2\/comments?post=100675"}],"version-history":[{"count":0,"href":"https:\/\/eltrabajo.cl\/portal\/wp-json\/wp\/v2\/posts\/100675\/revisions"}],"wp:featuredmedia":[{"embeddable":true,"href":"https:\/\/eltrabajo.cl\/portal\/wp-json\/wp\/v2\/media\/100676"}],"wp:attachment":[{"href":"https:\/\/eltrabajo.cl\/portal\/wp-json\/wp\/v2\/media?parent=100675"}],"wp:term":[{"taxonomy":"category","embeddable":true,"href":"https:\/\/eltrabajo.cl\/portal\/wp-json\/wp\/v2\/categories?post=100675"},{"taxonomy":"post_tag","embeddable":true,"href":"https:\/\/eltrabajo.cl\/portal\/wp-json\/wp\/v2\/tags?post=100675"}],"curies":[{"name":"wp","href":"https:\/\/api.w.org\/{rel}","templated":true}]}}