{"id":100679,"date":"2020-07-16T20:58:54","date_gmt":"2020-07-17T00:58:54","guid":{"rendered":"https:\/\/www.eltrabajo.cl\/portal\/?p=100679"},"modified":"2020-07-16T20:58:54","modified_gmt":"2020-07-17T00:58:54","slug":"union-san-felipe-volvio-este-jueves-a-los-entrenamientos","status":"publish","type":"post","link":"https:\/\/eltrabajo.cl\/portal\/union-san-felipe-volvio-este-jueves-a-los-entrenamientos\/","title":{"rendered":"Uni\u00f3n San Felipe volvi\u00f3 este jueves a los entrenamientos"},"content":{"rendered":"<p style=\"text-align: justify;\">Cuando el reloj indic\u00f3 las 10 de la ma\u00f1ana de este jueves 16 de julio, el plantel de honor de Uni\u00f3n San Felipe volvi\u00f3 a los entrenamientos despu\u00e9s de un alto que se prolong\u00f3 por cuatro meses.<\/p>\n<p style=\"text-align: justify;\">El reintegro al trabajo fue bajo estrictas medidas de seguridad sanitaria, por lo que solo los jugadores, cuerpo t\u00e9cnico, \u00e1rea m\u00e9dica y algunos funcionarios del club tuvieron acceso al complejo deportivo unionista que tuvo puertas cerradas durante toda la jornada.<\/p>\n<p style=\"text-align: justify;\">Fue el encargado del \u00e1rea m\u00e9dica del Un\u00ed Un\u00ed, <strong>Claudio Leiva<\/strong>, el encargado de explicar de manera simplificada parte del protocolo que se debi\u00f3 y deber\u00e1 cumplir durante todo este periodo. <em>\u00abLa ANFP dio las directrices y cada club debe adecuarlas de acuerdo a su realidad; felizmente Uni\u00f3n San Felipe cuenta con todos los elementos para que se pueda aplicar el protocolo en su integridad. En esta etapa el plantel se divide en grupos. En una primera fase cada cancha est\u00e1 dispuesta para que trabajen cuatro jugadores con la distancia debida; por ahora los jugadores no tienen acceso a los camarines por lo que tienen que llegar vestidos desde sus casas, y solo pueden ocupar los ba\u00f1os, adem\u00e1s de tener un lugar determinado y personal para que estacionen\u00bb,<\/em> explic\u00f3 el profesional.<\/p>\n<figure id=\"attachment_100680\" aria-describedby=\"caption-attachment-100680\" style=\"width: 580px\" class=\"wp-caption aligncenter\"><img data-recalc-dims=\"1\" loading=\"lazy\" decoding=\"async\" class=\"size-full wp-image-100680\" src=\"https:\/\/i0.wp.com\/eltrabajo.cl\/portal\/wp-content\/uploads\/2020\/07\/vuelta-a-los-entrenamientos.jpg?resize=580%2C359&#038;ssl=1\" alt=\"El t\u00e9cnico Erwin Dur\u00e1n dialoga con el volante Enzo Orme\u00f1o (Foto: Gentileza Comunicaciones Uni\u00f3n San Felipe).\" width=\"580\" height=\"359\" srcset=\"https:\/\/i0.wp.com\/eltrabajo.cl\/portal\/wp-content\/uploads\/2020\/07\/vuelta-a-los-entrenamientos.jpg?w=580&amp;ssl=1 580w, https:\/\/i0.wp.com\/eltrabajo.cl\/portal\/wp-content\/uploads\/2020\/07\/vuelta-a-los-entrenamientos.jpg?resize=300%2C186&amp;ssl=1 300w, https:\/\/i0.wp.com\/eltrabajo.cl\/portal\/wp-content\/uploads\/2020\/07\/vuelta-a-los-entrenamientos.jpg?resize=200%2C124&amp;ssl=1 200w\" sizes=\"auto, (max-width: 580px) 100vw, 580px\" \/><figcaption id=\"caption-attachment-100680\" class=\"wp-caption-text\">El t\u00e9cnico Erwin Dur\u00e1n dialoga con el volante Enzo Orme\u00f1o (Foto: Gentileza Comunicaciones Uni\u00f3n San Felipe).<\/figcaption><\/figure>\n","protected":false},"excerpt":{"rendered":"<p>Cuando el reloj indic\u00f3 las 10 de la ma\u00f1ana de este jueves 16 de julio, el plantel de honor de Uni\u00f3n San Felipe volvi\u00f3 a los entrenamientos despu\u00e9s de un alto que&#8230;<\/p>\n","protected":false},"author":482,"featured_media":100680,"comment_status":"closed","ping_status":"open","sticky":false,"template":"","format":"standard","meta":{"advanced_seo_description":"","jetpack_seo_html_title":"","jetpack_seo_noindex":false,"_jetpack_memberships_contains_paid_content":false,"footnotes":""},"categories":[19],"tags":[],"class_list":["post-100679","post","type-post","status-publish","format-standard","has-post-thumbnail","hentry","category-deportes"],"jetpack_featured_media_url":"https:\/\/i0.wp.com\/eltrabajo.cl\/portal\/wp-content\/uploads\/2020\/07\/vuelta-a-los-entrenamientos.jpg?fit=580%2C359&ssl=1","jetpack_sharing_enabled":true,"jetpack_likes_enabled":true,"jetpack-related-posts":[],"_links":{"self":[{"href":"https:\/\/eltrabajo.cl\/portal\/wp-json\/wp\/v2\/posts\/100679","targetHints":{"allow":["GET"]}}],"collection":[{"href":"https:\/\/eltrabajo.cl\/portal\/wp-json\/wp\/v2\/posts"}],"about":[{"href":"https:\/\/eltrabajo.cl\/portal\/wp-json\/wp\/v2\/types\/post"}],"author":[{"embeddable":true,"href":"https:\/\/eltrabajo.cl\/portal\/wp-json\/wp\/v2\/users\/482"}],"replies":[{"embeddable":true,"href":"https:\/\/eltrabajo.cl\/portal\/wp-json\/wp\/v2\/comments?post=100679"}],"version-history":[{"count":0,"href":"https:\/\/eltrabajo.cl\/portal\/wp-json\/wp\/v2\/posts\/100679\/revisions"}],"wp:featuredmedia":[{"embeddable":true,"href":"https:\/\/eltrabajo.cl\/portal\/wp-json\/wp\/v2\/media\/100680"}],"wp:attachment":[{"href":"https:\/\/eltrabajo.cl\/portal\/wp-json\/wp\/v2\/media?parent=100679"}],"wp:term":[{"taxonomy":"category","embeddable":true,"href":"https:\/\/eltrabajo.cl\/portal\/wp-json\/wp\/v2\/categories?post=100679"},{"taxonomy":"post_tag","embeddable":true,"href":"https:\/\/eltrabajo.cl\/portal\/wp-json\/wp\/v2\/tags?post=100679"}],"curies":[{"name":"wp","href":"https:\/\/api.w.org\/{rel}","templated":true}]}}