{"id":100744,"date":"2020-07-20T07:45:18","date_gmt":"2020-07-20T11:45:18","guid":{"rendered":"https:\/\/www.eltrabajo.cl\/portal\/?p=100744"},"modified":"2020-07-19T21:33:12","modified_gmt":"2020-07-20T01:33:12","slug":"adulta-mayor-atrapada-en-vehiculo-tras-sufrir-accidente-de-transito","status":"publish","type":"post","link":"https:\/\/eltrabajo.cl\/portal\/adulta-mayor-atrapada-en-vehiculo-tras-sufrir-accidente-de-transito\/","title":{"rendered":"Adulta mayor atrapada en veh\u00edculo tras sufrir accidente de tr\u00e1nsito"},"content":{"rendered":"<p style=\"text-align: left;\"><span style=\"color: #c81400;\"><strong>Choque ocurri\u00f3 entre calles Salinas y Freire:<\/strong><\/span><\/p>\n<p style=\"text-align: justify;\">Un accidente de tr\u00e1nsito donde se vieron involucrados un taxi colectivo y uno veh\u00edculo particular se produjo este viernes en la ma\u00f1ana en la intersecci\u00f3n de las calles Salinas con Freire, donde una persona de la tercera edad permaneci\u00f3 atrapada algunos minutos hasta ser rescatada por voluntarios de Bomberos.<\/p>\n<p style=\"text-align: justify;\">Al respecto el comandante del Cuerpo de Bomberos de San Felipe, <strong>Juan Carlos Herrera Lillo<\/strong>, dijo que <em>\u00abdebimos concurrir a esta emergencia, hubo una persona de la tercera edad atrapada en su veh\u00edculo, pero no fue nada grave, no pas\u00f3 a mayores<\/em>\u00bb, se\u00f1al\u00f3.<\/p>\n<p style=\"text-align: justify;\">El colectivo pertenece a la L\u00ednea 8, cuyo director dijo a los medios de comunicaci\u00f3n desde el mismo lugar que en el veh\u00edculo ven\u00edan tres pasajeros y el conductor se encuentra con su documentaci\u00f3n al d\u00eda.<\/p>\n<p style=\"text-align: justify;\">Las causas del accidente deber\u00e1n ser investigadas por Carabineros. Las personas lesionadas fueron trasladadas al Servicio de Urgencia del Hospital San Camilo por parte del SAMU.<\/p>\n<p style=\"text-align: justify;\">Al lugar concurri\u00f3 personal del Cuerpo de Bomberos de San Felipe, SAMU y Carabineros.<\/p>\n<figure id=\"attachment_100745\" aria-describedby=\"caption-attachment-100745\" style=\"width: 580px\" class=\"wp-caption aligncenter\"><img data-recalc-dims=\"1\" loading=\"lazy\" decoding=\"async\" class=\"size-full wp-image-100745\" src=\"https:\/\/i0.wp.com\/eltrabajo.cl\/portal\/wp-content\/uploads\/2020\/07\/accidente-2.jpg?resize=580%2C359&#038;ssl=1\" alt=\"Incrustado en un poste termin\u00f3 el taxi-colectivo tras la violenta colisi\u00f3n.\" width=\"580\" height=\"359\" srcset=\"https:\/\/i0.wp.com\/eltrabajo.cl\/portal\/wp-content\/uploads\/2020\/07\/accidente-2.jpg?w=580&amp;ssl=1 580w, https:\/\/i0.wp.com\/eltrabajo.cl\/portal\/wp-content\/uploads\/2020\/07\/accidente-2.jpg?resize=300%2C186&amp;ssl=1 300w, https:\/\/i0.wp.com\/eltrabajo.cl\/portal\/wp-content\/uploads\/2020\/07\/accidente-2.jpg?resize=200%2C124&amp;ssl=1 200w\" sizes=\"auto, (max-width: 580px) 100vw, 580px\" \/><figcaption id=\"caption-attachment-100745\" class=\"wp-caption-text\">Incrustado en un poste termin\u00f3 el taxi-colectivo tras la violenta colisi\u00f3n.<\/figcaption><\/figure>\n<figure id=\"attachment_100746\" aria-describedby=\"caption-attachment-100746\" style=\"width: 580px\" class=\"wp-caption aligncenter\"><img data-recalc-dims=\"1\" loading=\"lazy\" decoding=\"async\" class=\"size-full wp-image-100746\" src=\"https:\/\/i0.wp.com\/eltrabajo.cl\/portal\/wp-content\/uploads\/2020\/07\/accidente-3.jpg?resize=580%2C359&#038;ssl=1\" alt=\"SAMU y Bomberos asistieron a las personas afectadas en el mismo lugar del accidente.\" width=\"580\" height=\"359\" srcset=\"https:\/\/i0.wp.com\/eltrabajo.cl\/portal\/wp-content\/uploads\/2020\/07\/accidente-3.jpg?w=580&amp;ssl=1 580w, https:\/\/i0.wp.com\/eltrabajo.cl\/portal\/wp-content\/uploads\/2020\/07\/accidente-3.jpg?resize=300%2C186&amp;ssl=1 300w, https:\/\/i0.wp.com\/eltrabajo.cl\/portal\/wp-content\/uploads\/2020\/07\/accidente-3.jpg?resize=200%2C124&amp;ssl=1 200w\" sizes=\"auto, (max-width: 580px) 100vw, 580px\" \/><figcaption id=\"caption-attachment-100746\" class=\"wp-caption-text\">SAMU y Bomberos asistieron a las personas afectadas en el mismo lugar del accidente.<\/figcaption><\/figure>\n","protected":false},"excerpt":{"rendered":"<p>Choque ocurri\u00f3 entre calles Salinas y Freire: Un accidente de tr\u00e1nsito donde se vieron involucrados un taxi colectivo y uno veh\u00edculo particular se produjo este viernes en la ma\u00f1ana en la intersecci\u00f3n&#8230;<\/p>\n","protected":false},"author":482,"featured_media":100746,"comment_status":"closed","ping_status":"open","sticky":false,"template":"","format":"standard","meta":{"advanced_seo_description":"","jetpack_seo_html_title":"","jetpack_seo_noindex":false,"_jetpack_memberships_contains_paid_content":false,"footnotes":""},"categories":[21],"tags":[],"class_list":["post-100744","post","type-post","status-publish","format-standard","has-post-thumbnail","hentry","category-policial"],"jetpack_featured_media_url":"https:\/\/i0.wp.com\/eltrabajo.cl\/portal\/wp-content\/uploads\/2020\/07\/accidente-3.jpg?fit=580%2C359&ssl=1","jetpack_sharing_enabled":true,"jetpack_likes_enabled":true,"jetpack-related-posts":[],"_links":{"self":[{"href":"https:\/\/eltrabajo.cl\/portal\/wp-json\/wp\/v2\/posts\/100744","targetHints":{"allow":["GET"]}}],"collection":[{"href":"https:\/\/eltrabajo.cl\/portal\/wp-json\/wp\/v2\/posts"}],"about":[{"href":"https:\/\/eltrabajo.cl\/portal\/wp-json\/wp\/v2\/types\/post"}],"author":[{"embeddable":true,"href":"https:\/\/eltrabajo.cl\/portal\/wp-json\/wp\/v2\/users\/482"}],"replies":[{"embeddable":true,"href":"https:\/\/eltrabajo.cl\/portal\/wp-json\/wp\/v2\/comments?post=100744"}],"version-history":[{"count":0,"href":"https:\/\/eltrabajo.cl\/portal\/wp-json\/wp\/v2\/posts\/100744\/revisions"}],"wp:featuredmedia":[{"embeddable":true,"href":"https:\/\/eltrabajo.cl\/portal\/wp-json\/wp\/v2\/media\/100746"}],"wp:attachment":[{"href":"https:\/\/eltrabajo.cl\/portal\/wp-json\/wp\/v2\/media?parent=100744"}],"wp:term":[{"taxonomy":"category","embeddable":true,"href":"https:\/\/eltrabajo.cl\/portal\/wp-json\/wp\/v2\/categories?post=100744"},{"taxonomy":"post_tag","embeddable":true,"href":"https:\/\/eltrabajo.cl\/portal\/wp-json\/wp\/v2\/tags?post=100744"}],"curies":[{"name":"wp","href":"https:\/\/api.w.org\/{rel}","templated":true}]}}