{"id":100748,"date":"2020-07-20T07:50:48","date_gmt":"2020-07-20T11:50:48","guid":{"rendered":"https:\/\/www.eltrabajo.cl\/portal\/?p=100748"},"modified":"2020-07-19T21:36:51","modified_gmt":"2020-07-20T01:36:51","slug":"casi-800-almuerzos-al-mes-reparte-comedor-solidario-sabores-del-senorial","status":"publish","type":"post","link":"https:\/\/eltrabajo.cl\/portal\/casi-800-almuerzos-al-mes-reparte-comedor-solidario-sabores-del-senorial\/","title":{"rendered":"Casi 800 almuerzos al mes reparte \u2018Comedor Solidario Sabores del Se\u00f1orial\u2019"},"content":{"rendered":"<p style=\"text-align: left;\"><span style=\"color: #c81400;\"><strong>Vecinos y comerciantes se ayudan mutuamente:<\/strong><\/span><\/p>\n<p style=\"text-align: justify;\">Desde hace m\u00e1s de un mes se viene desarrollando con gran \u00e9xito el <strong>Comedor Solidario Sabores del Se\u00f1orial<\/strong>, iniciativa que la junta de vecinos de Villa El Se\u00f1orial ponen en escena cada mi\u00e9rcoles y s\u00e1bados, entregando casa por casa un contundente almuerzo con sus respectivas ensaladas y pan fresco para el disfrute de los vecinos.<\/p>\n<p style=\"text-align: justify;\"><strong>Diario El Trabajo<\/strong> estuvo este s\u00e1bado en la sede comunitaria de dicha poblaci\u00f3n para conocer a las personas que hacen posible estas jornadas de trabajo social en beneficio de sus vecinos, en esa oportunidad hablamos con la presidenta de la junta de vecinos, <strong>\u00c9rika \u00c1lvarez Vicencio<\/strong>, quien nos coment\u00f3 que \u00ab<em>son dos veces a la semana que estamos entregando almuerzos los d\u00edas mi\u00e9rcoles y s\u00e1bados al mediod\u00eda, nosotros entregamos todo en cada casa pues en estos momentos estamos todos en Cuarentena Obligatoria y no pueden salir a la calle, sobretodo los adultos mayores que son hartos ac\u00e1 en la poblaci\u00f3n est\u00e1n solitos algunos, muchos de ellos nos esperan a la entrada de su casa porque ya les hemos consultado si aceptar\u00edan los almuerzos que preparamos para ellos<\/em>\u00bb, coment\u00f3 \u00c1lvarez a nuestro medio.<\/p>\n<p style=\"text-align: justify;\">&#8211; <strong>\u00bfC\u00f3mo llegan los recursos al comedor?<\/strong><\/p>\n<p style=\"text-align: justify;\">&#8211; Los recursos llegan de manos de los vecinos, el Municipio tambi\u00e9n nos entreg\u00f3 20 cajas de mercader\u00eda para arrancar con el proyecto, lo dem\u00e1s lo donan vecinos como <strong>H\u00e9ctor Hormaz\u00e1bal<\/strong> que nos dona verduras para el Comedor y a los vecinos tambi\u00e9n, aqu\u00ed entre todos nos ayudamos sea con dinero o alimentos, los interesados en donar pueden llamar al <strong>+56962817410<\/strong>. Agradecer tambi\u00e9n al comercio local como Almacenes La Colmena, El Tata, Panader\u00eda La Victoria, y a todos los vecinos solidarios.<\/p>\n<p style=\"text-align: justify;\"><strong>Roberto Gonz\u00e1lez Short<\/strong><\/p>\n<figure id=\"attachment_100749\" aria-describedby=\"caption-attachment-100749\" style=\"width: 580px\" class=\"wp-caption aligncenter\"><img data-recalc-dims=\"1\" loading=\"lazy\" decoding=\"async\" class=\"size-full wp-image-100749\" src=\"https:\/\/i0.wp.com\/eltrabajo.cl\/portal\/wp-content\/uploads\/2020\/07\/Sabores1.jpg?resize=580%2C360&#038;ssl=1\" alt=\"TRABAJO SOLIDARIO.- Las mismas cocineras se encargan de llevar los almuerzos a cada vecino en la puerta de su casa.\" width=\"580\" height=\"360\" srcset=\"https:\/\/i0.wp.com\/eltrabajo.cl\/portal\/wp-content\/uploads\/2020\/07\/Sabores1.jpg?w=580&amp;ssl=1 580w, https:\/\/i0.wp.com\/eltrabajo.cl\/portal\/wp-content\/uploads\/2020\/07\/Sabores1.jpg?resize=300%2C186&amp;ssl=1 300w, https:\/\/i0.wp.com\/eltrabajo.cl\/portal\/wp-content\/uploads\/2020\/07\/Sabores1.jpg?resize=200%2C124&amp;ssl=1 200w\" sizes=\"auto, (max-width: 580px) 100vw, 580px\" \/><figcaption id=\"caption-attachment-100749\" class=\"wp-caption-text\">TRABAJO SOLIDARIO.- Las mismas cocineras se encargan de llevar los almuerzos a cada vecino en la puerta de su casa.<\/figcaption><\/figure>\n<figure id=\"attachment_100752\" aria-describedby=\"caption-attachment-100752\" style=\"width: 580px\" class=\"wp-caption aligncenter\"><img data-recalc-dims=\"1\" loading=\"lazy\" decoding=\"async\" class=\"size-full wp-image-100752\" src=\"https:\/\/i0.wp.com\/eltrabajo.cl\/portal\/wp-content\/uploads\/2020\/07\/Sabores4.jpg?resize=580%2C360&#038;ssl=1\" alt=\"BIEN CALIENTITO.- El pan lo dona Almac\u00e9n El Tata, La Colmena, y Panader\u00eda La Victoria.\" width=\"580\" height=\"360\" srcset=\"https:\/\/i0.wp.com\/eltrabajo.cl\/portal\/wp-content\/uploads\/2020\/07\/Sabores4.jpg?w=580&amp;ssl=1 580w, https:\/\/i0.wp.com\/eltrabajo.cl\/portal\/wp-content\/uploads\/2020\/07\/Sabores4.jpg?resize=300%2C186&amp;ssl=1 300w, https:\/\/i0.wp.com\/eltrabajo.cl\/portal\/wp-content\/uploads\/2020\/07\/Sabores4.jpg?resize=200%2C124&amp;ssl=1 200w\" sizes=\"auto, (max-width: 580px) 100vw, 580px\" \/><figcaption id=\"caption-attachment-100752\" class=\"wp-caption-text\">BIEN CALIENTITO.- El pan lo dona Almac\u00e9n El Tata, La Colmena, y Panader\u00eda La Victoria.<\/figcaption><\/figure>\n<figure id=\"attachment_100751\" aria-describedby=\"caption-attachment-100751\" style=\"width: 580px\" class=\"wp-caption aligncenter\"><img data-recalc-dims=\"1\" loading=\"lazy\" decoding=\"async\" class=\"size-full wp-image-100751\" src=\"https:\/\/i0.wp.com\/eltrabajo.cl\/portal\/wp-content\/uploads\/2020\/07\/Sabores3.jpg?resize=580%2C600&#038;ssl=1\" alt=\"FRESCAS VERDURAS.- Aqu\u00ed las vemos preparando las verduras que les dona un vecino del sector.\" width=\"580\" height=\"600\" srcset=\"https:\/\/i0.wp.com\/eltrabajo.cl\/portal\/wp-content\/uploads\/2020\/07\/Sabores3.jpg?w=580&amp;ssl=1 580w, https:\/\/i0.wp.com\/eltrabajo.cl\/portal\/wp-content\/uploads\/2020\/07\/Sabores3.jpg?resize=290%2C300&amp;ssl=1 290w, https:\/\/i0.wp.com\/eltrabajo.cl\/portal\/wp-content\/uploads\/2020\/07\/Sabores3.jpg?resize=145%2C150&amp;ssl=1 145w\" sizes=\"auto, (max-width: 580px) 100vw, 580px\" \/><figcaption id=\"caption-attachment-100751\" class=\"wp-caption-text\">FRESCAS VERDURAS.- Aqu\u00ed las vemos preparando las verduras que les dona un vecino del sector.<\/figcaption><\/figure>\n<figure id=\"attachment_100750\" aria-describedby=\"caption-attachment-100750\" style=\"width: 580px\" class=\"wp-caption aligncenter\"><img data-recalc-dims=\"1\" loading=\"lazy\" decoding=\"async\" class=\"size-full wp-image-100750\" src=\"https:\/\/i0.wp.com\/eltrabajo.cl\/portal\/wp-content\/uploads\/2020\/07\/Sabores2.jpg?resize=580%2C600&#038;ssl=1\" alt=\"CASI 800 ALMUERZOS AL MES.- Ellas se encargan de todo, preparar, cocinar, distribuir y llegar a todos con sus ricos almuerzos. Los recipientes desechables ellas mismas lo compran con los dineros donados.\" width=\"580\" height=\"600\" srcset=\"https:\/\/i0.wp.com\/eltrabajo.cl\/portal\/wp-content\/uploads\/2020\/07\/Sabores2.jpg?w=580&amp;ssl=1 580w, https:\/\/i0.wp.com\/eltrabajo.cl\/portal\/wp-content\/uploads\/2020\/07\/Sabores2.jpg?resize=290%2C300&amp;ssl=1 290w, https:\/\/i0.wp.com\/eltrabajo.cl\/portal\/wp-content\/uploads\/2020\/07\/Sabores2.jpg?resize=145%2C150&amp;ssl=1 145w\" sizes=\"auto, (max-width: 580px) 100vw, 580px\" \/><figcaption id=\"caption-attachment-100750\" class=\"wp-caption-text\">CASI 800 ALMUERZOS AL MES.- Ellas se encargan de todo, preparar, cocinar, distribuir y llegar a todos con sus ricos almuerzos. Los recipientes desechables ellas mismas lo compran con los dineros donados.<\/figcaption><\/figure>\n<figure id=\"attachment_100753\" aria-describedby=\"caption-attachment-100753\" style=\"width: 580px\" class=\"wp-caption aligncenter\"><img data-recalc-dims=\"1\" loading=\"lazy\" decoding=\"async\" class=\"size-full wp-image-100753\" src=\"https:\/\/i0.wp.com\/eltrabajo.cl\/portal\/wp-content\/uploads\/2020\/07\/Sabores_Ericka-Alvarez.jpg?resize=580%2C598&#038;ssl=1\" alt=\"Presidenta de la junta de vecinos Villa El Se\u00f1orial, \u00c9rika \u00c1lvarez Vicencio.\" width=\"580\" height=\"598\" srcset=\"https:\/\/i0.wp.com\/eltrabajo.cl\/portal\/wp-content\/uploads\/2020\/07\/Sabores_Ericka-Alvarez.jpg?w=580&amp;ssl=1 580w, https:\/\/i0.wp.com\/eltrabajo.cl\/portal\/wp-content\/uploads\/2020\/07\/Sabores_Ericka-Alvarez.jpg?resize=291%2C300&amp;ssl=1 291w, https:\/\/i0.wp.com\/eltrabajo.cl\/portal\/wp-content\/uploads\/2020\/07\/Sabores_Ericka-Alvarez.jpg?resize=145%2C150&amp;ssl=1 145w\" sizes=\"auto, (max-width: 580px) 100vw, 580px\" \/><figcaption id=\"caption-attachment-100753\" class=\"wp-caption-text\">Presidenta de la junta de vecinos Villa El Se\u00f1orial, \u00c9rika \u00c1lvarez Vicencio.<\/figcaption><\/figure>\n","protected":false},"excerpt":{"rendered":"<p>Vecinos y comerciantes se ayudan mutuamente: Desde hace m\u00e1s de un mes se viene desarrollando con gran \u00e9xito el Comedor Solidario Sabores del Se\u00f1orial, iniciativa que la junta de vecinos de Villa&#8230;<\/p>\n","protected":false},"author":482,"featured_media":100749,"comment_status":"closed","ping_status":"open","sticky":false,"template":"","format":"standard","meta":{"advanced_seo_description":"","jetpack_seo_html_title":"","jetpack_seo_noindex":false,"_jetpack_memberships_contains_paid_content":false,"footnotes":""},"categories":[15,105],"tags":[],"class_list":["post-100748","post","type-post","status-publish","format-standard","has-post-thumbnail","hentry","category-comunidad","category-covid-19"],"jetpack_featured_media_url":"https:\/\/i0.wp.com\/eltrabajo.cl\/portal\/wp-content\/uploads\/2020\/07\/Sabores1.jpg?fit=580%2C360&ssl=1","jetpack_sharing_enabled":true,"jetpack_likes_enabled":true,"jetpack-related-posts":[],"_links":{"self":[{"href":"https:\/\/eltrabajo.cl\/portal\/wp-json\/wp\/v2\/posts\/100748","targetHints":{"allow":["GET"]}}],"collection":[{"href":"https:\/\/eltrabajo.cl\/portal\/wp-json\/wp\/v2\/posts"}],"about":[{"href":"https:\/\/eltrabajo.cl\/portal\/wp-json\/wp\/v2\/types\/post"}],"author":[{"embeddable":true,"href":"https:\/\/eltrabajo.cl\/portal\/wp-json\/wp\/v2\/users\/482"}],"replies":[{"embeddable":true,"href":"https:\/\/eltrabajo.cl\/portal\/wp-json\/wp\/v2\/comments?post=100748"}],"version-history":[{"count":0,"href":"https:\/\/eltrabajo.cl\/portal\/wp-json\/wp\/v2\/posts\/100748\/revisions"}],"wp:featuredmedia":[{"embeddable":true,"href":"https:\/\/eltrabajo.cl\/portal\/wp-json\/wp\/v2\/media\/100749"}],"wp:attachment":[{"href":"https:\/\/eltrabajo.cl\/portal\/wp-json\/wp\/v2\/media?parent=100748"}],"wp:term":[{"taxonomy":"category","embeddable":true,"href":"https:\/\/eltrabajo.cl\/portal\/wp-json\/wp\/v2\/categories?post=100748"},{"taxonomy":"post_tag","embeddable":true,"href":"https:\/\/eltrabajo.cl\/portal\/wp-json\/wp\/v2\/tags?post=100748"}],"curies":[{"name":"wp","href":"https:\/\/api.w.org\/{rel}","templated":true}]}}