{"id":100758,"date":"2020-07-20T08:00:18","date_gmt":"2020-07-20T12:00:18","guid":{"rendered":"https:\/\/www.eltrabajo.cl\/portal\/?p=100758"},"modified":"2020-07-19T21:42:34","modified_gmt":"2020-07-20T01:42:34","slug":"delincuente-asalta-sin-compasion-a-joven-arrastrandola-por-el-suelo","status":"publish","type":"post","link":"https:\/\/eltrabajo.cl\/portal\/delincuente-asalta-sin-compasion-a-joven-arrastrandola-por-el-suelo\/","title":{"rendered":"Delincuente asalta sin compasi\u00f3n a joven arrastr\u00e1ndola por el suelo"},"content":{"rendered":"<p style=\"text-align: justify;\">Una joven fue asaltada y arrastrada por el suelo, luego que un cobarde y solitario delincuente al verla que caminaba sola por la calle la atacara sin piedad para robarle su cartera. Este hecho ocurri\u00f3 el viernes en la ma\u00f1ana a eso de las 08:05 horas en calle Sim\u00f3n Bol\u00edvar de Poblaci\u00f3n Eusebio Lillo, cerca de calle Chorrillos, sector poniente de la ciudad, en los momentos que la v\u00edctima se dirig\u00eda desde su casa al trabajo que se ubica en la Municipalidad de San Felipe.<\/p>\n<p style=\"text-align: justify;\">Se trata de <strong>Romina P\u00e9rez<\/strong> de 25 a\u00f1os de edad, quien al ser entrevistada por nuestro medio relat\u00f3 los dif\u00edciles momentos vividos la ma\u00f1ana de este viernes y lo peor fue, que pas\u00f3 un veh\u00edculo por el lugar cuyo conductor o conductora sin un atisbo de solidaridad sigui\u00f3 su trayecto como si nada. Como se aprecia en un v\u00eddeo del asalto.<\/p>\n<p style=\"text-align: justify;\"><strong>Ac\u00e1 su relato de ese d\u00eda: <\/strong>\u00ab<em>Iba saliendo hacia mi trabajo a eso de las 08:05 el d\u00eda viernes, por ah\u00ed en Sim\u00f3n Bol\u00edvar frente a la casa donde est\u00e1n las c\u00e1maras sent\u00ed que me agarraron la cartera por detr\u00e1s y despu\u00e9s me agarraron el celular, despu\u00e9s empec\u00e9 a forcejear para que no me quitara la cartera ah\u00ed me empez\u00f3 a tirar, me ca\u00ed y me empez\u00f3 a arrastrar me debi\u00f3 haber arrastrado como unos dos metros m\u00e1s o menos ya de ah\u00ed la solt\u00e9 y qued\u00e9 en el suelo, pas\u00f3 un auto y no me prest\u00f3 ayuda, tom\u00e9 mis lentes y me vine a la casa<\/em>\u00bb, se\u00f1ala la afectada<\/p>\n<p style=\"text-align: justify;\">&#8211; <strong>\u00bfQu\u00e9 pensaste en ese instante de ser asaltada de esa manera?<\/strong><\/p>\n<p style=\"text-align: justify;\">&#8211; Me dio miedo, en ning\u00fan momento me habl\u00f3, no me dijo nada, pero qued\u00e9 como en shock no pens\u00e9 en realidad nada.<\/p>\n<p style=\"text-align: justify;\">&#8211; <strong>\u00bfAlguna recomendaci\u00f3n que usted le d\u00e9 a los vecinos o solicitud a las autoridades respecto a este tipo de hechos?<\/strong><\/p>\n<p style=\"text-align: justify;\">&#8211; Que se cuiden, ac\u00e1 hay mucha gente buena que sale a trabajar temprano y normalmente a esa hora nunca hay nadie.<\/p>\n<p style=\"text-align: justify;\">En esa misma l\u00ednea reiter\u00f3 el llamado a las personas \u00ab<em>a tener cuidado con los ni\u00f1os, porque quiz\u00e1s puede salir alguna mam\u00e1 al hospital quiz\u00e1s y salga con su beb\u00e9 la pueden asaltar y no hay nadie, nadie le presta ayuda<\/em>\u00bb, dijo Romina.<\/p>\n<p style=\"text-align: justify;\">Lamentablemente nunca hab\u00eda visto al sujeto que la asalt\u00f3, eso s\u00ed dicen que es muy conocida en el sector por informaci\u00f3n entregada por amistades.<\/p>\n<figure id=\"attachment_100760\" aria-describedby=\"caption-attachment-100760\" style=\"width: 580px\" class=\"wp-caption aligncenter\"><img data-recalc-dims=\"1\" loading=\"lazy\" decoding=\"async\" class=\"size-full wp-image-100760\" src=\"https:\/\/i0.wp.com\/eltrabajo.cl\/portal\/wp-content\/uploads\/2020\/07\/Arrastrada2.jpg?resize=580%2C360&#038;ssl=1\" alt=\"El delincuente forcejeando con la v\u00edctima para robarle su cartera qued\u00f3 grabado en c\u00e1maras.\" width=\"580\" height=\"360\" srcset=\"https:\/\/i0.wp.com\/eltrabajo.cl\/portal\/wp-content\/uploads\/2020\/07\/Arrastrada2.jpg?w=580&amp;ssl=1 580w, https:\/\/i0.wp.com\/eltrabajo.cl\/portal\/wp-content\/uploads\/2020\/07\/Arrastrada2.jpg?resize=300%2C186&amp;ssl=1 300w, https:\/\/i0.wp.com\/eltrabajo.cl\/portal\/wp-content\/uploads\/2020\/07\/Arrastrada2.jpg?resize=200%2C124&amp;ssl=1 200w\" sizes=\"auto, (max-width: 580px) 100vw, 580px\" \/><figcaption id=\"caption-attachment-100760\" class=\"wp-caption-text\">El delincuente forcejeando con la v\u00edctima para robarle su cartera qued\u00f3 grabado en c\u00e1maras.<\/figcaption><\/figure>\n<figure id=\"attachment_100759\" aria-describedby=\"caption-attachment-100759\" style=\"width: 580px\" class=\"wp-caption aligncenter\"><img data-recalc-dims=\"1\" loading=\"lazy\" decoding=\"async\" class=\"size-full wp-image-100759\" src=\"https:\/\/i0.wp.com\/eltrabajo.cl\/portal\/wp-content\/uploads\/2020\/07\/Arrastrada1.jpg?resize=580%2C360&#038;ssl=1\" alt=\"La v\u00edctima qued\u00f3 en el suelo mientras el delincuente emprende r\u00e1pidamente la fuga.\" width=\"580\" height=\"360\" srcset=\"https:\/\/i0.wp.com\/eltrabajo.cl\/portal\/wp-content\/uploads\/2020\/07\/Arrastrada1.jpg?w=580&amp;ssl=1 580w, https:\/\/i0.wp.com\/eltrabajo.cl\/portal\/wp-content\/uploads\/2020\/07\/Arrastrada1.jpg?resize=300%2C186&amp;ssl=1 300w, https:\/\/i0.wp.com\/eltrabajo.cl\/portal\/wp-content\/uploads\/2020\/07\/Arrastrada1.jpg?resize=200%2C124&amp;ssl=1 200w\" sizes=\"auto, (max-width: 580px) 100vw, 580px\" \/><figcaption id=\"caption-attachment-100759\" class=\"wp-caption-text\">La v\u00edctima qued\u00f3 en el suelo mientras el delincuente emprende r\u00e1pidamente la fuga.<\/figcaption><\/figure>\n<figure id=\"attachment_100761\" aria-describedby=\"caption-attachment-100761\" style=\"width: 579px\" class=\"wp-caption aligncenter\"><img data-recalc-dims=\"1\" loading=\"lazy\" decoding=\"async\" class=\"size-full wp-image-100761\" src=\"https:\/\/i0.wp.com\/eltrabajo.cl\/portal\/wp-content\/uploads\/2020\/07\/Romina-Perez-Zegovia.jpg?resize=579%2C600&#038;ssl=1\" alt=\"Romina, la joven v\u00edctima, result\u00f3 profundamente impactada por la lamentable experiencia vivida.\" width=\"579\" height=\"600\" srcset=\"https:\/\/i0.wp.com\/eltrabajo.cl\/portal\/wp-content\/uploads\/2020\/07\/Romina-Perez-Zegovia.jpg?w=579&amp;ssl=1 579w, https:\/\/i0.wp.com\/eltrabajo.cl\/portal\/wp-content\/uploads\/2020\/07\/Romina-Perez-Zegovia.jpg?resize=290%2C300&amp;ssl=1 290w, https:\/\/i0.wp.com\/eltrabajo.cl\/portal\/wp-content\/uploads\/2020\/07\/Romina-Perez-Zegovia.jpg?resize=145%2C150&amp;ssl=1 145w\" sizes=\"auto, (max-width: 579px) 100vw, 579px\" \/><figcaption id=\"caption-attachment-100761\" class=\"wp-caption-text\">Romina, la joven v\u00edctima, result\u00f3 profundamente impactada por la lamentable experiencia vivida.<\/figcaption><\/figure>\n","protected":false},"excerpt":{"rendered":"<p>Una joven fue asaltada y arrastrada por el suelo, luego que un cobarde y solitario delincuente al verla que caminaba sola por la calle la atacara sin piedad para robarle su cartera&#8230;.<\/p>\n","protected":false},"author":482,"featured_media":100759,"comment_status":"closed","ping_status":"open","sticky":false,"template":"","format":"standard","meta":{"advanced_seo_description":"","jetpack_seo_html_title":"","jetpack_seo_noindex":false,"_jetpack_memberships_contains_paid_content":false,"footnotes":""},"categories":[21],"tags":[],"class_list":["post-100758","post","type-post","status-publish","format-standard","has-post-thumbnail","hentry","category-policial"],"jetpack_featured_media_url":"https:\/\/i0.wp.com\/eltrabajo.cl\/portal\/wp-content\/uploads\/2020\/07\/Arrastrada1.jpg?fit=580%2C360&ssl=1","jetpack_sharing_enabled":true,"jetpack_likes_enabled":true,"jetpack-related-posts":[],"_links":{"self":[{"href":"https:\/\/eltrabajo.cl\/portal\/wp-json\/wp\/v2\/posts\/100758","targetHints":{"allow":["GET"]}}],"collection":[{"href":"https:\/\/eltrabajo.cl\/portal\/wp-json\/wp\/v2\/posts"}],"about":[{"href":"https:\/\/eltrabajo.cl\/portal\/wp-json\/wp\/v2\/types\/post"}],"author":[{"embeddable":true,"href":"https:\/\/eltrabajo.cl\/portal\/wp-json\/wp\/v2\/users\/482"}],"replies":[{"embeddable":true,"href":"https:\/\/eltrabajo.cl\/portal\/wp-json\/wp\/v2\/comments?post=100758"}],"version-history":[{"count":0,"href":"https:\/\/eltrabajo.cl\/portal\/wp-json\/wp\/v2\/posts\/100758\/revisions"}],"wp:featuredmedia":[{"embeddable":true,"href":"https:\/\/eltrabajo.cl\/portal\/wp-json\/wp\/v2\/media\/100759"}],"wp:attachment":[{"href":"https:\/\/eltrabajo.cl\/portal\/wp-json\/wp\/v2\/media?parent=100758"}],"wp:term":[{"taxonomy":"category","embeddable":true,"href":"https:\/\/eltrabajo.cl\/portal\/wp-json\/wp\/v2\/categories?post=100758"},{"taxonomy":"post_tag","embeddable":true,"href":"https:\/\/eltrabajo.cl\/portal\/wp-json\/wp\/v2\/tags?post=100758"}],"curies":[{"name":"wp","href":"https:\/\/api.w.org\/{rel}","templated":true}]}}