{"id":100773,"date":"2020-07-21T07:45:53","date_gmt":"2020-07-21T11:45:53","guid":{"rendered":"https:\/\/www.eltrabajo.cl\/portal\/?p=100773"},"modified":"2020-07-20T22:04:45","modified_gmt":"2020-07-21T02:04:45","slug":"ya-esta-en-funcionamiento-el-comedor-solidario-una-mano-ayuda-a-la-otra-2","status":"publish","type":"post","link":"https:\/\/eltrabajo.cl\/portal\/ya-esta-en-funcionamiento-el-comedor-solidario-una-mano-ayuda-a-la-otra-2\/","title":{"rendered":"Ya est\u00e1 en funcionamiento el \u2018Comedor Solidario Una Mano ayuda a la otra 2\u2019"},"content":{"rendered":"<p style=\"text-align: left;\"><span style=\"color: #c81400;\"><strong>Vecinos en Calle Larga beneficiados con iniciativa de familia sanfelipe\u00f1a:<\/strong><\/span><\/p>\n<p style=\"text-align: justify;\">Tanto ha sido el \u00e9xito del \u2018<strong>Comedor Solidario Una Mano ayuda a la otra<\/strong>\u2019, de San Felipe, que hace pocas semanas la familia que lo puso en funcionamiento en nuestra comuna atendi\u00f3 los llamados de vecinos de Calle Larga y decidieron sus integrantes instalar un segundo comedor en conjunto con feriantes del cerro Patagual. Esta Olla Com\u00fan est\u00e1 ubicada en La Pampilla, Avenida Pedro Aguirre Cerda casa 195, comuna de Calle larga.<\/p>\n<p style=\"text-align: justify;\"><span style=\"color: #c81400;\"><strong>FERIANTES Y VECINOS<\/strong><\/span><\/p>\n<p style=\"text-align: justify;\">Ante dichas razones y motivos tan altruistas, este domingo <strong>Diario El Trabajo<\/strong> visit\u00f3 este Comedor para conocer c\u00f3mo funciona esta iniciativa de amor y solidaridad, por eso hablamos con la encargada <strong>Claudia Vargas Lobos<\/strong>.<\/p>\n<p style=\"text-align: justify;\">\u00ab<em>Debido a la cooperaci\u00f3n y compromiso de los vecinos de la comuna de Calle Larga, este mes de julio iniciamos con nuestro \u2018Comedor Solidario Una Mano ayuda a la otra\u2019, que se realiza por parte de nuestra familia y de nuestros amigos y colaboradores, entre ellos <strong>Dina Gonz\u00e1lez<\/strong>, <strong>Francisco Goiri<\/strong>, <strong>feriantes del Cerro Patagual<\/strong>, <strong>Carnes Max<\/strong>, <strong>Adelina Salinas<\/strong> y muchas personas m\u00e1s, quienes se unieron a nuestra causa entregando dos domingos consecutivos un total de 200 colaciones con sus respectivas ensaladas, pan y postre, ayudas que llegan a las familias m\u00e1s necesitadas de la comuna de Calle Larga. Esta iniciativa seguir\u00e1 entregando las colaciones solidarias, en forma de agradecimiento y compromiso para con nuestra gente, haciendo extensiva la entrega de las colaciones solidarias a los domicilios de personas de la tercera edad, minusv\u00e1lidos, postrados y contagiados por Covid-19, manteniendo todas las medidas de seguridad posibles. La Olla Com\u00fan se encuentra ubicada en La Pampilla y nuestro lema es: \u2018<strong>Te cambiamos una colaci\u00f3n solidaria por una sonrisa<\/strong>\u2019<\/em>\u00bb, dijo Vargas a nuestro medio.<\/p>\n<p style=\"text-align: justify;\">&#8211; <strong>\u00bfC\u00f3mo naci\u00f3 la iniciativa?<\/strong><\/p>\n<p style=\"text-align: justify;\">&#8211; Bueno yo participo de la Olla Com\u00fan que mantiene mi hermana en la ciudad de San Felipe y debido a que en mi comuna se est\u00e1 pasando por problemas serios de cesant\u00eda, decidimos junto a un grupo de amigos y familiares formar esta Olla Com\u00fan.<\/p>\n<p style=\"text-align: justify;\">&#8211; <strong>\u00bfC\u00f3mo hacen para realizar las entregas a personas que se encuentran contagiadas o imposibilitadas para salir de su casa a retirar la alimentaci\u00f3n?<\/strong><\/p>\n<p style=\"text-align: justify;\">&#8211; Nosotros contamos con los veh\u00edculos particulares y se realizan las entregas con las m\u00e1ximas medidas de seguridad.<\/p>\n<p style=\"text-align: justify;\">&#8211; <strong>\u00bfCu\u00e1l es la sensaci\u00f3n que se siente el poder entregar un plato de comida a la gente de la comuna?<\/strong><\/p>\n<p style=\"text-align: justify;\">&#8211; Es una sensaci\u00f3n que nos llena el alma como personas al poder entregar sin esperar nada a cambio, s\u00f3lo la tranquilidad que una familia podr\u00e1 comer tranquilamente.<\/p>\n<p style=\"text-align: justify;\">&#8211; <strong>\u00bfC\u00f3mo pueden nuestros lectores unirse a esta solidaria iniciativa?<\/strong><\/p>\n<p style=\"text-align: justify;\">&#8211; Pueden llamarnos al <strong>+56 9 9776 6276<\/strong>.<\/p>\n<p style=\"text-align: justify;\"><strong>Roberto Gonz\u00e1lez Short<\/strong><\/p>\n<figure id=\"attachment_100774\" aria-describedby=\"caption-attachment-100774\" style=\"width: 580px\" class=\"wp-caption aligncenter\"><img data-recalc-dims=\"1\" loading=\"lazy\" decoding=\"async\" class=\"size-full wp-image-100774\" src=\"https:\/\/i0.wp.com\/eltrabajo.cl\/portal\/wp-content\/uploads\/2020\/07\/Otra-Mano1.jpg?resize=580%2C359&#038;ssl=1\" alt=\"FAMILIA IMPARABLE.- Ellos son parte del grupo familiar que viene desarrollando Comedores Solidarios en el valle, tienen ya uno en Poblaci\u00f3n San Felipe y otro en Calle Larga.\" width=\"580\" height=\"359\" srcset=\"https:\/\/i0.wp.com\/eltrabajo.cl\/portal\/wp-content\/uploads\/2020\/07\/Otra-Mano1.jpg?w=580&amp;ssl=1 580w, https:\/\/i0.wp.com\/eltrabajo.cl\/portal\/wp-content\/uploads\/2020\/07\/Otra-Mano1.jpg?resize=300%2C186&amp;ssl=1 300w, https:\/\/i0.wp.com\/eltrabajo.cl\/portal\/wp-content\/uploads\/2020\/07\/Otra-Mano1.jpg?resize=200%2C124&amp;ssl=1 200w\" sizes=\"auto, (max-width: 580px) 100vw, 580px\" \/><figcaption id=\"caption-attachment-100774\" class=\"wp-caption-text\">FAMILIA IMPARABLE.- Ellos son parte del grupo familiar que viene desarrollando Comedores Solidarios en el valle, tienen ya uno en Poblaci\u00f3n San Felipe y otro en Calle Larga.<\/figcaption><\/figure>\n<p style=\"text-align: justify;\"><img data-recalc-dims=\"1\" loading=\"lazy\" decoding=\"async\" class=\"aligncenter size-full wp-image-100775\" src=\"https:\/\/i0.wp.com\/eltrabajo.cl\/portal\/wp-content\/uploads\/2020\/07\/Otra-Mano2.jpg?resize=580%2C358&#038;ssl=1\" alt=\"\" width=\"580\" height=\"358\" srcset=\"https:\/\/i0.wp.com\/eltrabajo.cl\/portal\/wp-content\/uploads\/2020\/07\/Otra-Mano2.jpg?w=580&amp;ssl=1 580w, https:\/\/i0.wp.com\/eltrabajo.cl\/portal\/wp-content\/uploads\/2020\/07\/Otra-Mano2.jpg?resize=300%2C185&amp;ssl=1 300w, https:\/\/i0.wp.com\/eltrabajo.cl\/portal\/wp-content\/uploads\/2020\/07\/Otra-Mano2.jpg?resize=200%2C123&amp;ssl=1 200w\" sizes=\"auto, (max-width: 580px) 100vw, 580px\" \/> <img data-recalc-dims=\"1\" loading=\"lazy\" decoding=\"async\" class=\"aligncenter size-full wp-image-100776\" src=\"https:\/\/i0.wp.com\/eltrabajo.cl\/portal\/wp-content\/uploads\/2020\/07\/Otra-Mano3.jpg?resize=580%2C359&#038;ssl=1\" alt=\"\" width=\"580\" height=\"359\" srcset=\"https:\/\/i0.wp.com\/eltrabajo.cl\/portal\/wp-content\/uploads\/2020\/07\/Otra-Mano3.jpg?w=580&amp;ssl=1 580w, https:\/\/i0.wp.com\/eltrabajo.cl\/portal\/wp-content\/uploads\/2020\/07\/Otra-Mano3.jpg?resize=300%2C186&amp;ssl=1 300w, https:\/\/i0.wp.com\/eltrabajo.cl\/portal\/wp-content\/uploads\/2020\/07\/Otra-Mano3.jpg?resize=200%2C124&amp;ssl=1 200w\" sizes=\"auto, (max-width: 580px) 100vw, 580px\" \/><\/p>\n<figure id=\"attachment_100778\" aria-describedby=\"caption-attachment-100778\" style=\"width: 580px\" class=\"wp-caption aligncenter\"><img data-recalc-dims=\"1\" loading=\"lazy\" decoding=\"async\" class=\"size-full wp-image-100778\" src=\"https:\/\/i0.wp.com\/eltrabajo.cl\/portal\/wp-content\/uploads\/2020\/07\/Otra-Mano5.jpg?resize=580%2C358&#038;ssl=1\" alt=\"Este exquisito pescado empanizado con sus guarniciones y postres fueron entregados este domingo en Calle Larga.\" width=\"580\" height=\"358\" srcset=\"https:\/\/i0.wp.com\/eltrabajo.cl\/portal\/wp-content\/uploads\/2020\/07\/Otra-Mano5.jpg?w=580&amp;ssl=1 580w, https:\/\/i0.wp.com\/eltrabajo.cl\/portal\/wp-content\/uploads\/2020\/07\/Otra-Mano5.jpg?resize=300%2C185&amp;ssl=1 300w, https:\/\/i0.wp.com\/eltrabajo.cl\/portal\/wp-content\/uploads\/2020\/07\/Otra-Mano5.jpg?resize=200%2C123&amp;ssl=1 200w\" sizes=\"auto, (max-width: 580px) 100vw, 580px\" \/><figcaption id=\"caption-attachment-100778\" class=\"wp-caption-text\">Este exquisito pescado empanizado con sus guarniciones y postres fueron entregados este domingo en Calle Larga.<\/figcaption><\/figure>\n<p style=\"text-align: justify;\"><img data-recalc-dims=\"1\" loading=\"lazy\" decoding=\"async\" class=\"aligncenter size-full wp-image-100777\" src=\"https:\/\/i0.wp.com\/eltrabajo.cl\/portal\/wp-content\/uploads\/2020\/07\/Otra-Mano4.jpg?resize=579%2C501&#038;ssl=1\" alt=\"\" width=\"579\" height=\"501\" srcset=\"https:\/\/i0.wp.com\/eltrabajo.cl\/portal\/wp-content\/uploads\/2020\/07\/Otra-Mano4.jpg?w=579&amp;ssl=1 579w, https:\/\/i0.wp.com\/eltrabajo.cl\/portal\/wp-content\/uploads\/2020\/07\/Otra-Mano4.jpg?resize=300%2C260&amp;ssl=1 300w, https:\/\/i0.wp.com\/eltrabajo.cl\/portal\/wp-content\/uploads\/2020\/07\/Otra-Mano4.jpg?resize=173%2C150&amp;ssl=1 173w\" sizes=\"auto, (max-width: 579px) 100vw, 579px\" \/><\/p>\n<figure id=\"attachment_100779\" aria-describedby=\"caption-attachment-100779\" style=\"width: 579px\" class=\"wp-caption aligncenter\"><img data-recalc-dims=\"1\" loading=\"lazy\" decoding=\"async\" class=\"size-full wp-image-100779\" src=\"https:\/\/i0.wp.com\/eltrabajo.cl\/portal\/wp-content\/uploads\/2020\/07\/Otra-Mano_Claudia-Vargas-Lobos.jpg?resize=579%2C691&#038;ssl=1\" alt=\"Claudia Vargas Lobos, lideresa comunitaria que es apoyada por muchos vecinos en esta iniciativa.\" width=\"579\" height=\"691\" srcset=\"https:\/\/i0.wp.com\/eltrabajo.cl\/portal\/wp-content\/uploads\/2020\/07\/Otra-Mano_Claudia-Vargas-Lobos.jpg?w=579&amp;ssl=1 579w, https:\/\/i0.wp.com\/eltrabajo.cl\/portal\/wp-content\/uploads\/2020\/07\/Otra-Mano_Claudia-Vargas-Lobos.jpg?resize=251%2C300&amp;ssl=1 251w, https:\/\/i0.wp.com\/eltrabajo.cl\/portal\/wp-content\/uploads\/2020\/07\/Otra-Mano_Claudia-Vargas-Lobos.jpg?resize=126%2C150&amp;ssl=1 126w\" sizes=\"auto, (max-width: 579px) 100vw, 579px\" \/><figcaption id=\"caption-attachment-100779\" class=\"wp-caption-text\">Claudia Vargas Lobos, lideresa comunitaria que es apoyada por muchos vecinos en esta iniciativa.<\/figcaption><\/figure>\n","protected":false},"excerpt":{"rendered":"<p>Vecinos en Calle Larga beneficiados con iniciativa de familia sanfelipe\u00f1a: Tanto ha sido el \u00e9xito del \u2018Comedor Solidario Una Mano ayuda a la otra\u2019, de San Felipe, que hace pocas semanas la&#8230;<\/p>\n","protected":false},"author":482,"featured_media":100774,"comment_status":"closed","ping_status":"open","sticky":false,"template":"","format":"standard","meta":{"advanced_seo_description":"","jetpack_seo_html_title":"","jetpack_seo_noindex":false,"_jetpack_memberships_contains_paid_content":false,"footnotes":""},"categories":[15,105],"tags":[],"class_list":["post-100773","post","type-post","status-publish","format-standard","has-post-thumbnail","hentry","category-comunidad","category-covid-19"],"jetpack_featured_media_url":"https:\/\/i0.wp.com\/eltrabajo.cl\/portal\/wp-content\/uploads\/2020\/07\/Otra-Mano1.jpg?fit=580%2C359&ssl=1","jetpack_sharing_enabled":true,"jetpack_likes_enabled":true,"jetpack-related-posts":[],"_links":{"self":[{"href":"https:\/\/eltrabajo.cl\/portal\/wp-json\/wp\/v2\/posts\/100773","targetHints":{"allow":["GET"]}}],"collection":[{"href":"https:\/\/eltrabajo.cl\/portal\/wp-json\/wp\/v2\/posts"}],"about":[{"href":"https:\/\/eltrabajo.cl\/portal\/wp-json\/wp\/v2\/types\/post"}],"author":[{"embeddable":true,"href":"https:\/\/eltrabajo.cl\/portal\/wp-json\/wp\/v2\/users\/482"}],"replies":[{"embeddable":true,"href":"https:\/\/eltrabajo.cl\/portal\/wp-json\/wp\/v2\/comments?post=100773"}],"version-history":[{"count":0,"href":"https:\/\/eltrabajo.cl\/portal\/wp-json\/wp\/v2\/posts\/100773\/revisions"}],"wp:featuredmedia":[{"embeddable":true,"href":"https:\/\/eltrabajo.cl\/portal\/wp-json\/wp\/v2\/media\/100774"}],"wp:attachment":[{"href":"https:\/\/eltrabajo.cl\/portal\/wp-json\/wp\/v2\/media?parent=100773"}],"wp:term":[{"taxonomy":"category","embeddable":true,"href":"https:\/\/eltrabajo.cl\/portal\/wp-json\/wp\/v2\/categories?post=100773"},{"taxonomy":"post_tag","embeddable":true,"href":"https:\/\/eltrabajo.cl\/portal\/wp-json\/wp\/v2\/tags?post=100773"}],"curies":[{"name":"wp","href":"https:\/\/api.w.org\/{rel}","templated":true}]}}