{"id":100782,"date":"2020-07-21T07:50:16","date_gmt":"2020-07-21T11:50:16","guid":{"rendered":"https:\/\/www.eltrabajo.cl\/portal\/?p=100782"},"modified":"2020-07-20T22:04:57","modified_gmt":"2020-07-21T02:04:57","slug":"fanatico-del-uni-uni-usca-que-los-hinchas-escriban-sus-recuerdos-en-un-libro","status":"publish","type":"post","link":"https:\/\/eltrabajo.cl\/portal\/fanatico-del-uni-uni-usca-que-los-hinchas-escriban-sus-recuerdos-en-un-libro\/","title":{"rendered":"Fan\u00e1tico del Un\u00ed Un\u00ed usca que los hinchas escriban sus recuerdos en un libro"},"content":{"rendered":"<p style=\"text-align: justify;\"><span style=\"color: #c81400;\"><strong>\u2018Vitoko\u2019 Urbina se reinventa entre recuerdos para no morir de pena<\/strong><\/span><\/p>\n<p style=\"text-align: justify;\">Muchos lo conocen y saben que el Un\u00ed Un\u00ed es su equipo de sus amores desde que apenas era un ni\u00f1o. Nos referimos al emblem\u00e1tico hincha de Uni\u00f3n San Felipe por excelencia, <strong>V\u00edctor Urbina Lencioni<\/strong>, conocido popularmente como \u2018<strong>Vitoko<\/strong>\u2019. Este popular sanfelipe\u00f1o respira f\u00fatbol, se sabe la historia de las peque\u00f1as y grandes figuras de nuestro club local, y colecciona todo tipo de recuerdos del club y de sus exjugadores.<\/p>\n<p style=\"text-align: justify;\"><strong>Diario El Trabajo<\/strong> habl\u00f3 con \u2018Vitoko\u2019 este lunes, pues en tiempos de Pandemia todo lo relacionado a los partidos de f\u00fatbol est\u00e1 suspendido hasta que la crisis sanitaria termine. Al llegar a su local de venta de alimentos para mascotas lo encontramos sentado, algo desanimado y apenas con ganas de atender a sus clientes.<\/p>\n<p style=\"text-align: justify;\">&#8211; <strong>\u00bfC\u00f3mo va ese \u00e1nimo amigo Vitoko?<\/strong><\/p>\n<p style=\"text-align: justify;\">&#8211; Apenas para pasar el d\u00eda, me permiten abrir el local porque mis productos para mascotas entran en la categor\u00eda de primera necesidad, pues en casi todas las casas de la comuna hay una o varias mascotas. En lo deportivo y recreativo no tanto, todo est\u00e1 detenidos y s\u00f3lo me resta estar ac\u00e1 con mis recuerdos de mi amado Un\u00ed Un\u00ed.<\/p>\n<p style=\"text-align: justify;\">&#8211; <strong>\u00bfSe siente\u00a0 muy \u2018bajoneado\u2019 sin partidos ni batucadas?<\/strong><\/p>\n<p style=\"text-align: justify;\">&#8211; Bueno para m\u00ed es como que me hubieran arrancado el coraz\u00f3n, es como si me hubieran sacado de mi persona, pues yo estaba acostumbrado a salir a los partidos a seguir la jugada, a ver qu\u00e9 jugador no lleg\u00f3. Me falta algo, no me siento bien an\u00edmicamente, a veces hago cosas para salir de la pena. La vez pasada pint\u00e9 la vereda, me pongo una camiseta, pero no soy feliz, incluso ahora cuando empez\u00f3 este tema, se me ocurri\u00f3 crear un libro de recuerdos de Registros.<\/p>\n<p style=\"text-align: justify;\">&#8211; <strong>\u00bfC\u00f3mo funciona este libro de Registros del Un\u00ed?<\/strong><\/p>\n<p style=\"text-align: justify;\">&#8211; S\u00ed, es un grueso libro para que exjugadores, hinchas, jugadores activos, \u00e1rbitros, vecinos y familiares de jugadores ya fallecidos puedan dejar sus comentarios, dedicatorias, fotos y an\u00e9cdotas de la historia del club con su pu\u00f1o y letra.<\/p>\n<p style=\"text-align: justify;\">&#8211; <strong>\u00bfQui\u00e9nes le visitan ahora que estamos todos en Cuarentena Obligatoria?<\/strong><\/p>\n<p style=\"text-align: justify;\">&#8211; Varias figuras del Club pasan a saludar a veces, cuando llega por ejemplo el <strong>\u2018Cocoa\u2019 Villarroel<\/strong> que jug\u00f3 en 1970-1972, cuesta sacarle informaci\u00f3n, pero s\u00ed me ayuda a cambiar el \u00e1nimo. Tambi\u00e9n me visitan y dejan anotados recuerdos en el libro <strong>\u2018El Mono\u2019 G\u00e1lvez<\/strong>, el <strong>Hugo Quijanes<\/strong>, llegan periodistas y personas con fotos antiguas, todos ellos me animan a seguir adelante, porque yo veo que ser\u00e1 muy dif\u00edcil que podamos volver al Tabl\u00f3n, como se dice, y sentarme en el estadio y vivir un partido como antes.<\/p>\n<p style=\"text-align: justify;\">&#8211; <strong>\u00bfPor qu\u00e9 considera usted que es importante que cada ciudad tenga su club deportivo activo?<\/strong><\/p>\n<p style=\"text-align: justify;\">&#8211; Lo que pasa es que&#8230; como que somos otra persona cuando estamos en el estadio viendo un partido. Podemos ser muy tranquilos en la casa, en el barrio, pero cuando estamos en un estadio como que explotamos, nos relajamos, gritamos, nos enojamos con el \u00e1rbitro, le gritamos al portero que la hizo mal y ah\u00ed empezamos a opinar, ah\u00ed entonces sacamos nuestra voz y gritamos cuando hay un gol es lo m\u00e1ximo que nos puede pasar en un partido.<\/p>\n<p style=\"text-align: justify;\">&#8211; <strong>\u00bfCu\u00e1l cree usted que ha sido la mejor Generaci\u00f3n del Uni\u00f3n San Felipe?<\/strong><\/p>\n<p style=\"text-align: justify;\">&#8211; Pese a que ganamos esta Copa en 2009-2010, la mejor \u00e9poca del Club fue en 1971, porque el f\u00fatbol era otro, los hinchas y los jugadores eran diferentes, porque muchos eran conocidos, de nuestra misma ciudad, porque los jugadores de ahora llegan ac\u00e1, no los conocemos. Yo por ejemplo guardo recuerdos de jugadores de esos a\u00f1os como <strong>David Fern\u00e1ndez<\/strong>, jug\u00f3 300 partidos con el Un\u00ed Un\u00ed y le dieron un diploma; <strong>David Fern\u00e1ndez<\/strong> luego se fue a otro equipo; recuerdo tambi\u00e9n al <strong>\u2018Kike\u2019 Acu\u00f1a<\/strong>, un jugador que siempre ha estado conmigo, \u00e9l siempre viene a visitarme tambi\u00e9n, cuando la gente viene ac\u00e1 y ven las fotos y recortes de diarios, comprenden entonces que s\u00ed busco la historia del Club.<\/p>\n<p style=\"text-align: justify;\">&#8211; <strong>\u00bfC\u00f3mo le fue con la solicitud que hizo usted en La Moneda para que mejoren nuestro estadio?<\/strong><\/p>\n<p style=\"text-align: justify;\">&#8211; El 2 de marzo de 2019 yo fui a La Moneda y present\u00e9 una carta para que el Gobierno mejore nuestro estadio, de ah\u00ed me mandaron a la Seremi del Deporte, luego al Ministerio del Deporte, me explicaron todo el proceso. Yo solicito que se mejore nuestro estadio. Al final de cuentas vino el estallido social y despu\u00e9s la Pandemia, todo qued\u00f3 congelado, aunque fui de nuevo a La Moneda con la nueva ministra, la respuesta final es que mi carta est\u00e1 en estos momentos en el Ministerio del Deporte. Yo seguir\u00e9 insistiendo.<\/p>\n<p style=\"text-align: justify;\"><strong>Roberto Gonz\u00e1lez Short<\/strong><\/p>\n<figure id=\"attachment_100783\" aria-describedby=\"caption-attachment-100783\" style=\"width: 580px\" class=\"wp-caption aligncenter\"><img data-recalc-dims=\"1\" loading=\"lazy\" decoding=\"async\" class=\"size-full wp-image-100783\" src=\"https:\/\/i0.wp.com\/eltrabajo.cl\/portal\/wp-content\/uploads\/2020\/07\/Vitoko_Victor-Urbina.jpg?resize=580%2C358&#038;ssl=1\" alt=\"EN SU REINO.- V\u00edctor Urbina nos muestra una de las nueve r\u00e9plicas de la Copa Chile, de las dem\u00e1s s\u00f3lo se sabe que existe una en el Club.\" width=\"580\" height=\"358\" srcset=\"https:\/\/i0.wp.com\/eltrabajo.cl\/portal\/wp-content\/uploads\/2020\/07\/Vitoko_Victor-Urbina.jpg?w=580&amp;ssl=1 580w, https:\/\/i0.wp.com\/eltrabajo.cl\/portal\/wp-content\/uploads\/2020\/07\/Vitoko_Victor-Urbina.jpg?resize=300%2C185&amp;ssl=1 300w, https:\/\/i0.wp.com\/eltrabajo.cl\/portal\/wp-content\/uploads\/2020\/07\/Vitoko_Victor-Urbina.jpg?resize=200%2C123&amp;ssl=1 200w\" sizes=\"auto, (max-width: 580px) 100vw, 580px\" \/><figcaption id=\"caption-attachment-100783\" class=\"wp-caption-text\">EN SU REINO.- V\u00edctor Urbina nos muestra una de las nueve r\u00e9plicas de la Copa Chile, de las dem\u00e1s s\u00f3lo se sabe que existe una en el Club.<\/figcaption><\/figure>\n<figure id=\"attachment_100784\" aria-describedby=\"caption-attachment-100784\" style=\"width: 580px\" class=\"wp-caption aligncenter\"><img data-recalc-dims=\"1\" loading=\"lazy\" decoding=\"async\" class=\"size-full wp-image-100784\" src=\"https:\/\/i0.wp.com\/eltrabajo.cl\/portal\/wp-content\/uploads\/2020\/07\/Vitoko1.jpg?resize=580%2C358&#038;ssl=1\" alt=\"MILES DE RECUERDOS.- Aqu\u00ed vemos al \u2018Vitoko\u2019 con su colecci\u00f3n de zapatos de f\u00fatbol de exjugadores del Un\u00ed Un\u00ed, poleras y banderines.\" width=\"580\" height=\"358\" srcset=\"https:\/\/i0.wp.com\/eltrabajo.cl\/portal\/wp-content\/uploads\/2020\/07\/Vitoko1.jpg?w=580&amp;ssl=1 580w, https:\/\/i0.wp.com\/eltrabajo.cl\/portal\/wp-content\/uploads\/2020\/07\/Vitoko1.jpg?resize=300%2C185&amp;ssl=1 300w, https:\/\/i0.wp.com\/eltrabajo.cl\/portal\/wp-content\/uploads\/2020\/07\/Vitoko1.jpg?resize=200%2C123&amp;ssl=1 200w\" sizes=\"auto, (max-width: 580px) 100vw, 580px\" \/><figcaption id=\"caption-attachment-100784\" class=\"wp-caption-text\">MILES DE RECUERDOS.- Aqu\u00ed vemos al \u2018Vitoko\u2019 con su colecci\u00f3n de zapatos de f\u00fatbol de exjugadores del Un\u00ed Un\u00ed, poleras y banderines.<\/figcaption><\/figure>\n<figure id=\"attachment_100785\" aria-describedby=\"caption-attachment-100785\" style=\"width: 580px\" class=\"wp-caption aligncenter\"><img data-recalc-dims=\"1\" loading=\"lazy\" decoding=\"async\" class=\"size-full wp-image-100785\" src=\"https:\/\/i0.wp.com\/eltrabajo.cl\/portal\/wp-content\/uploads\/2020\/07\/Vitoko2.jpg?resize=580%2C358&#038;ssl=1\" alt=\"NUEVA INICIATIVA.- Este es el nuevo libro de Recuerdos en el que los hinchas del Club pueden anotar sus an\u00e9cdotas deportivas.\" width=\"580\" height=\"358\" srcset=\"https:\/\/i0.wp.com\/eltrabajo.cl\/portal\/wp-content\/uploads\/2020\/07\/Vitoko2.jpg?w=580&amp;ssl=1 580w, https:\/\/i0.wp.com\/eltrabajo.cl\/portal\/wp-content\/uploads\/2020\/07\/Vitoko2.jpg?resize=300%2C185&amp;ssl=1 300w, https:\/\/i0.wp.com\/eltrabajo.cl\/portal\/wp-content\/uploads\/2020\/07\/Vitoko2.jpg?resize=200%2C123&amp;ssl=1 200w\" sizes=\"auto, (max-width: 580px) 100vw, 580px\" \/><figcaption id=\"caption-attachment-100785\" class=\"wp-caption-text\">NUEVA INICIATIVA.- Este es el nuevo libro de Recuerdos en el que los hinchas del Club pueden anotar sus an\u00e9cdotas deportivas.<\/figcaption><\/figure>\n<p style=\"text-align: justify;\"><img data-recalc-dims=\"1\" loading=\"lazy\" decoding=\"async\" class=\"aligncenter size-full wp-image-100786\" src=\"https:\/\/i0.wp.com\/eltrabajo.cl\/portal\/wp-content\/uploads\/2020\/07\/Vitoko3.jpg?resize=580%2C358&#038;ssl=1\" alt=\"\" width=\"580\" height=\"358\" srcset=\"https:\/\/i0.wp.com\/eltrabajo.cl\/portal\/wp-content\/uploads\/2020\/07\/Vitoko3.jpg?w=580&amp;ssl=1 580w, https:\/\/i0.wp.com\/eltrabajo.cl\/portal\/wp-content\/uploads\/2020\/07\/Vitoko3.jpg?resize=300%2C185&amp;ssl=1 300w, https:\/\/i0.wp.com\/eltrabajo.cl\/portal\/wp-content\/uploads\/2020\/07\/Vitoko3.jpg?resize=200%2C123&amp;ssl=1 200w\" sizes=\"auto, (max-width: 580px) 100vw, 580px\" \/><\/p>\n","protected":false},"excerpt":{"rendered":"<p>\u2018Vitoko\u2019 Urbina se reinventa entre recuerdos para no morir de pena Muchos lo conocen y saben que el Un\u00ed Un\u00ed es su equipo de sus amores desde que apenas era un ni\u00f1o&#8230;.<\/p>\n","protected":false},"author":482,"featured_media":100784,"comment_status":"closed","ping_status":"open","sticky":false,"template":"","format":"standard","meta":{"advanced_seo_description":"","jetpack_seo_html_title":"","jetpack_seo_noindex":false,"_jetpack_memberships_contains_paid_content":false,"footnotes":""},"categories":[15],"tags":[],"class_list":["post-100782","post","type-post","status-publish","format-standard","has-post-thumbnail","hentry","category-comunidad"],"jetpack_featured_media_url":"https:\/\/i0.wp.com\/eltrabajo.cl\/portal\/wp-content\/uploads\/2020\/07\/Vitoko1.jpg?fit=580%2C358&ssl=1","jetpack_sharing_enabled":true,"jetpack_likes_enabled":true,"jetpack-related-posts":[],"_links":{"self":[{"href":"https:\/\/eltrabajo.cl\/portal\/wp-json\/wp\/v2\/posts\/100782","targetHints":{"allow":["GET"]}}],"collection":[{"href":"https:\/\/eltrabajo.cl\/portal\/wp-json\/wp\/v2\/posts"}],"about":[{"href":"https:\/\/eltrabajo.cl\/portal\/wp-json\/wp\/v2\/types\/post"}],"author":[{"embeddable":true,"href":"https:\/\/eltrabajo.cl\/portal\/wp-json\/wp\/v2\/users\/482"}],"replies":[{"embeddable":true,"href":"https:\/\/eltrabajo.cl\/portal\/wp-json\/wp\/v2\/comments?post=100782"}],"version-history":[{"count":0,"href":"https:\/\/eltrabajo.cl\/portal\/wp-json\/wp\/v2\/posts\/100782\/revisions"}],"wp:featuredmedia":[{"embeddable":true,"href":"https:\/\/eltrabajo.cl\/portal\/wp-json\/wp\/v2\/media\/100784"}],"wp:attachment":[{"href":"https:\/\/eltrabajo.cl\/portal\/wp-json\/wp\/v2\/media?parent=100782"}],"wp:term":[{"taxonomy":"category","embeddable":true,"href":"https:\/\/eltrabajo.cl\/portal\/wp-json\/wp\/v2\/categories?post=100782"},{"taxonomy":"post_tag","embeddable":true,"href":"https:\/\/eltrabajo.cl\/portal\/wp-json\/wp\/v2\/tags?post=100782"}],"curies":[{"name":"wp","href":"https:\/\/api.w.org\/{rel}","templated":true}]}}