{"id":100788,"date":"2020-07-21T07:55:13","date_gmt":"2020-07-21T11:55:13","guid":{"rendered":"https:\/\/www.eltrabajo.cl\/portal\/?p=100788"},"modified":"2020-07-20T22:07:45","modified_gmt":"2020-07-21T02:07:45","slug":"a-mano-armada-asaltan-a-familia-completa-en-su-propia-casa-en-catemu","status":"publish","type":"post","link":"https:\/\/eltrabajo.cl\/portal\/a-mano-armada-asaltan-a-familia-completa-en-su-propia-casa-en-catemu\/","title":{"rendered":"A mano armada asaltan a familia completa en su propia casa en Catemu"},"content":{"rendered":"<p style=\"text-align: justify;\"><span style=\"color: #c81400;\"><strong>Uno de los sospechosos fue detenido por Carabineros:<\/strong><\/span><\/p>\n<p style=\"text-align: justify;\">Este domingo a las 19:50 horas se registr\u00f3 un nuevo robo en calle Borjas Garc\u00eda Huidobro N\u00b060 de la comuna de Catemu, luego que cuatro individuos encapuchados y fuertemente armados ingresaron a la casa de un vecino con una violenta actitud, amenazando y apuntando con dichas armas de fuego a toda la familia en el lugar, exigiendo todas las especies de valor de los presentes.<\/p>\n<p style=\"text-align: justify;\">\n<p style=\"text-align: justify;\"><span style=\"color: #c81400;\"><strong>CAPTURAN A UNO<\/strong><\/span><\/p>\n<p style=\"text-align: justify;\">Seg\u00fan informaci\u00f3n suministrada por Carabineros de Catemu a <strong>Diario El Trabajo<\/strong>,<\/p>\n<p style=\"text-align: justify;\"><em>\u00ablos antisociales ingresaron con violencia al inmueble y asaltaron al grupo familiar, solicitando dinero y especies de valor, quienes una vez logrado su cometido huyeron del lugar, ante lo cual Carabineros procedi\u00f3 a realizar un amplio operativo conforme a las descripciones dadas por los afectados, logrando interceptar a uno de estos antisociales, quien al ver la presencia de Carabineros procedi\u00f3 a darse a la fuga, inici\u00e1ndose una persecuci\u00f3n, pudi\u00e9ndole dar alcance por parte del personal policial de la Tenencia Catemu. Al registrarle sus vestimentas, \u00e9ste manten\u00eda en su poder un rev\u00f3lver marca Gecado calibre 22, con seis cartuchos en su cilindro sin percutir, como tambi\u00e9n una pistola tipo fogueo, procediendo a la detenci\u00f3n de este sujeto de nombre <strong>J.C.H.C.<\/strong> Dicho imputado pas\u00f3 la ma\u00f1ana de este lunes a control de detenci\u00f3n al Juzgado de Garant\u00eda de San Felipe, conforme a lo instruido por el Fiscal de Turno, los dem\u00e1s delincuentes siguen siendo investigados por Carabineros<\/em>\u00bb, dijo la fuente policial.<\/p>\n<p style=\"text-align: justify;\"><strong>Roberto Gonz\u00e1lez Short<\/strong><\/p>\n<figure id=\"attachment_100789\" aria-describedby=\"caption-attachment-100789\" style=\"width: 580px\" class=\"wp-caption aligncenter\"><img data-recalc-dims=\"1\" loading=\"lazy\" decoding=\"async\" class=\"size-full wp-image-100789\" src=\"https:\/\/i0.wp.com\/eltrabajo.cl\/portal\/wp-content\/uploads\/2020\/07\/Armados1.jpg?resize=580%2C360&#038;ssl=1\" alt=\"LA CAPTURA.- Carabineros logr\u00f3 capturar a uno de los supuestos asaltantes, quien result\u00f3 portar un arma de fuego con municiones y un arma de fogueo.\" width=\"580\" height=\"360\" srcset=\"https:\/\/i0.wp.com\/eltrabajo.cl\/portal\/wp-content\/uploads\/2020\/07\/Armados1.jpg?w=580&amp;ssl=1 580w, https:\/\/i0.wp.com\/eltrabajo.cl\/portal\/wp-content\/uploads\/2020\/07\/Armados1.jpg?resize=300%2C186&amp;ssl=1 300w, https:\/\/i0.wp.com\/eltrabajo.cl\/portal\/wp-content\/uploads\/2020\/07\/Armados1.jpg?resize=200%2C124&amp;ssl=1 200w\" sizes=\"auto, (max-width: 580px) 100vw, 580px\" \/><figcaption id=\"caption-attachment-100789\" class=\"wp-caption-text\">LA CAPTURA.- Carabineros logr\u00f3 capturar a uno de los supuestos asaltantes, quien result\u00f3 portar un arma de fuego con municiones y un arma de fogueo.<\/figcaption><\/figure>\n<figure id=\"attachment_100790\" aria-describedby=\"caption-attachment-100790\" style=\"width: 580px\" class=\"wp-caption aligncenter\"><img data-recalc-dims=\"1\" loading=\"lazy\" decoding=\"async\" class=\"size-full wp-image-100790\" src=\"https:\/\/i0.wp.com\/eltrabajo.cl\/portal\/wp-content\/uploads\/2020\/07\/Armados2.jpg?resize=580%2C360&#038;ssl=1\" alt=\"BIEN ARMADO.- Esta es el arma y sus municiones decomisadas al detenido. Este lunes fue presentado ante la Fiscal\u00eda de San Felipe.\" width=\"580\" height=\"360\" srcset=\"https:\/\/i0.wp.com\/eltrabajo.cl\/portal\/wp-content\/uploads\/2020\/07\/Armados2.jpg?w=580&amp;ssl=1 580w, https:\/\/i0.wp.com\/eltrabajo.cl\/portal\/wp-content\/uploads\/2020\/07\/Armados2.jpg?resize=300%2C186&amp;ssl=1 300w, https:\/\/i0.wp.com\/eltrabajo.cl\/portal\/wp-content\/uploads\/2020\/07\/Armados2.jpg?resize=200%2C124&amp;ssl=1 200w\" sizes=\"auto, (max-width: 580px) 100vw, 580px\" \/><figcaption id=\"caption-attachment-100790\" class=\"wp-caption-text\">BIEN ARMADO.- Esta es el arma y sus municiones decomisadas al detenido. Este lunes fue presentado ante la Fiscal\u00eda de San Felipe.<\/figcaption><\/figure>\n","protected":false},"excerpt":{"rendered":"<p>Uno de los sospechosos fue detenido por Carabineros: Este domingo a las 19:50 horas se registr\u00f3 un nuevo robo en calle Borjas Garc\u00eda Huidobro N\u00b060 de la comuna de Catemu, luego que&#8230;<\/p>\n","protected":false},"author":482,"featured_media":100789,"comment_status":"closed","ping_status":"open","sticky":false,"template":"","format":"standard","meta":{"advanced_seo_description":"","jetpack_seo_html_title":"","jetpack_seo_noindex":false,"_jetpack_memberships_contains_paid_content":false,"footnotes":""},"categories":[21],"tags":[],"class_list":["post-100788","post","type-post","status-publish","format-standard","has-post-thumbnail","hentry","category-policial"],"jetpack_featured_media_url":"https:\/\/i0.wp.com\/eltrabajo.cl\/portal\/wp-content\/uploads\/2020\/07\/Armados1.jpg?fit=580%2C360&ssl=1","jetpack_sharing_enabled":true,"jetpack_likes_enabled":true,"jetpack-related-posts":[],"_links":{"self":[{"href":"https:\/\/eltrabajo.cl\/portal\/wp-json\/wp\/v2\/posts\/100788","targetHints":{"allow":["GET"]}}],"collection":[{"href":"https:\/\/eltrabajo.cl\/portal\/wp-json\/wp\/v2\/posts"}],"about":[{"href":"https:\/\/eltrabajo.cl\/portal\/wp-json\/wp\/v2\/types\/post"}],"author":[{"embeddable":true,"href":"https:\/\/eltrabajo.cl\/portal\/wp-json\/wp\/v2\/users\/482"}],"replies":[{"embeddable":true,"href":"https:\/\/eltrabajo.cl\/portal\/wp-json\/wp\/v2\/comments?post=100788"}],"version-history":[{"count":0,"href":"https:\/\/eltrabajo.cl\/portal\/wp-json\/wp\/v2\/posts\/100788\/revisions"}],"wp:featuredmedia":[{"embeddable":true,"href":"https:\/\/eltrabajo.cl\/portal\/wp-json\/wp\/v2\/media\/100789"}],"wp:attachment":[{"href":"https:\/\/eltrabajo.cl\/portal\/wp-json\/wp\/v2\/media?parent=100788"}],"wp:term":[{"taxonomy":"category","embeddable":true,"href":"https:\/\/eltrabajo.cl\/portal\/wp-json\/wp\/v2\/categories?post=100788"},{"taxonomy":"post_tag","embeddable":true,"href":"https:\/\/eltrabajo.cl\/portal\/wp-json\/wp\/v2\/tags?post=100788"}],"curies":[{"name":"wp","href":"https:\/\/api.w.org\/{rel}","templated":true}]}}