{"id":100792,"date":"2020-07-21T08:00:36","date_gmt":"2020-07-21T12:00:36","guid":{"rendered":"https:\/\/www.eltrabajo.cl\/portal\/?p=100792"},"modified":"2020-07-21T19:10:18","modified_gmt":"2020-07-21T23:10:18","slug":"tragedia-en-la-ruta-dos-jovenes-mueren-al-chocar-vehiculo-contra-un-poste","status":"publish","type":"post","link":"https:\/\/eltrabajo.cl\/portal\/tragedia-en-la-ruta-dos-jovenes-mueren-al-chocar-vehiculo-contra-un-poste\/","title":{"rendered":"Tragedia en la ruta:\u00a0 Dos j\u00f3venes mueren al chocar veh\u00edculo contra un poste"},"content":{"rendered":"<p style=\"text-align: justify;\"><span style=\"color: #c81400;\"><strong>Sector Lo Campo en Panquehue:<\/strong><\/span><\/p>\n<p style=\"text-align: justify;\">Literalmente \u2018abrazado a un poste\u2019, as\u00ed qued\u00f3 el autom\u00f3vil donde la noche de este domingo murieron dos j\u00f3venes en el sector Lo Campo en la comuna de Panquehue. Adem\u00e1s hay un tercer joven que result\u00f3 con heridas graves. Los j\u00f3venes fallecidos fueron identificados como <strong>Itham Astudillo Figueroa<\/strong>, de 17 a\u00f1os de edad, y <strong>Mat\u00edas Carvajal Aravena<\/strong>, de 18 a\u00f1os. Ambos son hijos de funcionarias municipales de esa comuna. Mientras tanto, el joven herido fue identificado como <strong>Felipe Ortiz Guajardo<\/strong>, de 21 a\u00f1os.<\/p>\n<p style=\"text-align: justify;\">Seg\u00fan el comandante del Cuerpo de Bomberos de San Felipe, <strong>Juan Carlos Herrera Lillo<\/strong>, se manejan varias hip\u00f3tesis sobre la causa del accidente seg\u00fan lo que pudo escuchar en el sitio del suceso, pero todo eso est\u00e1 a cargo de la SIAT de Carabineros.<\/p>\n<p style=\"text-align: justify;\">De todas maneras, entreg\u00f3 detalles de esta emergencia que tiene conmocionada a la comunidad de Panquehue, calific\u00e1ndola como una situaci\u00f3n muy compleja: <em>\u00abMuy triste el fallecimiento de dos j\u00f3venes, yo creo que menos de 19 a\u00f1os. Le puedo decir que a la llegada de Bomberos hab\u00eda dos personas al interior del veh\u00edculo que ya estaban fallecidas, pero hab\u00eda un tercero que estaba gritando de dolor y hubo que sacarlo de entre los fierros. La liberaci\u00f3n de este muchacho dur\u00f3 casi una hora y media porque el poste estaba arriba del veh\u00edculo, cables de alta tensi\u00f3n nos llevaba a que ten\u00edamos que hacer un trabajo muy complicado, muy fino como se dice realmente, por el hecho que estaban los familiares y la desesperaci\u00f3n de poderlo sacar r\u00e1pidamente. Como se dice, una situaci\u00f3n muy triste\u00bb,<\/em> se\u00f1al\u00f3 el comandante Juan Carlos Herrera Lillo.<\/p>\n<p style=\"text-align: justify;\">Agreg\u00f3 que tuvieron que asegurar muy bien el auto <em>\u00abpara poder evitar que el poste se cayera arriba del veh\u00edculo. Ahora el auto estaba como abrazando al poste de su base, de su eje, estaba casi a un metro y medio desde donde realmente el poste estaba como se lo vuelvo a repetir, se trabaj\u00f3 una hora y media en poder rescatar a este menor\u00bb,<\/em> indic\u00f3 Herrera.<\/p>\n<p style=\"text-align: justify;\">Reiter\u00f3 que la investigaci\u00f3n sobre las causas de este accidente qued\u00f3 en manos de Carabineros.<\/p>\n<p style=\"text-align: justify;\">En el lugar tambi\u00e9n se constituy\u00f3 personal de Chilquinta para reemplazar el poste, no sin antes asegurar que \u00e9ste no cayera.<\/p>\n<p style=\"text-align: justify;\">El comandante Herrera Lillo indic\u00f3 que poco antes de las tres de la ma\u00f1ana lograron sacar los cuerpos de los j\u00f3venes fallecidos desde el interior del veh\u00edculo.<\/p>\n<p style=\"text-align: justify;\">El veh\u00edculo en que se movilizaban los j\u00f3venes es uno marca Kia, modelo Cerato.<\/p>\n<figure id=\"attachment_100794\" aria-describedby=\"caption-attachment-100794\" style=\"width: 580px\" class=\"wp-caption aligncenter\"><img data-recalc-dims=\"1\" loading=\"lazy\" decoding=\"async\" class=\"size-full wp-image-100794\" src=\"https:\/\/i0.wp.com\/eltrabajo.cl\/portal\/wp-content\/uploads\/2020\/07\/tragedia-auto-siniestrado.jpg?resize=580%2C358&#038;ssl=1\" alt=\"En esta posici\u00f3n qued\u00f3 el autom\u00f3vil tras el violento accidente, literalmente \u2018abrazado\u2019 al poste.\" width=\"580\" height=\"358\" srcset=\"https:\/\/i0.wp.com\/eltrabajo.cl\/portal\/wp-content\/uploads\/2020\/07\/tragedia-auto-siniestrado.jpg?w=580&amp;ssl=1 580w, https:\/\/i0.wp.com\/eltrabajo.cl\/portal\/wp-content\/uploads\/2020\/07\/tragedia-auto-siniestrado.jpg?resize=300%2C185&amp;ssl=1 300w, https:\/\/i0.wp.com\/eltrabajo.cl\/portal\/wp-content\/uploads\/2020\/07\/tragedia-auto-siniestrado.jpg?resize=200%2C123&amp;ssl=1 200w\" sizes=\"auto, (max-width: 580px) 100vw, 580px\" \/><figcaption id=\"caption-attachment-100794\" class=\"wp-caption-text\">En esta posici\u00f3n qued\u00f3 el autom\u00f3vil tras el violento accidente, literalmente \u2018abrazado\u2019 al poste.<\/figcaption><\/figure>\n<figure id=\"attachment_100795\" aria-describedby=\"caption-attachment-100795\" style=\"width: 580px\" class=\"wp-caption aligncenter\"><img data-recalc-dims=\"1\" loading=\"lazy\" decoding=\"async\" class=\"size-full wp-image-100795\" src=\"https:\/\/i0.wp.com\/eltrabajo.cl\/portal\/wp-content\/uploads\/2020\/07\/tragedia-auto-siniestrado-2.jpg?resize=580%2C358&#038;ssl=1\" alt=\"En este estado qued\u00f3 el autom\u00f3vil tras sufrir el violento accidente.\" width=\"580\" height=\"358\" srcset=\"https:\/\/i0.wp.com\/eltrabajo.cl\/portal\/wp-content\/uploads\/2020\/07\/tragedia-auto-siniestrado-2.jpg?w=580&amp;ssl=1 580w, https:\/\/i0.wp.com\/eltrabajo.cl\/portal\/wp-content\/uploads\/2020\/07\/tragedia-auto-siniestrado-2.jpg?resize=300%2C185&amp;ssl=1 300w, https:\/\/i0.wp.com\/eltrabajo.cl\/portal\/wp-content\/uploads\/2020\/07\/tragedia-auto-siniestrado-2.jpg?resize=200%2C123&amp;ssl=1 200w\" sizes=\"auto, (max-width: 580px) 100vw, 580px\" \/><figcaption id=\"caption-attachment-100795\" class=\"wp-caption-text\">En este estado qued\u00f3 el autom\u00f3vil tras sufrir el violento accidente.<\/figcaption><\/figure>\n<figure id=\"attachment_100796\" aria-describedby=\"caption-attachment-100796\" style=\"width: 576px\" class=\"wp-caption aligncenter\"><img data-recalc-dims=\"1\" loading=\"lazy\" decoding=\"async\" class=\"size-full wp-image-100796\" src=\"https:\/\/i0.wp.com\/eltrabajo.cl\/portal\/wp-content\/uploads\/2020\/07\/tragedia-felipe-ortiz-herido.jpg?resize=576%2C360&#038;ssl=1\" alt=\"Felipe Ortiz Guajardo, de 21 a\u00f1os, \u00fanico sobreviviente de la tragedia.\" width=\"576\" height=\"360\" srcset=\"https:\/\/i0.wp.com\/eltrabajo.cl\/portal\/wp-content\/uploads\/2020\/07\/tragedia-felipe-ortiz-herido.jpg?w=576&amp;ssl=1 576w, https:\/\/i0.wp.com\/eltrabajo.cl\/portal\/wp-content\/uploads\/2020\/07\/tragedia-felipe-ortiz-herido.jpg?resize=300%2C188&amp;ssl=1 300w, https:\/\/i0.wp.com\/eltrabajo.cl\/portal\/wp-content\/uploads\/2020\/07\/tragedia-felipe-ortiz-herido.jpg?resize=200%2C125&amp;ssl=1 200w\" sizes=\"auto, (max-width: 576px) 100vw, 576px\" \/><figcaption id=\"caption-attachment-100796\" class=\"wp-caption-text\">Felipe Ortiz Guajardo, de 21 a\u00f1os, \u00fanico sobreviviente de la tragedia.<\/figcaption><\/figure>\n<figure id=\"attachment_100798\" aria-describedby=\"caption-attachment-100798\" style=\"width: 577px\" class=\"wp-caption aligncenter\"><img data-recalc-dims=\"1\" loading=\"lazy\" decoding=\"async\" class=\"size-full wp-image-100798\" src=\"https:\/\/i0.wp.com\/eltrabajo.cl\/portal\/wp-content\/uploads\/2020\/07\/tragedia-matias-carvajal.jpg?resize=577%2C360&#038;ssl=1\" alt=\"Mat\u00edas Carvajal Aravena, de 18 a\u00f1os de edad, falleci\u00f3 en el lugar del accidente.\" width=\"577\" height=\"360\" srcset=\"https:\/\/i0.wp.com\/eltrabajo.cl\/portal\/wp-content\/uploads\/2020\/07\/tragedia-matias-carvajal.jpg?w=577&amp;ssl=1 577w, https:\/\/i0.wp.com\/eltrabajo.cl\/portal\/wp-content\/uploads\/2020\/07\/tragedia-matias-carvajal.jpg?resize=300%2C187&amp;ssl=1 300w, https:\/\/i0.wp.com\/eltrabajo.cl\/portal\/wp-content\/uploads\/2020\/07\/tragedia-matias-carvajal.jpg?resize=200%2C125&amp;ssl=1 200w\" sizes=\"auto, (max-width: 577px) 100vw, 577px\" \/><figcaption id=\"caption-attachment-100798\" class=\"wp-caption-text\">Mat\u00edas Carvajal Aravena, de 18 a\u00f1os de edad, falleci\u00f3 en el lugar del accidente.<\/figcaption><\/figure>\n<figure id=\"attachment_100797\" aria-describedby=\"caption-attachment-100797\" style=\"width: 579px\" class=\"wp-caption aligncenter\"><img data-recalc-dims=\"1\" loading=\"lazy\" decoding=\"async\" class=\"size-full wp-image-100797\" src=\"https:\/\/i0.wp.com\/eltrabajo.cl\/portal\/wp-content\/uploads\/2020\/07\/tragedia-Itham-Astudillo-Figueroa-1.jpg?resize=579%2C616&#038;ssl=1\" alt=\"Itham Astudillo Figueroa, de 17 a\u00f1os, tambi\u00e9n perdi\u00f3 la vida en el accidente.\" width=\"579\" height=\"616\" srcset=\"https:\/\/i0.wp.com\/eltrabajo.cl\/portal\/wp-content\/uploads\/2020\/07\/tragedia-Itham-Astudillo-Figueroa-1.jpg?w=579&amp;ssl=1 579w, https:\/\/i0.wp.com\/eltrabajo.cl\/portal\/wp-content\/uploads\/2020\/07\/tragedia-Itham-Astudillo-Figueroa-1.jpg?resize=282%2C300&amp;ssl=1 282w, https:\/\/i0.wp.com\/eltrabajo.cl\/portal\/wp-content\/uploads\/2020\/07\/tragedia-Itham-Astudillo-Figueroa-1.jpg?resize=141%2C150&amp;ssl=1 141w\" sizes=\"auto, (max-width: 579px) 100vw, 579px\" \/><figcaption id=\"caption-attachment-100797\" class=\"wp-caption-text\">Itham Astudillo Figueroa, de 17 a\u00f1os, tambi\u00e9n perdi\u00f3 la vida en el accidente.<\/figcaption><\/figure>\n","protected":false},"excerpt":{"rendered":"<p>Sector Lo Campo en Panquehue: Literalmente \u2018abrazado a un poste\u2019, as\u00ed qued\u00f3 el autom\u00f3vil donde la noche de este domingo murieron dos j\u00f3venes en el sector Lo Campo en la comuna de&#8230;<\/p>\n","protected":false},"author":482,"featured_media":100793,"comment_status":"closed","ping_status":"open","sticky":false,"template":"","format":"standard","meta":{"advanced_seo_description":"","jetpack_seo_html_title":"","jetpack_seo_noindex":false,"_jetpack_memberships_contains_paid_content":false,"footnotes":""},"categories":[21],"tags":[],"class_list":["post-100792","post","type-post","status-publish","format-standard","has-post-thumbnail","hentry","category-policial"],"jetpack_featured_media_url":"https:\/\/i0.wp.com\/eltrabajo.cl\/portal\/wp-content\/uploads\/2020\/07\/portada.jpg?fit=580%2C359&ssl=1","jetpack_sharing_enabled":true,"jetpack_likes_enabled":true,"jetpack-related-posts":[],"_links":{"self":[{"href":"https:\/\/eltrabajo.cl\/portal\/wp-json\/wp\/v2\/posts\/100792","targetHints":{"allow":["GET"]}}],"collection":[{"href":"https:\/\/eltrabajo.cl\/portal\/wp-json\/wp\/v2\/posts"}],"about":[{"href":"https:\/\/eltrabajo.cl\/portal\/wp-json\/wp\/v2\/types\/post"}],"author":[{"embeddable":true,"href":"https:\/\/eltrabajo.cl\/portal\/wp-json\/wp\/v2\/users\/482"}],"replies":[{"embeddable":true,"href":"https:\/\/eltrabajo.cl\/portal\/wp-json\/wp\/v2\/comments?post=100792"}],"version-history":[{"count":0,"href":"https:\/\/eltrabajo.cl\/portal\/wp-json\/wp\/v2\/posts\/100792\/revisions"}],"wp:featuredmedia":[{"embeddable":true,"href":"https:\/\/eltrabajo.cl\/portal\/wp-json\/wp\/v2\/media\/100793"}],"wp:attachment":[{"href":"https:\/\/eltrabajo.cl\/portal\/wp-json\/wp\/v2\/media?parent=100792"}],"wp:term":[{"taxonomy":"category","embeddable":true,"href":"https:\/\/eltrabajo.cl\/portal\/wp-json\/wp\/v2\/categories?post=100792"},{"taxonomy":"post_tag","embeddable":true,"href":"https:\/\/eltrabajo.cl\/portal\/wp-json\/wp\/v2\/tags?post=100792"}],"curies":[{"name":"wp","href":"https:\/\/api.w.org\/{rel}","templated":true}]}}