{"id":100810,"date":"2020-07-22T07:15:16","date_gmt":"2020-07-22T11:15:16","guid":{"rendered":"https:\/\/www.eltrabajo.cl\/portal\/?p=100810"},"modified":"2020-07-21T20:48:25","modified_gmt":"2020-07-22T00:48:25","slug":"dos-vecinas-mantienen-funcionando-comedor-solidario-en-encon","status":"publish","type":"post","link":"https:\/\/eltrabajo.cl\/portal\/dos-vecinas-mantienen-funcionando-comedor-solidario-en-encon\/","title":{"rendered":"Dos vecinas mantienen funcionando Comedor Solidario en Enc\u00f3n"},"content":{"rendered":"<p style=\"text-align: left;\"><span style=\"color: #c81400;\"><strong>Necesitan m\u00e1s mercader\u00eda para poder continuar:<\/strong><\/span><\/p>\n<p style=\"text-align: justify;\">Definitivamente conforme transcurren las semanas y meses de esta era de Pandemia, con mayor Fuerza y Vigor reaccionan las Fuerzas Vivas de San Felipe en pro de quienes m\u00e1s necesitan apoyo. Hablamos puntualmente de dos vecinas de Departamentos Enc\u00f3n, <strong>Ver\u00f3nica Andrea Arriagada<\/strong> y <strong>Marcela Sep\u00falveda<\/strong>, quienes desde hace mes y medio vienen de manera voluntaria poniendo al servicio de sus vecinos el <strong>Comedor Solidario Enc\u00f3n<\/strong>.<\/p>\n<p style=\"text-align: justify;\"><span style=\"color: #c81400;\"><strong>ELLAS EN SOLITARIO<\/strong><\/span><\/p>\n<p style=\"text-align: justify;\">La iniciativa es m\u00e1s que quijotesca, pues ellas dos se las tienen que arreglar para conseguir la mercader\u00eda, seleccionar, cocinar, repartir y tener todo en orden para la siguiente ronda. Este martes <strong>Diario El Trabajo<\/strong> habl\u00f3 con Andrea Arriagada, quien nos coment\u00f3 sobre su proyecto.<\/p>\n<p style=\"text-align: justify;\">\u00ab<em>Nosotras desde el 15 de mayo venimos funcionando con este Comedor Solidario, no ha sido f\u00e1cil, a\u00fan as\u00ed queremos seguir con nuestra labor. Al principio fue el Municipio que nos entreg\u00f3 fog\u00f3n y fondos, tambi\u00e9n 20 cajas de mercader\u00eda, de momento son unas 1.600 colaciones las que estamos entregando al mes, repartimos todos los mi\u00e9rcoles y s\u00e1bados al mediod\u00eda<\/em>\u00bb, coment\u00f3 la dirigenta vecinal.<\/p>\n<p style=\"text-align: justify;\">&#8211; <strong>\u00bfC\u00f3mo est\u00e1n a estas alturas con la mercader\u00eda?<\/strong><\/p>\n<p style=\"text-align: justify;\">&#8211; Pues nos urge mercader\u00eda, por ejemplo para una ronda de arroz hay que cocinar al menos unos 15 kilos de arroz, para lentejas son unos 10 kilos, as\u00ed que esperamos que los lectores de <strong>Diario El Trabajo<\/strong> nos apoyen con lo que puedan.<\/p>\n<p style=\"text-align: justify;\">&#8211; <strong>\u00bfA qu\u00e9 n\u00famero pueden llamar nuestros lectores para donar mercader\u00eda o lo que gusten?<\/strong><\/p>\n<p style=\"text-align: justify;\">&#8211; Pueden llamarnos al celular <strong>+56 9 3175 1554<\/strong> con Marcela.<\/p>\n<p style=\"text-align: justify;\"><strong>Roberto Gonz\u00e1lez Short<\/strong><\/p>\n<figure id=\"attachment_100811\" aria-describedby=\"caption-attachment-100811\" style=\"width: 580px\" class=\"wp-caption aligncenter\"><img data-recalc-dims=\"1\" loading=\"lazy\" decoding=\"async\" class=\"size-full wp-image-100811\" src=\"https:\/\/i0.wp.com\/eltrabajo.cl\/portal\/wp-content\/uploads\/2020\/07\/Encon_Ver%C3%B3nica-Andrea-Arriagada-y-Marcela-Sep%C3%BAlveda.jpg?resize=580%2C358&#038;ssl=1\" alt=\"TREMENDO SERVICIO.- Ellas son Ver\u00f3nica Andrea Arriagada y Marcela Sep\u00falveda, dos vecinas de Departamentos Enc\u00f3n que en solitario mantienen funcionando este Comedor Solidario.\" width=\"580\" height=\"358\" srcset=\"https:\/\/i0.wp.com\/eltrabajo.cl\/portal\/wp-content\/uploads\/2020\/07\/Encon_Ver%C3%B3nica-Andrea-Arriagada-y-Marcela-Sep%C3%BAlveda.jpg?w=580&amp;ssl=1 580w, https:\/\/i0.wp.com\/eltrabajo.cl\/portal\/wp-content\/uploads\/2020\/07\/Encon_Ver%C3%B3nica-Andrea-Arriagada-y-Marcela-Sep%C3%BAlveda.jpg?resize=300%2C185&amp;ssl=1 300w, https:\/\/i0.wp.com\/eltrabajo.cl\/portal\/wp-content\/uploads\/2020\/07\/Encon_Ver%C3%B3nica-Andrea-Arriagada-y-Marcela-Sep%C3%BAlveda.jpg?resize=200%2C123&amp;ssl=1 200w\" sizes=\"auto, (max-width: 580px) 100vw, 580px\" \/><figcaption id=\"caption-attachment-100811\" class=\"wp-caption-text\">TREMENDO SERVICIO.- Ellas son Ver\u00f3nica Andrea Arriagada y Marcela Sep\u00falveda, dos vecinas de Departamentos Enc\u00f3n que en solitario mantienen funcionando este Comedor Solidario.<\/figcaption><\/figure>\n<figure id=\"attachment_100814\" aria-describedby=\"caption-attachment-100814\" style=\"width: 580px\" class=\"wp-caption aligncenter\"><img data-recalc-dims=\"1\" loading=\"lazy\" decoding=\"async\" class=\"size-full wp-image-100814\" src=\"https:\/\/i0.wp.com\/eltrabajo.cl\/portal\/wp-content\/uploads\/2020\/07\/Encon_Andrea-Arriagada.jpg?resize=580%2C522&#038;ssl=1\" alt=\"Ver\u00f3nica Andrea Arriagada, presidenta de la junta vecinal de Departamentos Enc\u00f3n.\" width=\"580\" height=\"522\" srcset=\"https:\/\/i0.wp.com\/eltrabajo.cl\/portal\/wp-content\/uploads\/2020\/07\/Encon_Andrea-Arriagada.jpg?w=580&amp;ssl=1 580w, https:\/\/i0.wp.com\/eltrabajo.cl\/portal\/wp-content\/uploads\/2020\/07\/Encon_Andrea-Arriagada.jpg?resize=300%2C270&amp;ssl=1 300w, https:\/\/i0.wp.com\/eltrabajo.cl\/portal\/wp-content\/uploads\/2020\/07\/Encon_Andrea-Arriagada.jpg?resize=167%2C150&amp;ssl=1 167w\" sizes=\"auto, (max-width: 580px) 100vw, 580px\" \/><figcaption id=\"caption-attachment-100814\" class=\"wp-caption-text\">Ver\u00f3nica Andrea Arriagada, presidenta de la junta vecinal de Departamentos Enc\u00f3n.<\/figcaption><\/figure>\n<figure id=\"attachment_100812\" aria-describedby=\"caption-attachment-100812\" style=\"width: 580px\" class=\"wp-caption aligncenter\"><img data-recalc-dims=\"1\" loading=\"lazy\" decoding=\"async\" class=\"size-full wp-image-100812\" src=\"https:\/\/i0.wp.com\/eltrabajo.cl\/portal\/wp-content\/uploads\/2020\/07\/Encon2.jpg?resize=580%2C755&#038;ssl=1\" alt=\"INCANSABLES.- Aqu\u00ed las vemos en plena acci\u00f3n, quienes quieran apoyarlas con mercader\u00eda, pueden llamarlas al celular +56 9 3175 1554.\" width=\"580\" height=\"755\" srcset=\"https:\/\/i0.wp.com\/eltrabajo.cl\/portal\/wp-content\/uploads\/2020\/07\/Encon2.jpg?w=580&amp;ssl=1 580w, https:\/\/i0.wp.com\/eltrabajo.cl\/portal\/wp-content\/uploads\/2020\/07\/Encon2.jpg?resize=230%2C300&amp;ssl=1 230w, https:\/\/i0.wp.com\/eltrabajo.cl\/portal\/wp-content\/uploads\/2020\/07\/Encon2.jpg?resize=115%2C150&amp;ssl=1 115w\" sizes=\"auto, (max-width: 580px) 100vw, 580px\" \/><figcaption id=\"caption-attachment-100812\" class=\"wp-caption-text\">INCANSABLES.- Aqu\u00ed las vemos en plena acci\u00f3n, quienes quieran apoyarlas con mercader\u00eda, pueden llamarlas al celular +56 9 3175 1554.<\/figcaption><\/figure>\n<figure id=\"attachment_100813\" aria-describedby=\"caption-attachment-100813\" style=\"width: 580px\" class=\"wp-caption aligncenter\"><img data-recalc-dims=\"1\" loading=\"lazy\" decoding=\"async\" class=\"size-full wp-image-100813\" src=\"https:\/\/i0.wp.com\/eltrabajo.cl\/portal\/wp-content\/uploads\/2020\/07\/Encon3.jpg?resize=580%2C775&#038;ssl=1\" alt=\"PELIGROSA LABOR.- Cada lata, cada paquete de fideos, todo ellas tienen que prepararlo sin apoyo, pero lo hacen con mucho gusto.\" width=\"580\" height=\"775\" srcset=\"https:\/\/i0.wp.com\/eltrabajo.cl\/portal\/wp-content\/uploads\/2020\/07\/Encon3.jpg?w=580&amp;ssl=1 580w, https:\/\/i0.wp.com\/eltrabajo.cl\/portal\/wp-content\/uploads\/2020\/07\/Encon3.jpg?resize=225%2C300&amp;ssl=1 225w, https:\/\/i0.wp.com\/eltrabajo.cl\/portal\/wp-content\/uploads\/2020\/07\/Encon3.jpg?resize=112%2C150&amp;ssl=1 112w\" sizes=\"auto, (max-width: 580px) 100vw, 580px\" \/><figcaption id=\"caption-attachment-100813\" class=\"wp-caption-text\">PELIGROSA LABOR.- Cada lata, cada paquete de fideos, todo ellas tienen que prepararlo sin apoyo, pero lo hacen con mucho gusto.<\/figcaption><\/figure>\n","protected":false},"excerpt":{"rendered":"<p>Necesitan m\u00e1s mercader\u00eda para poder continuar: Definitivamente conforme transcurren las semanas y meses de esta era de Pandemia, con mayor Fuerza y Vigor reaccionan las Fuerzas Vivas de San Felipe en pro&#8230;<\/p>\n","protected":false},"author":482,"featured_media":100811,"comment_status":"closed","ping_status":"open","sticky":false,"template":"","format":"standard","meta":{"advanced_seo_description":"","jetpack_seo_html_title":"","jetpack_seo_noindex":false,"_jetpack_memberships_contains_paid_content":false,"footnotes":""},"categories":[15,105],"tags":[],"class_list":["post-100810","post","type-post","status-publish","format-standard","has-post-thumbnail","hentry","category-comunidad","category-covid-19"],"jetpack_featured_media_url":"https:\/\/i0.wp.com\/eltrabajo.cl\/portal\/wp-content\/uploads\/2020\/07\/Encon_Ver%C3%B3nica-Andrea-Arriagada-y-Marcela-Sep%C3%BAlveda.jpg?fit=580%2C358&ssl=1","jetpack_sharing_enabled":true,"jetpack_likes_enabled":true,"jetpack-related-posts":[],"_links":{"self":[{"href":"https:\/\/eltrabajo.cl\/portal\/wp-json\/wp\/v2\/posts\/100810","targetHints":{"allow":["GET"]}}],"collection":[{"href":"https:\/\/eltrabajo.cl\/portal\/wp-json\/wp\/v2\/posts"}],"about":[{"href":"https:\/\/eltrabajo.cl\/portal\/wp-json\/wp\/v2\/types\/post"}],"author":[{"embeddable":true,"href":"https:\/\/eltrabajo.cl\/portal\/wp-json\/wp\/v2\/users\/482"}],"replies":[{"embeddable":true,"href":"https:\/\/eltrabajo.cl\/portal\/wp-json\/wp\/v2\/comments?post=100810"}],"version-history":[{"count":0,"href":"https:\/\/eltrabajo.cl\/portal\/wp-json\/wp\/v2\/posts\/100810\/revisions"}],"wp:featuredmedia":[{"embeddable":true,"href":"https:\/\/eltrabajo.cl\/portal\/wp-json\/wp\/v2\/media\/100811"}],"wp:attachment":[{"href":"https:\/\/eltrabajo.cl\/portal\/wp-json\/wp\/v2\/media?parent=100810"}],"wp:term":[{"taxonomy":"category","embeddable":true,"href":"https:\/\/eltrabajo.cl\/portal\/wp-json\/wp\/v2\/categories?post=100810"},{"taxonomy":"post_tag","embeddable":true,"href":"https:\/\/eltrabajo.cl\/portal\/wp-json\/wp\/v2\/tags?post=100810"}],"curies":[{"name":"wp","href":"https:\/\/api.w.org\/{rel}","templated":true}]}}