{"id":100818,"date":"2020-07-22T07:20:43","date_gmt":"2020-07-22T11:20:43","guid":{"rendered":"https:\/\/www.eltrabajo.cl\/portal\/?p=100818"},"modified":"2020-07-21T20:51:57","modified_gmt":"2020-07-22T00:51:57","slug":"vehiculo-de-empresa-de-valores-choca-a-colectivo-con-pasajeros-en-su-interior","status":"publish","type":"post","link":"https:\/\/eltrabajo.cl\/portal\/vehiculo-de-empresa-de-valores-choca-a-colectivo-con-pasajeros-en-su-interior\/","title":{"rendered":"Veh\u00edculo de empresa de valores choca a colectivo con pasajeros en su interior"},"content":{"rendered":"<p style=\"text-align: left;\"><span style=\"color: #c81400;\"><strong>Uno de los involucrados no respeto Pare en Maip\u00fa con Freire:<\/strong><\/span><\/p>\n<p style=\"text-align: justify;\"><strong>EL CHOQUE DEL D\u00cdA<\/strong>.- Un evidente irrespeto al sem\u00e1foro ubicado en Maip\u00fa esquina Freire termin\u00f3 en una violenta colisi\u00f3n entre un veh\u00edculo oficial V-168 de la empresa de valores Loomis, con un taxi colectivo patente KC YX 62 de la L\u00ednea Uno de San Felipe. El accidente se registr\u00f3 la tarde de este martes en la citada intersecci\u00f3n, lo que tambi\u00e9n caus\u00f3 grandes da\u00f1os en el veh\u00edculo de transporte p\u00fablico y lesiones leves en uno de sus pasajeros. La colisi\u00f3n ocurri\u00f3 cerca de las 16:30 horas. Al lugar de los hechos acudieron unidades de Carabineros, SAMU y Bomberos de San Felipe. (Fotos Roberto Gonz\u00e1lez Short)<\/p>\n<figure id=\"attachment_100819\" aria-describedby=\"caption-attachment-100819\" style=\"width: 580px\" class=\"wp-caption aligncenter\"><img data-recalc-dims=\"1\" loading=\"lazy\" decoding=\"async\" class=\"size-full wp-image-100819\" src=\"https:\/\/i0.wp.com\/eltrabajo.cl\/portal\/wp-content\/uploads\/2020\/07\/Choque1-1.jpg?resize=580%2C359&#038;ssl=1\" alt=\"Con da\u00f1os y un herido leve result\u00f3 el taxi colectivo.\" width=\"580\" height=\"359\" srcset=\"https:\/\/i0.wp.com\/eltrabajo.cl\/portal\/wp-content\/uploads\/2020\/07\/Choque1-1.jpg?w=580&amp;ssl=1 580w, https:\/\/i0.wp.com\/eltrabajo.cl\/portal\/wp-content\/uploads\/2020\/07\/Choque1-1.jpg?resize=300%2C186&amp;ssl=1 300w, https:\/\/i0.wp.com\/eltrabajo.cl\/portal\/wp-content\/uploads\/2020\/07\/Choque1-1.jpg?resize=200%2C124&amp;ssl=1 200w\" sizes=\"auto, (max-width: 580px) 100vw, 580px\" \/><figcaption id=\"caption-attachment-100819\" class=\"wp-caption-text\">Con da\u00f1os y un herido leve result\u00f3 el taxi colectivo.<\/figcaption><\/figure>\n<figure id=\"attachment_100820\" aria-describedby=\"caption-attachment-100820\" style=\"width: 580px\" class=\"wp-caption aligncenter\"><img data-recalc-dims=\"1\" loading=\"lazy\" decoding=\"async\" class=\"size-full wp-image-100820\" src=\"https:\/\/i0.wp.com\/eltrabajo.cl\/portal\/wp-content\/uploads\/2020\/07\/Choque2-1.jpg?resize=580%2C360&#038;ssl=1\" alt=\"El veh\u00edculo de valores de la empresa Loomis sufri\u00f3 da\u00f1os menores.\" width=\"580\" height=\"360\" srcset=\"https:\/\/i0.wp.com\/eltrabajo.cl\/portal\/wp-content\/uploads\/2020\/07\/Choque2-1.jpg?w=580&amp;ssl=1 580w, https:\/\/i0.wp.com\/eltrabajo.cl\/portal\/wp-content\/uploads\/2020\/07\/Choque2-1.jpg?resize=300%2C186&amp;ssl=1 300w, https:\/\/i0.wp.com\/eltrabajo.cl\/portal\/wp-content\/uploads\/2020\/07\/Choque2-1.jpg?resize=200%2C124&amp;ssl=1 200w\" sizes=\"auto, (max-width: 580px) 100vw, 580px\" \/><figcaption id=\"caption-attachment-100820\" class=\"wp-caption-text\">El veh\u00edculo de valores de la empresa Loomis sufri\u00f3 da\u00f1os menores.<\/figcaption><\/figure>\n","protected":false},"excerpt":{"rendered":"<p>Uno de los involucrados no respeto Pare en Maip\u00fa con Freire: EL CHOQUE DEL D\u00cdA.- Un evidente irrespeto al sem\u00e1foro ubicado en Maip\u00fa esquina Freire termin\u00f3 en una violenta colisi\u00f3n entre un&#8230;<\/p>\n","protected":false},"author":482,"featured_media":100819,"comment_status":"closed","ping_status":"open","sticky":false,"template":"","format":"standard","meta":{"advanced_seo_description":"","jetpack_seo_html_title":"","jetpack_seo_noindex":false,"_jetpack_memberships_contains_paid_content":false,"footnotes":""},"categories":[21],"tags":[],"class_list":["post-100818","post","type-post","status-publish","format-standard","has-post-thumbnail","hentry","category-policial"],"jetpack_featured_media_url":"https:\/\/i0.wp.com\/eltrabajo.cl\/portal\/wp-content\/uploads\/2020\/07\/Choque1-1.jpg?fit=580%2C359&ssl=1","jetpack_sharing_enabled":true,"jetpack_likes_enabled":true,"jetpack-related-posts":[],"_links":{"self":[{"href":"https:\/\/eltrabajo.cl\/portal\/wp-json\/wp\/v2\/posts\/100818","targetHints":{"allow":["GET"]}}],"collection":[{"href":"https:\/\/eltrabajo.cl\/portal\/wp-json\/wp\/v2\/posts"}],"about":[{"href":"https:\/\/eltrabajo.cl\/portal\/wp-json\/wp\/v2\/types\/post"}],"author":[{"embeddable":true,"href":"https:\/\/eltrabajo.cl\/portal\/wp-json\/wp\/v2\/users\/482"}],"replies":[{"embeddable":true,"href":"https:\/\/eltrabajo.cl\/portal\/wp-json\/wp\/v2\/comments?post=100818"}],"version-history":[{"count":0,"href":"https:\/\/eltrabajo.cl\/portal\/wp-json\/wp\/v2\/posts\/100818\/revisions"}],"wp:featuredmedia":[{"embeddable":true,"href":"https:\/\/eltrabajo.cl\/portal\/wp-json\/wp\/v2\/media\/100819"}],"wp:attachment":[{"href":"https:\/\/eltrabajo.cl\/portal\/wp-json\/wp\/v2\/media?parent=100818"}],"wp:term":[{"taxonomy":"category","embeddable":true,"href":"https:\/\/eltrabajo.cl\/portal\/wp-json\/wp\/v2\/categories?post=100818"},{"taxonomy":"post_tag","embeddable":true,"href":"https:\/\/eltrabajo.cl\/portal\/wp-json\/wp\/v2\/tags?post=100818"}],"curies":[{"name":"wp","href":"https:\/\/api.w.org\/{rel}","templated":true}]}}