{"id":100829,"date":"2020-07-22T07:30:54","date_gmt":"2020-07-22T11:30:54","guid":{"rendered":"https:\/\/www.eltrabajo.cl\/portal\/?p=100829"},"modified":"2020-07-21T20:59:39","modified_gmt":"2020-07-22T00:59:39","slug":"con-el-metodo-la-encerrona-delincuentes-a-mano-armada-asaltan-a-jovenes","status":"publish","type":"post","link":"https:\/\/eltrabajo.cl\/portal\/con-el-metodo-la-encerrona-delincuentes-a-mano-armada-asaltan-a-jovenes\/","title":{"rendered":"Con el m\u00e9todo\u00a0 la \u2018encerrona\u2019 delincuentes a mano armada asaltan a j\u00f3venes"},"content":{"rendered":"<p style=\"text-align: left;\"><span style=\"color: #c81400;\"><strong>Camino Cabildo-Putaendo:<\/strong><\/span><\/p>\n<p style=\"text-align: justify;\">Un asalto a mano armada tipo \u2018encerrona\u2019 sufrieron dos j\u00f3venes que se movilizaban en su veh\u00edculo, por parte de cuatro sujetos que a bordo de otro autom\u00f3vil y provistos de armas de fuego tipo rev\u00f3lver, los atacaron cuando se dirig\u00edan hacia Putaendo desde Cabildo.<\/p>\n<p style=\"text-align: justify;\">Este hecho policial se registr\u00f3 el d\u00eda domingo a eso de las 20:00 horas aproximadamente, al llegar a la cuesta El Manzano.<\/p>\n<p style=\"text-align: justify;\">Al respecto fue el jefe de la Tenencia de Carabineros de Putaendo, teniente <strong>Marcelo Gonz\u00e1lez<\/strong>, quien en conversaci\u00f3n con nuestro medio entreg\u00f3 detalles del asalto, indicando que las v\u00edctimas fueron interceptadas por un veh\u00edculo, aparentemente un Hyundai Accent de color rojo, el que se coloc\u00f3\u00a0 al costado mientras iban en tr\u00e1nsito.<\/p>\n<p style=\"text-align: justify;\">Debido al inminente peligro de un accidente de tr\u00e1nsito y por lo riesgoso que es esa ruta, los afectados\u00a0 se detienen y ven inmediatamente que del veh\u00edculo <em>\u00abdescienden cuatro individuos premunidos todos con armas de fuego, aparentemente rev\u00f3lver conforme a su versi\u00f3n. Ante esta situaci\u00f3n los muchachos emprenden nuevamente la marcha en direcci\u00f3n a Putaendo, huyendo de esta situaci\u00f3n, donde nuevamente son interceptados\u2026 son ya abordados por estos individuos, apuntados con sus armas de fuego y los bajan del veh\u00edculo, los golpean con las mismas armas de fuego, resultan lesionados y finalmente los individuos comienzan a registrar el m\u00f3vil en el que se movilizaban las v\u00edctimas, sustrayendo determinadas especies para posteriormente los individuos darse a la fuga en direcci\u00f3n a Putaendo\u00bb,<\/em> se\u00f1ala el oficial.<\/p>\n<p style=\"text-align: justify;\">Posteriormente ambos j\u00f3venes v\u00edctimas de este asalto tambi\u00e9n llegan a Putaendo, solicitando ayuda a Carabineros, d\u00e1ndole cuenta de lo que hab\u00eda sucedido. <em>\u00abCarabineros los toma\u00a0 traslad\u00e1ndolos\u00a0 a un centro asistencial, en este caso el Hospital de Putaendo,\u00a0 les constatan sus lesiones que finalmente fueron de car\u00e1cter leve. Ah\u00ed se comenzaron a realizar una serie de diligencias, no encontrando hasta este minuto el paradero de estos individuos autores de este lamentable hecho. De igual forma se dio cuenta a la fiscal\u00eda mediante un parte denuncia confeccionado en el Ret\u00e9n de Guzmanes\u00bb,<\/em> indic\u00f3 el teniente Gonz\u00e1lez.<\/p>\n<p style=\"text-align: justify;\">Respecto a alguna caracter\u00edstica de los autores del asalto, el oficial indic\u00f3 que se est\u00e1 trabajando con la informaci\u00f3n entregada por las v\u00edctimas, principalmente con los datos del veh\u00edculo: <em>\u00abSe realiz\u00f3 una serie de peritajes, revisi\u00f3n de c\u00e1maras, tanto de la comuna de San Felipe, como de la comuna de Putaendo ante la eventualidad que el veh\u00edculo haya salido de la comuna, pero como digo hasta este minuto no se han tenido resultados. Pero las diligencias contin\u00faan, ya los antecedentes est\u00e1n en manos de la fiscal\u00eda y se va a poder iniciar con eso la investigaci\u00f3n para poder dar con el paradero de estos autores que es lo que nos interesa a todos\u00bb,<\/em> se\u00f1al\u00f3 el teniente Gonz\u00e1lez de Putaendo.<\/p>\n<p style=\"text-align: justify;\">Importante se\u00f1alar que esa ruta es bastante complicada en el sentido que no hay se\u00f1al para tel\u00e9fonos celulares, algo que puede jugar en contra para poder agilizar la ayuda a las v\u00edctimas de alg\u00fan determinado hecho, como accidente de tr\u00e1nsito o en este caso un asalto a mano armada como fue el que afect\u00f3 a estos dos j\u00f3venes.<\/p>\n<figure id=\"attachment_100830\" aria-describedby=\"caption-attachment-100830\" style=\"width: 580px\" class=\"wp-caption aligncenter\"><img data-recalc-dims=\"1\" loading=\"lazy\" decoding=\"async\" class=\"size-full wp-image-100830\" src=\"https:\/\/i0.wp.com\/eltrabajo.cl\/portal\/wp-content\/uploads\/2020\/07\/Marcelo-Gonzalez-copia.jpg?resize=580%2C514&#038;ssl=1\" alt=\"Teniente Marcelo Gonz\u00e1lez, jefe de la Tenencia de Carabineros de Putaendo.\" width=\"580\" height=\"514\" srcset=\"https:\/\/i0.wp.com\/eltrabajo.cl\/portal\/wp-content\/uploads\/2020\/07\/Marcelo-Gonzalez-copia.jpg?w=580&amp;ssl=1 580w, https:\/\/i0.wp.com\/eltrabajo.cl\/portal\/wp-content\/uploads\/2020\/07\/Marcelo-Gonzalez-copia.jpg?resize=300%2C266&amp;ssl=1 300w, https:\/\/i0.wp.com\/eltrabajo.cl\/portal\/wp-content\/uploads\/2020\/07\/Marcelo-Gonzalez-copia.jpg?resize=169%2C150&amp;ssl=1 169w\" sizes=\"auto, (max-width: 580px) 100vw, 580px\" \/><figcaption id=\"caption-attachment-100830\" class=\"wp-caption-text\">Teniente Marcelo Gonz\u00e1lez, jefe de la Tenencia de Carabineros de Putaendo.<\/figcaption><\/figure>\n","protected":false},"excerpt":{"rendered":"<p>Camino Cabildo-Putaendo: Un asalto a mano armada tipo \u2018encerrona\u2019 sufrieron dos j\u00f3venes que se movilizaban en su veh\u00edculo, por parte de cuatro sujetos que a bordo de otro autom\u00f3vil y provistos de&#8230;<\/p>\n","protected":false},"author":482,"featured_media":100831,"comment_status":"closed","ping_status":"open","sticky":false,"template":"","format":"standard","meta":{"advanced_seo_description":"","jetpack_seo_html_title":"","jetpack_seo_noindex":false,"_jetpack_memberships_contains_paid_content":false,"footnotes":""},"categories":[21],"tags":[],"class_list":["post-100829","post","type-post","status-publish","format-standard","has-post-thumbnail","hentry","category-policial"],"jetpack_featured_media_url":"https:\/\/i0.wp.com\/eltrabajo.cl\/portal\/wp-content\/uploads\/2020\/07\/Marcelo-Gonzalez.jpg?fit=580%2C360&ssl=1","jetpack_sharing_enabled":true,"jetpack_likes_enabled":true,"jetpack-related-posts":[],"_links":{"self":[{"href":"https:\/\/eltrabajo.cl\/portal\/wp-json\/wp\/v2\/posts\/100829","targetHints":{"allow":["GET"]}}],"collection":[{"href":"https:\/\/eltrabajo.cl\/portal\/wp-json\/wp\/v2\/posts"}],"about":[{"href":"https:\/\/eltrabajo.cl\/portal\/wp-json\/wp\/v2\/types\/post"}],"author":[{"embeddable":true,"href":"https:\/\/eltrabajo.cl\/portal\/wp-json\/wp\/v2\/users\/482"}],"replies":[{"embeddable":true,"href":"https:\/\/eltrabajo.cl\/portal\/wp-json\/wp\/v2\/comments?post=100829"}],"version-history":[{"count":0,"href":"https:\/\/eltrabajo.cl\/portal\/wp-json\/wp\/v2\/posts\/100829\/revisions"}],"wp:featuredmedia":[{"embeddable":true,"href":"https:\/\/eltrabajo.cl\/portal\/wp-json\/wp\/v2\/media\/100831"}],"wp:attachment":[{"href":"https:\/\/eltrabajo.cl\/portal\/wp-json\/wp\/v2\/media?parent=100829"}],"wp:term":[{"taxonomy":"category","embeddable":true,"href":"https:\/\/eltrabajo.cl\/portal\/wp-json\/wp\/v2\/categories?post=100829"},{"taxonomy":"post_tag","embeddable":true,"href":"https:\/\/eltrabajo.cl\/portal\/wp-json\/wp\/v2\/tags?post=100829"}],"curies":[{"name":"wp","href":"https:\/\/api.w.org\/{rel}","templated":true}]}}