{"id":100845,"date":"2020-07-23T07:15:54","date_gmt":"2020-07-23T11:15:54","guid":{"rendered":"https:\/\/www.eltrabajo.cl\/portal\/?p=100845"},"modified":"2020-07-22T21:40:36","modified_gmt":"2020-07-23T01:40:36","slug":"por-ahora-son-solo-mitos-supuestas-restricciones-que-aplicarian-al-futbol-aficionado","status":"publish","type":"post","link":"https:\/\/eltrabajo.cl\/portal\/por-ahora-son-solo-mitos-supuestas-restricciones-que-aplicarian-al-futbol-aficionado\/","title":{"rendered":"Por ahora son solo mitos supuestas restricciones que aplicar\u00edan al f\u00fatbol aficionado"},"content":{"rendered":"<p style=\"text-align: justify;\">Mucho se ha hablado y escrito durante las \u00faltimas semanas respecto a las restricciones que se impondr\u00e1n al f\u00fatbol amateur, una vez que se den los permisos para que puedan volver las respectivas competencias de asociaci\u00f3n.<\/p>\n<p style=\"text-align: justify;\">Dentro de las supuestas medidas restrictivas que habr\u00eda que cumplir por parte de los clubes, existen dos que son las que han provocado mayor revuelo en el ambiente futbolero, y tienen que ver con la imposibilidad de hacer jugar a las series infantiles y s\u00e9nior. La otra es la que tiene relaci\u00f3n con la prohibici\u00f3n de que haya espectadores en los campos de juego.<\/p>\n<p style=\"text-align: justify;\">Fiel al estilo y esp\u00edritu indagador de este medio, <strong>El Trabajo Deportivo<\/strong> se dio la tarea de recabar antecedentes para saber si ya se estaba trabajando en alg\u00fan protocolo que contuviera estas restricciones; algo que de acuerdo a lo investigado por ahora est\u00e1 muy lejos de suceder, ya que hasta el cierre de la presente edici\u00f3n ni siquiera ha habido una reuni\u00f3n entre la autoridad sanitaria y la ANFA. <em>\u00abEse rumor (de las restricciones) surgi\u00f3 tras un encuentro de dirigentes por Zoom, pero nunca se ha discutido como algo cierto que pueda ocurrir. Para pensar en volver primero hay que reunirse con la Seremi, y reci\u00e9n ah\u00ed ver c\u00f3mo se acuerdan las condiciones para volver, y ver si el f\u00fatbol amateur estar\u00e1 en condiciones de poder cumplir con esas condiciones. Hoy a nivel superior directivo nadie piensa en el retorno, ya que incluso se baraja la posibilidad que este 2020 no haya ninguna competencia\u00bb,<\/em> cont\u00f3 a El Trabajo Deportivo una fuente muy calificada vinculada a la disciplina deportiva m\u00e1s practicada en el pa\u00eds.<\/p>\n<figure id=\"attachment_100846\" aria-describedby=\"caption-attachment-100846\" style=\"width: 580px\" class=\"wp-caption aligncenter\"><img data-recalc-dims=\"1\" loading=\"lazy\" decoding=\"async\" class=\"size-full wp-image-100846\" src=\"https:\/\/i0.wp.com\/eltrabajo.cl\/portal\/wp-content\/uploads\/2020\/07\/amteur.jpg?resize=580%2C358&#038;ssl=1\" alt=\"En las altas esferas del f\u00fatbol amateur no se descarta que este a\u00f1o no haya ninguna competencia de asociaciones.\" width=\"580\" height=\"358\" srcset=\"https:\/\/i0.wp.com\/eltrabajo.cl\/portal\/wp-content\/uploads\/2020\/07\/amteur.jpg?w=580&amp;ssl=1 580w, https:\/\/i0.wp.com\/eltrabajo.cl\/portal\/wp-content\/uploads\/2020\/07\/amteur.jpg?resize=300%2C185&amp;ssl=1 300w, https:\/\/i0.wp.com\/eltrabajo.cl\/portal\/wp-content\/uploads\/2020\/07\/amteur.jpg?resize=200%2C123&amp;ssl=1 200w\" sizes=\"auto, (max-width: 580px) 100vw, 580px\" \/><figcaption id=\"caption-attachment-100846\" class=\"wp-caption-text\">En las altas esferas del f\u00fatbol amateur no se descarta que este a\u00f1o no haya ninguna competencia de asociaciones.<\/figcaption><\/figure>\n","protected":false},"excerpt":{"rendered":"<p>Mucho se ha hablado y escrito durante las \u00faltimas semanas respecto a las restricciones que se impondr\u00e1n al f\u00fatbol amateur, una vez que se den los permisos para que puedan volver las&#8230;<\/p>\n","protected":false},"author":482,"featured_media":100846,"comment_status":"closed","ping_status":"open","sticky":false,"template":"","format":"standard","meta":{"advanced_seo_description":"","jetpack_seo_html_title":"","jetpack_seo_noindex":false,"_jetpack_memberships_contains_paid_content":false,"footnotes":""},"categories":[19],"tags":[],"class_list":["post-100845","post","type-post","status-publish","format-standard","has-post-thumbnail","hentry","category-deportes"],"jetpack_featured_media_url":"https:\/\/i0.wp.com\/eltrabajo.cl\/portal\/wp-content\/uploads\/2020\/07\/amteur.jpg?fit=580%2C358&ssl=1","jetpack_sharing_enabled":true,"jetpack_likes_enabled":true,"jetpack-related-posts":[],"_links":{"self":[{"href":"https:\/\/eltrabajo.cl\/portal\/wp-json\/wp\/v2\/posts\/100845","targetHints":{"allow":["GET"]}}],"collection":[{"href":"https:\/\/eltrabajo.cl\/portal\/wp-json\/wp\/v2\/posts"}],"about":[{"href":"https:\/\/eltrabajo.cl\/portal\/wp-json\/wp\/v2\/types\/post"}],"author":[{"embeddable":true,"href":"https:\/\/eltrabajo.cl\/portal\/wp-json\/wp\/v2\/users\/482"}],"replies":[{"embeddable":true,"href":"https:\/\/eltrabajo.cl\/portal\/wp-json\/wp\/v2\/comments?post=100845"}],"version-history":[{"count":0,"href":"https:\/\/eltrabajo.cl\/portal\/wp-json\/wp\/v2\/posts\/100845\/revisions"}],"wp:featuredmedia":[{"embeddable":true,"href":"https:\/\/eltrabajo.cl\/portal\/wp-json\/wp\/v2\/media\/100846"}],"wp:attachment":[{"href":"https:\/\/eltrabajo.cl\/portal\/wp-json\/wp\/v2\/media?parent=100845"}],"wp:term":[{"taxonomy":"category","embeddable":true,"href":"https:\/\/eltrabajo.cl\/portal\/wp-json\/wp\/v2\/categories?post=100845"},{"taxonomy":"post_tag","embeddable":true,"href":"https:\/\/eltrabajo.cl\/portal\/wp-json\/wp\/v2\/tags?post=100845"}],"curies":[{"name":"wp","href":"https:\/\/api.w.org\/{rel}","templated":true}]}}