{"id":100861,"date":"2020-07-23T07:30:27","date_gmt":"2020-07-23T11:30:27","guid":{"rendered":"https:\/\/www.eltrabajo.cl\/portal\/?p=100861"},"modified":"2020-07-22T21:51:23","modified_gmt":"2020-07-23T01:51:23","slug":"vivienda-de-material-ligero-resulto-totalmente-destruida-por-el-fuego","status":"publish","type":"post","link":"https:\/\/eltrabajo.cl\/portal\/vivienda-de-material-ligero-resulto-totalmente-destruida-por-el-fuego\/","title":{"rendered":"Vivienda de material ligero result\u00f3 totalmente destruida por el fuego"},"content":{"rendered":"<p style=\"text-align: left;\"><span style=\"color: #c81400;\"><strong>Incendio en Sector El Asiento:<\/strong><\/span><\/p>\n<p style=\"text-align: justify;\">Totalmente destruida por el fuego result\u00f3 una vivienda de material ligero en el sector El Asiento la noche de este martes, debiendo lamentar adem\u00e1s la muerte de una mascota, en este caso un perrito que muri\u00f3 calcinado y cuyo cuerpo fue encontrado por los voluntarios.<\/p>\n<p style=\"text-align: justify;\">\u00ab<em>Anoche (martes) cerca de las 12:30 horas se recibi\u00f3 un llamado de incendio estructural en el sector El Asiento, saliendo la S\u00e9ptima Compa\u00f1\u00eda que se encuentra en 21 de Mayo, m\u00e1s la Segunda Compa\u00f1\u00eda. A la llegada de estas unidades, una casa habitaci\u00f3n de material ligero ya estaba consumida en casi su totalidad, el cien por ciento. A la llegada del primer carro de la S\u00e9ptima Compa\u00f1\u00eda la gente estaba muy preocupada porque pensaban que el propietario, la persona que duerme ah\u00ed en esa casa,\u00a0 estaba al interior de la vivienda. Se hizo la b\u00fasqueda, afortunadamente no se encontr\u00f3 a nadie, solamente un perrito que \u00e9l ten\u00eda estaba totalmente calcinado por el fuego\u00bb,<\/em> dijo <strong>Juan Carlos Herrera Lillo<\/strong>, comandante del Cuerpo de Bomberos de San Felipe.<\/p>\n<p style=\"text-align: justify;\">&#8211; <strong>\u00bfAlguna causa a priori que se puede decir respecto a este incendio?<\/strong><\/p>\n<p style=\"text-align: justify;\">&#8211; La primera hip\u00f3tesis que anoche manej\u00f3 el Departamento T\u00e9cnico de Investigaci\u00f3n, es que \u00e9l ten\u00eda una especie de brasero al interior, y lo m\u00e1s probable a lo mejor el perrito haya querido salir o alguna cosa y puede haber dado vuelta el brasero; es una de las primeras hip\u00f3tesis, es algo que se est\u00e1 manejando sobre eso y la verdad que no sabemos cu\u00e1l es la cantidad que habr\u00eda prendido al interior del brasero y a lo mejor el perrito lo pas\u00f3 a llevar.<\/p>\n<p style=\"text-align: justify;\">El comandante Juan Carlos Herrera Lillo aprovech\u00f3 de reiterar las recomendaciones para evitar este tipo de siniestros, se\u00f1alando: <em>\u00abS\u00ed, la verdad que es s\u00faper importante hacer las mantenciones que corresponde sobre todo tipo de calefacci\u00f3n, no recalentar las estufas a le\u00f1a, las salamandras que es s\u00faper importante esta situaci\u00f3n. Hay mucha gente a quienes se lo hemos planteado en incendios de bastantes proporciones, porque muchas veces la gente le ingresa le\u00f1a a la salamandra o a la Bosca y se van a acostar para que quede calefaccionado adentro de la habitaci\u00f3n, y lamentablemente el fuego, si uno no lo est\u00e1 viendo, es muy peligroso dejarlo, aunque uno tenga todas las medidas, aunque sea una estructura bastante s\u00f3lida, pero el recalentamiento del sistema de tubos es muchas veces si no est\u00e1n bien instalados o est\u00e1n cerca de madera, se van recalentando con el tiempo la madera y posteriormente al ingresar mucha le\u00f1a se pueden encender. Y ha pasado muchas veces en el entretecho, la calefacci\u00f3n tambi\u00e9n de gas, las conexiones de gas que es s\u00faper importante, las mangueras tienen fecha de vencimiento, una filtraci\u00f3n de los flexibles, las tuercas sueltas por el hecho que se van cambiando tubos, muchas veces las tuercas se van soltando. Por eso hacer una buena mantenci\u00f3n es s\u00faper importante, hacer un poco de lavazas al producir espuma es s\u00faper importante hacerlo porque es algo dom\u00e9stico. Siempre es importante hacerle las mantenciones con alguien que tenga los conocimientos necesarios para que no suceda nada\u00bb,<\/em> se\u00f1al\u00f3 Herrera Lillo.<\/p>\n<p style=\"text-align: justify;\">En esa misma l\u00ednea, otra recomendaci\u00f3n que hizo fue sobre el excesivo uso de la \u2018zapatilla el\u00e9ctrica\u2019, debido al gran n\u00famero de enchufes que se colocan; <em>\u00abalargadores que lo recargan; ustedes saben que no se pueden conectar a una estufa el\u00e9ctrica porque consume mucha energ\u00eda y los alargadores no est\u00e1n dise\u00f1ados para eso, as\u00ed es que todas esas medidas son importantes\u00bb,<\/em> manifest\u00f3 el comandante Juan Carlos Herrera Lillo.<\/p>\n<p style=\"text-align: justify;\">Respecto del vecino cuya casa habitaci\u00f3n result\u00f3 da\u00f1ada, informaci\u00f3n obtenida por este medio de fuentes cercanas al afectado, nos indicaron que ya empezaron a realizar una campa\u00f1a para ir en su ayuda. Est\u00e1n juntando ropa, en definitiva lo que sea.<\/p>\n<p style=\"text-align: justify;\">La vivienda estaba ubicada en Calle La Cancha con 18 de Septiembre en el sector El Asiento.<\/p>\n<figure id=\"attachment_100863\" aria-describedby=\"caption-attachment-100863\" style=\"width: 577px\" class=\"wp-caption aligncenter\"><img data-recalc-dims=\"1\" loading=\"lazy\" decoding=\"async\" class=\"size-full wp-image-100863\" src=\"https:\/\/i0.wp.com\/eltrabajo.cl\/portal\/wp-content\/uploads\/2020\/07\/Vecino.jpg?resize=577%2C600&#038;ssl=1\" alt=\"Un vecino mira con desolaci\u00f3n la vivienda completamente consumida por el fuego.\" width=\"577\" height=\"600\" srcset=\"https:\/\/i0.wp.com\/eltrabajo.cl\/portal\/wp-content\/uploads\/2020\/07\/Vecino.jpg?w=577&amp;ssl=1 577w, https:\/\/i0.wp.com\/eltrabajo.cl\/portal\/wp-content\/uploads\/2020\/07\/Vecino.jpg?resize=289%2C300&amp;ssl=1 289w, https:\/\/i0.wp.com\/eltrabajo.cl\/portal\/wp-content\/uploads\/2020\/07\/Vecino.jpg?resize=144%2C150&amp;ssl=1 144w\" sizes=\"auto, (max-width: 577px) 100vw, 577px\" \/><figcaption id=\"caption-attachment-100863\" class=\"wp-caption-text\">Un vecino mira con desolaci\u00f3n la vivienda completamente consumida por el fuego.<\/figcaption><\/figure>\n","protected":false},"excerpt":{"rendered":"<p>Incendio en Sector El Asiento: Totalmente destruida por el fuego result\u00f3 una vivienda de material ligero en el sector El Asiento la noche de este martes, debiendo lamentar adem\u00e1s la muerte de&#8230;<\/p>\n","protected":false},"author":482,"featured_media":100862,"comment_status":"closed","ping_status":"open","sticky":false,"template":"","format":"standard","meta":{"advanced_seo_description":"","jetpack_seo_html_title":"","jetpack_seo_noindex":false,"_jetpack_memberships_contains_paid_content":false,"footnotes":""},"categories":[21],"tags":[],"class_list":["post-100861","post","type-post","status-publish","format-standard","has-post-thumbnail","hentry","category-policial"],"jetpack_featured_media_url":"https:\/\/i0.wp.com\/eltrabajo.cl\/portal\/wp-content\/uploads\/2020\/07\/Vecino-copia.jpg?fit=577%2C360&ssl=1","jetpack_sharing_enabled":true,"jetpack_likes_enabled":true,"jetpack-related-posts":[],"_links":{"self":[{"href":"https:\/\/eltrabajo.cl\/portal\/wp-json\/wp\/v2\/posts\/100861","targetHints":{"allow":["GET"]}}],"collection":[{"href":"https:\/\/eltrabajo.cl\/portal\/wp-json\/wp\/v2\/posts"}],"about":[{"href":"https:\/\/eltrabajo.cl\/portal\/wp-json\/wp\/v2\/types\/post"}],"author":[{"embeddable":true,"href":"https:\/\/eltrabajo.cl\/portal\/wp-json\/wp\/v2\/users\/482"}],"replies":[{"embeddable":true,"href":"https:\/\/eltrabajo.cl\/portal\/wp-json\/wp\/v2\/comments?post=100861"}],"version-history":[{"count":0,"href":"https:\/\/eltrabajo.cl\/portal\/wp-json\/wp\/v2\/posts\/100861\/revisions"}],"wp:featuredmedia":[{"embeddable":true,"href":"https:\/\/eltrabajo.cl\/portal\/wp-json\/wp\/v2\/media\/100862"}],"wp:attachment":[{"href":"https:\/\/eltrabajo.cl\/portal\/wp-json\/wp\/v2\/media?parent=100861"}],"wp:term":[{"taxonomy":"category","embeddable":true,"href":"https:\/\/eltrabajo.cl\/portal\/wp-json\/wp\/v2\/categories?post=100861"},{"taxonomy":"post_tag","embeddable":true,"href":"https:\/\/eltrabajo.cl\/portal\/wp-json\/wp\/v2\/tags?post=100861"}],"curies":[{"name":"wp","href":"https:\/\/api.w.org\/{rel}","templated":true}]}}