{"id":100874,"date":"2020-07-24T07:20:35","date_gmt":"2020-07-24T11:20:35","guid":{"rendered":"https:\/\/www.eltrabajo.cl\/portal\/?p=100874"},"modified":"2020-07-23T20:43:54","modified_gmt":"2020-07-24T00:43:54","slug":"gano-con-sus-alumnos-el-comunal-provincial-regional-y-nacional-de-voley-2019","status":"publish","type":"post","link":"https:\/\/eltrabajo.cl\/portal\/gano-con-sus-alumnos-el-comunal-provincial-regional-y-nacional-de-voley-2019\/","title":{"rendered":"Gan\u00f3 con sus alumnos el Comunal, Provincial, Regional y Nacional de V\u00f3ley 2019"},"content":{"rendered":"<p style=\"text-align: left;\"><span style=\"color: #c81400;\"><strong>Prof. Gustavo Vargas ser\u00e1 distinguido en \u2018Trayectoria Deportiva\u2019:<\/strong><\/span><\/p>\n<ul style=\"text-align: justify;\">\n<li style=\"text-align: left;\"><strong> Los llev\u00f3 al Regional y lograron el Tercer Lugar de Sudam\u00e9rica.<\/strong><\/li>\n<\/ul>\n<p style=\"text-align: justify;\">Continuando con las Distinciones 2020 que el Municipio entregar\u00e1 en agosto a quienes han sido postulados para tal homenaje, queremos hoy tambi\u00e9n rese\u00f1ar al profesor de educaci\u00f3n f\u00edsica y salud, licenciado en educaci\u00f3n, <strong>Gustavo Adolfo Vargas Gonz\u00e1lez<\/strong>, quien este a\u00f1o recibir\u00e1 la <em>Distinci\u00f3n Trayectoria Deportiva y Educacional 2020<\/em>.<\/p>\n<p style=\"text-align: justify;\">\n<p style=\"text-align: justify;\"><span style=\"color: #c81400;\"><strong>TRAYECTORIA DEPORTIVA<\/strong><\/span><\/p>\n<p style=\"text-align: justify;\"><strong>Diario El Trabajo<\/strong> habl\u00f3 este jueves con el docente, quien nos coment\u00f3 sobre su vida, anhelos y logros alcanzados: <em>\u00abDesde muy peque\u00f1o he tenido mucha atracci\u00f3n por los deportes. Todo comenz\u00f3 en la ense\u00f1anza b\u00e1sica<\/em> (Escuela Jos\u00e9 Manso de Velasco) <em>donde fui part\u00edcipe de todos los deportes, siendo capit\u00e1n de equipo en la gran mayor\u00eda de los deportes. No fue hasta sexto b\u00e1sico que tuve la oportunidad de conocer el v\u00f3leibol, en ese tiempo es cuando acompa\u00f1o a mi hermano a un entrenamiento al Instituto Abd\u00f3n Cifuentes. A medida que transcurr\u00eda el entrenamiento de los j\u00f3venes, el profesor en ese entonces, Mauricio Astudillo, me invit\u00f3 a participar del entrenamiento. Luego de hacerme part\u00edcipe del equipo y Club IAC formamos un equipo en la Escuela Jos\u00e9 Manso de Velasco, logrando cosas maravillosas, como por ejemplo ganar la asociaci\u00f3n de San Felipe, eliminatoria para nacional en donde ese a\u00f1o no se realiz\u00f3 el Nacional y campeonatos Soprole. Este deporte nos estaba abriendo caminos como alumnos y nos ayudaba a conocer otras realidades, las cuales nos ayudaban a querer buscar sue\u00f1os m\u00e1s all\u00e1 de nuestros recursos<\/em>\u00bb, coment\u00f3 Vargas.<\/p>\n<p style=\"text-align: justify;\">&#8211; <strong>\u00bfC\u00f3mo te fue ya en la Media?<\/strong><\/p>\n<p style=\"text-align: justify;\">&#8211; Bien me fue, pues pasado un tiempo fui representando a diversos colegios en la zona, entre ellos se encuentran Colegio Alem\u00e1n, Instituto Abd\u00f3n Cifuentes, Portaliano, E-62, Instituto Chacabuco y Liceo Mixto de San Felipe. Este \u00faltimo pasa a ser el liceo donde vivir\u00eda mi proceso de ense\u00f1anza media. Durante un buen tiempo represent\u00e9 a varios colegios de la zona, teniendo la oportunidad de viajar a muchos lugares, jugando ligas escolares y federadas.<\/p>\n<p style=\"text-align: justify;\">&#8211; <strong>\u00bfC\u00f3mo naci\u00f3 tu amor por la ense\u00f1anza?<\/strong><\/p>\n<p style=\"text-align: justify;\">&#8211; En todo este proceso se me presentaron oportunidades de apoyar a mi querido profesor y amigo Germa\u00edn Quintana en las distribuciones de los jugadores, en la formaci\u00f3n de los m\u00e1s peque\u00f1os y sin darme cuenta iba formando un amor por ense\u00f1ar y ayudar a mis compa\u00f1eros. En todo este tiempo tuve grandes profesores y pilares quienes fueron cada vez fortaleciendo esas ganas por ense\u00f1ar, como lo fueron Germa\u00edn Quintana, Mauricio Astudillo, Eduardo Ch\u00e1vez y Silvio Gonz\u00e1lez. Luego en 4\u00ba Medio pas\u00e9 a ser parte del Liceo Roberto Humeres, representando tambi\u00e9n a esa instituci\u00f3n y conociendo grandes personas que me ayudar\u00edan a\u00fan m\u00e1s a buscar este camino, quienes son los concejales Dante Rodr\u00edguez y a Mario Villanueva, tambi\u00e9n la querida profesora Patricia Pimentel.<\/p>\n<p style=\"text-align: justify;\">&#8211; <strong>\u00bfTe fue f\u00e1cil tu paso por la universidad?<\/strong><\/p>\n<p style=\"text-align: justify;\">&#8211; No, no lo fue. Al terminar mi proceso de ense\u00f1anza media logr\u00e9 llegar a la universidad en una situaci\u00f3n dif\u00edcil econ\u00f3micamente para mi familia, pero en ese tiempo eran tan grandes las ganas por estudiar que se buscaron todas las opciones para poder llegar a ese sue\u00f1o. As\u00ed obtuve el 50% de beca deportiva en la Universidad Vi\u00f1a del Mar. En la cual fui part\u00edcipe de la selecci\u00f3n universitaria por todo mi periodo de estudio, participando en dos nacionales universitarios y muchas ligas universitarias.<\/p>\n<p style=\"text-align: justify;\">&#8211; \u00bf<strong>C\u00f3mo te instalas ya profesionalmente en tu calidad de docente?<\/strong><\/p>\n<p style=\"text-align: justify;\">&#8211; Luego de egresar de la universidad junto a unos amigos creamos el equipo amigos v\u00f3ley, fui entrenador de la Selecci\u00f3n de Santa Mar\u00eda, entrenador de la Universidad de Valpara\u00edso y Club Elior. Pero no es hasta 2019 cuando empec\u00e9 un proceso en el IAC como profesor del taller de v\u00f3leibol. Desde un principio hab\u00eda pocas expectativas para ese a\u00f1o, ya que los chicos hab\u00edan pasado por un proceso de muchos profesores, pero mi visi\u00f3n era distinta a pesar de todo lo que se comentaba quer\u00eda llegar lejos y eso me hac\u00eda trabajar m\u00e1s duro para conseguir objetivos.<\/p>\n<p style=\"text-align: justify;\">&#8211; <strong>\u00bfC\u00f3mo te result\u00f3 entonces con los chicos del IAC?<\/strong><\/p>\n<p style=\"text-align: justify;\">&#8211; Fui gan\u00e1ndome la confianza de los alumnos, de sus padres y de la organizaci\u00f3n del colegio y todo su conjunto nos hizo ir logrando objetivos a muy corto plazo, obteniendo resultados que no se ve\u00edan hace a\u00f1os en el colegio. Despu\u00e9s de mucho entrenamiento logramos ganar el Comunal y el paso al Provincial, junto a esto pod\u00edamos elegir a dos refuerzo quienes fueron Diego y Joaqu\u00edn Valenzuela, dos mellizos de la Escuela Industrial, quienes eran absolutamente extraordinarios en el deporte. Junto a esto se integr\u00f3 Rodrigo Duarte, psic\u00f3logo deportivo, quien ser\u00eda pieza clave para ganar el Provincial, Regional y Nacional, cuando ganamos el Nacional nadie lo pod\u00eda creer, ni yo en ese momento me cre\u00eda que con tan poco trabajo pudimos llegar tan lejos y a pesar de todos los malos comentarios que recib\u00edamos como equipo e instituci\u00f3n. Pero eso no quedaba ah\u00ed, a\u00fan quedaba representar a Chile en un sudamericano, \u00a1qu\u00e9 gran traves\u00eda hab\u00edamos logrado!<\/p>\n<p style=\"text-align: justify;\">&#8211; <strong>\u00bfC\u00f3mo lograron tanto y a la vez enfrentaban la contingencia nacional?<\/strong><\/p>\n<p style=\"text-align: justify;\">&#8211; \u00a1Exacto! El trabajo no pudo ser tan perfecto como lo quisimos en su momento con Rodrigo Duarte, por toda la contingencia nacional que se viv\u00eda en ese momento, tuvimos que adecuarnos a entrenar poco, pero de lo poco bueno, e incluso as\u00ed logramos obtener un tercer lugar sudamericano, algo nunca antes visto en la regi\u00f3n de un equipo de v\u00f3leibol masculino, ya se hab\u00eda cumplido un gran sue\u00f1o, ganar el Nacional, ahora un tercer lugar sudamericano era un regalo hermoso.<\/p>\n<p style=\"text-align: justify;\">&#8211; <strong>\u00bfA quienes agradeces por estos logros obtenidos?<\/strong><\/p>\n<p style=\"text-align: justify;\">&#8211; Todo esto me lleva a agradecer a las personas que tuve cerca y que me guiaron, orientaron en este proceso tan hermoso, agradezco enormemente al profesor Eduardo Ch\u00e1vez y su esposa, que son como mis segundo padres; a Rodrigo Duarte por acompa\u00f1arme con su profesionalismo, a todos mis profesores por guiarme en este proceso de educador, a mis padres por ense\u00f1arme los valores necesarios para poder persistir en mis sue\u00f1os y formar la persona que soy hoy en d\u00eda. En estos momentos soy un agradecido de la vida y de las personas que me rodean y m\u00e1s a\u00fan si soy premiado por trayectoria deportiva por la municipalidad. Creo que lo que he vivido en tan s\u00f3lo dos a\u00f1os de carrera profesional es impagable.<\/p>\n<p style=\"text-align: justify;\"><strong>Roberto Gonz\u00e1lez Short<\/strong><\/p>\n<figure id=\"attachment_100875\" aria-describedby=\"caption-attachment-100875\" style=\"width: 580px\" class=\"wp-caption aligncenter\"><img data-recalc-dims=\"1\" loading=\"lazy\" decoding=\"async\" class=\"size-full wp-image-100875\" src=\"https:\/\/i0.wp.com\/eltrabajo.cl\/portal\/wp-content\/uploads\/2020\/07\/Campeones_Gustavo-Adolfo-Vargas.jpg?resize=580%2C600&#038;ssl=1\" alt=\"Profesor Gustavo Adolfo Vargas, recibir\u00e1 la Distinci\u00f3n por Trayectoria Deportiva y Educacional.\" width=\"580\" height=\"600\" srcset=\"https:\/\/i0.wp.com\/eltrabajo.cl\/portal\/wp-content\/uploads\/2020\/07\/Campeones_Gustavo-Adolfo-Vargas.jpg?w=580&amp;ssl=1 580w, https:\/\/i0.wp.com\/eltrabajo.cl\/portal\/wp-content\/uploads\/2020\/07\/Campeones_Gustavo-Adolfo-Vargas.jpg?resize=290%2C300&amp;ssl=1 290w, https:\/\/i0.wp.com\/eltrabajo.cl\/portal\/wp-content\/uploads\/2020\/07\/Campeones_Gustavo-Adolfo-Vargas.jpg?resize=145%2C150&amp;ssl=1 145w\" sizes=\"auto, (max-width: 580px) 100vw, 580px\" \/><figcaption id=\"caption-attachment-100875\" class=\"wp-caption-text\">Profesor Gustavo Adolfo Vargas, recibir\u00e1 la Distinci\u00f3n por Trayectoria Deportiva y Educacional.<\/figcaption><\/figure>\n<figure id=\"attachment_100876\" aria-describedby=\"caption-attachment-100876\" style=\"width: 580px\" class=\"wp-caption aligncenter\"><img data-recalc-dims=\"1\" loading=\"lazy\" decoding=\"async\" class=\"size-full wp-image-100876\" src=\"https:\/\/i0.wp.com\/eltrabajo.cl\/portal\/wp-content\/uploads\/2020\/07\/Campeones1.jpg?resize=580%2C360&#038;ssl=1\" alt=\"POR SUS FRUTOS\u2026- Aqu\u00ed tenemos a la U14 de V\u00f3leibol masculino del IAC, el d\u00eda de la inauguraci\u00f3n de los Sudamericanos en Asunci\u00f3n Paraguay. \" width=\"580\" height=\"360\" srcset=\"https:\/\/i0.wp.com\/eltrabajo.cl\/portal\/wp-content\/uploads\/2020\/07\/Campeones1.jpg?w=580&amp;ssl=1 580w, https:\/\/i0.wp.com\/eltrabajo.cl\/portal\/wp-content\/uploads\/2020\/07\/Campeones1.jpg?resize=300%2C186&amp;ssl=1 300w, https:\/\/i0.wp.com\/eltrabajo.cl\/portal\/wp-content\/uploads\/2020\/07\/Campeones1.jpg?resize=200%2C124&amp;ssl=1 200w\" sizes=\"auto, (max-width: 580px) 100vw, 580px\" \/><figcaption id=\"caption-attachment-100876\" class=\"wp-caption-text\">POR SUS FRUTOS\u2026- Aqu\u00ed tenemos a la U14 de V\u00f3leibol masculino del IAC, el d\u00eda de la inauguraci\u00f3n de los Sudamericanos en Asunci\u00f3n Paraguay.<\/figcaption><\/figure>\n","protected":false},"excerpt":{"rendered":"<p>Prof. Gustavo Vargas ser\u00e1 distinguido en \u2018Trayectoria Deportiva\u2019: Los llev\u00f3 al Regional y lograron el Tercer Lugar de Sudam\u00e9rica. Continuando con las Distinciones 2020 que el Municipio entregar\u00e1 en agosto a quienes&#8230;<\/p>\n","protected":false},"author":482,"featured_media":100876,"comment_status":"closed","ping_status":"open","sticky":false,"template":"","format":"standard","meta":{"advanced_seo_description":"","jetpack_seo_html_title":"","jetpack_seo_noindex":false,"_jetpack_memberships_contains_paid_content":false,"footnotes":""},"categories":[15],"tags":[],"class_list":["post-100874","post","type-post","status-publish","format-standard","has-post-thumbnail","hentry","category-comunidad"],"jetpack_featured_media_url":"https:\/\/i0.wp.com\/eltrabajo.cl\/portal\/wp-content\/uploads\/2020\/07\/Campeones1.jpg?fit=580%2C360&ssl=1","jetpack_sharing_enabled":true,"jetpack_likes_enabled":true,"jetpack-related-posts":[],"_links":{"self":[{"href":"https:\/\/eltrabajo.cl\/portal\/wp-json\/wp\/v2\/posts\/100874","targetHints":{"allow":["GET"]}}],"collection":[{"href":"https:\/\/eltrabajo.cl\/portal\/wp-json\/wp\/v2\/posts"}],"about":[{"href":"https:\/\/eltrabajo.cl\/portal\/wp-json\/wp\/v2\/types\/post"}],"author":[{"embeddable":true,"href":"https:\/\/eltrabajo.cl\/portal\/wp-json\/wp\/v2\/users\/482"}],"replies":[{"embeddable":true,"href":"https:\/\/eltrabajo.cl\/portal\/wp-json\/wp\/v2\/comments?post=100874"}],"version-history":[{"count":0,"href":"https:\/\/eltrabajo.cl\/portal\/wp-json\/wp\/v2\/posts\/100874\/revisions"}],"wp:featuredmedia":[{"embeddable":true,"href":"https:\/\/eltrabajo.cl\/portal\/wp-json\/wp\/v2\/media\/100876"}],"wp:attachment":[{"href":"https:\/\/eltrabajo.cl\/portal\/wp-json\/wp\/v2\/media?parent=100874"}],"wp:term":[{"taxonomy":"category","embeddable":true,"href":"https:\/\/eltrabajo.cl\/portal\/wp-json\/wp\/v2\/categories?post=100874"},{"taxonomy":"post_tag","embeddable":true,"href":"https:\/\/eltrabajo.cl\/portal\/wp-json\/wp\/v2\/tags?post=100874"}],"curies":[{"name":"wp","href":"https:\/\/api.w.org\/{rel}","templated":true}]}}