{"id":100980,"date":"2020-07-27T07:40:39","date_gmt":"2020-07-27T11:40:39","guid":{"rendered":"https:\/\/www.eltrabajo.cl\/portal\/?p=100980"},"modified":"2020-07-26T23:14:23","modified_gmt":"2020-07-27T03:14:23","slug":"este-miercoles-homenajearan-a-la-nueva-hija-ilustre-de-nuestra-ciudad","status":"publish","type":"post","link":"https:\/\/eltrabajo.cl\/portal\/este-miercoles-homenajearan-a-la-nueva-hija-ilustre-de-nuestra-ciudad\/","title":{"rendered":"Este mi\u00e9rcoles homenajear\u00e1n a la nueva Hija Ilustre de nuestra ciudad"},"content":{"rendered":"<p style=\"text-align: justify;\"><span style=\"color: #c81400;\"><strong>Ema Garc\u00eda Iturrieta nos describe el San Felipe del Ayer:<\/strong><\/span><\/p>\n<p style=\"text-align: justify;\">Este lunes queremos compartir con nuestros lectores una especial rese\u00f1a de la que a partir del pr\u00f3ximo mi\u00e9rcoles 1\u00ba de agosto ser\u00e1 distinguida como Hija Ilustre de la Ciudad de San Felipe, homenaje que el Concejo Municipal de nuestras ciudad har\u00e1 a la asistente social <strong>Ema Nancy Garc\u00eda Iturrieta<\/strong>, en el marco del 280\u00ba Aniversario de la Tres Veces Heroica Ciudad de San Felipe.<\/p>\n<p style=\"text-align: justify;\">Ema naci\u00f3 el viernes 30 de junio de 1950 en San Felipe, es casada, tiene tres hijos: <strong>Jos\u00e9 Antonio<\/strong>, <strong>Francisco<\/strong> y <strong>Carla<\/strong>, y tres bellos nietos. Estudi\u00f3 en la Escuela N\u00ba3 de San Felipe, sus estudios b\u00e1sicos los curs\u00f3 en el Liceo de Ni\u00f1as Corina Urbina, luego los universitarios en Universidad de Chile Servici\u00f3 Social y posteriormente ya trabajando en la Alberto Hurtado obtuvo un diplomado en Gesti\u00f3n P\u00fablica.<\/p>\n<p style=\"text-align: justify;\">&#8211; <strong>\u00bfCu\u00e1ndo ingresa usted a la Municipalidad de San Felipe?<\/strong><\/p>\n<p style=\"text-align: justify;\">&#8211; Ingres\u00e9 a la Municipalidad de San Felipe en 1981 como encargada del C.A.S., en 1982 fui traslada a Freire N\u00ba20, donde creamos el Departamento Social, siendo designada por el Alcalde Simonetti como Jefe del Depto., logrando ese a\u00f1o la distinci\u00f3n de Funcionaria Destacada.<\/p>\n<p style=\"text-align: justify;\">&#8211; <strong>\u00bfCu\u00e1l era la realidad social de los sanfelipe\u00f1os en esos a\u00f1os?<\/strong><\/p>\n<p style=\"text-align: justify;\">&#8211; En ese periodo la ciudad estaba rodeada de campamentos, donde las familias viv\u00edan en absoluta precariedad sin contar con los m\u00ednimos servicios b\u00e1sicos, con un total de 550 familias en esta condici\u00f3n, ubicados en Calle Diego de Almagro, Chorrillos, El Bosque, Estado y otros. Se levant\u00f3 un programa para resolver esta condici\u00f3n en el \u00e1rea urbana y rural contando con el apoyo del Serviu y el Obispado de Aconcagua a trav\u00e9s de su \u00e1rea Social.<\/p>\n<p style=\"text-align: justify;\">&#8211; <strong>\u00bfQu\u00e9 hicieron ustedes para que estas 550 familias mejoraran su calidad de vida?<\/strong><\/p>\n<p style=\"text-align: justify;\">&#8211; Bueno, empezamos a gestionar la construcci\u00f3n de viviendas para estos grupos vulnerables, traslad\u00e1ndolos secuencialmente a Poblaci\u00f3n Chorrillos, La Escuadra 1, Villa Industrial, Departamentos Enc\u00f3n, Santa Br\u00edgida, complementos en Villa Los \u00c1lamos y Poblaci\u00f3n Aconcagua, para terminar con las diversas etapas en Villa 250 A\u00f1os, en forma paralela implement\u00e1bamos un programa piloto con el Obispado de construcciones rurales usando materiales naturales, a familias afectadas por terremotos.<\/p>\n<p style=\"text-align: justify;\">&#8211; \u00bf<strong>Qu\u00e9 otras iniciativas nacieron en esos a\u00f1os y en los que usted particip\u00f3?<\/strong><\/p>\n<p style=\"text-align: justify;\">&#8211; Bien, en el intertanto del auge por crear viviendas y sacar de los campamentos a estas familias, naci\u00f3 el requerimiento de trabajo directo con la comunidad, creando el Departamento Comunitario Municipal, en el periodo del Alcalde Claudio Rodr\u00edguez se inici\u00f3 la construcci\u00f3n del primer villorrio rural en 21 de Mayo. Mi participaci\u00f3n era ser la efe comunal de los censos de poblaci\u00f3n en 1981 y 1991.<\/p>\n<p style=\"text-align: justify;\">&#8211; <strong>\u00bfC\u00f3mo se fue usted perfeccionando como profesional?<\/strong><\/p>\n<p style=\"text-align: justify;\">&#8211; En 1990 obtuve una beca para curso realizado en FAO en Santiago, realizando una publicaci\u00f3n colectiva sobre mercadeo y cooperativismo en Am\u00e9rica Latina. En forma anterior inclu\u00ed en la administraci\u00f3n comunal las localidades de Bellavista, 21 de Mayo, El Asiento y Calle Ortiz, que hab\u00edan sido traspasadas con la Reforma Administrativa, ya que antes pertenec\u00edan a la comuna de Putaendo. Integr\u00e1ndose esas comunidades a todos los programas y actividades de la comuna a partir de ese momento.<\/p>\n<p style=\"text-align: justify;\">&#8211; <strong>\u00bfCu\u00e1ndo llega usted a la oficina del alcalde como secretaria?<\/strong><\/p>\n<p style=\"text-align: justify;\">&#8211; Fue en 1993 cuando fui designada por al Alcalde J. Jara como Secretaria Municipal subrogante, titularidad que asum\u00ed en 2002 hasta la fecha de jubilaci\u00f3n el 30 de junio de 2020.<\/p>\n<p style=\"text-align: justify;\">&#8211; <strong>\u00bfS\u00f3lo sigui\u00f3 como secretaria, o continu\u00f3 en estos programas anteriormente desarrollados?<\/strong><\/p>\n<p style=\"text-align: justify;\">&#8211; En tal calidad asum\u00ed no s\u00f3lo labores propias sino programas de beneficio y desarrollo comunitario, teniendo a mi cargo los programas: Conservaci\u00f3n de caminos secundarios en convenio con Vialidad; Pavimentos Participativos con Secpla; Pavimentos Compartidos; Proyectos el\u00e9ctricos para instalaci\u00f3n de empalmes el\u00e9ctricos y extensiones de red en sectores rurales como tambi\u00e9n en agua potable; Mejoramientos en sedes comunitarias y salacuna; Programa Fondecom. Durante la gesti\u00f3n de J. Jara creamos la Oficina de la Juventud y la Casa de la Juventud, abriendo espacios a un \u00e1rea no intervenida a la fecha; en convenio municipal con la Universidad de Chile se realiz\u00f3 la publicaci\u00f3n del libro Toponimia de San Felipe con el programa de entidades culturales.<\/p>\n<p style=\"text-align: justify;\">&#8211; <strong>\u00bfC\u00f3mo lograron digitalizar toda la documentaci\u00f3n an\u00e1loga al sistema digital?<\/strong><\/p>\n<p style=\"text-align: justify;\">&#8211; Bueno, en el \u00e1mbito de gesti\u00f3n interna me integr\u00e9 el programa de Gesti\u00f3n Documental, donde integramos el sistema de informaci\u00f3n en forma digital toda la documentaci\u00f3n que ingresaba a la instituci\u00f3n, unos 40.000 documentos anuales, y en el \u00faltimo periodo en el mes de febrero la digitalizaci\u00f3n de los decretos alcaldicios, el cual se encuentra en Marcha Blanca.<\/p>\n<p style=\"text-align: justify;\">&#8211; <strong>\u00bfC\u00f3mo qued\u00f3 \u2018La Casa\u2019 tras jubilarte?<\/strong><\/p>\n<p style=\"text-align: justify;\">&#8211; Se ha dejado construida la Direcci\u00f3n de Secretar\u00eda Municipal con tres departamentos que la integran: Gesti\u00f3n documental, conformada por Oficina de Partes, Oficina de atenci\u00f3n ciudadana y Archivo hist\u00f3rico, Departamento de personas jur\u00eddicas, donde se cuenta con un registro hist\u00f3rico de aproximadamente 1.500 organizaciones de la comunidad y sus directivas, adem\u00e1s del Departamento de Movilizaci\u00f3n menor, que provee servicios a todos los departamentos que no poseen locomoci\u00f3n propia y los buses que realizan viajes recreativos a las organizaciones de la comuna; m\u00e1s la oficina administrativa de Concejo y Concejales.<\/p>\n<p style=\"text-align: justify;\">&#8211; <strong>\u00bfC\u00f3mo quedaron funcionando estas oficinas y departamentos con las Fuerzas Vivas de la comuna?<\/strong><\/p>\n<p style=\"text-align: justify;\">&#8211; Muy bien. Durante la trayectoria se ha mantenido excelentes relaciones con las organizaciones comunitarias y las Uniones Comunales, constituyendo en dos per\u00edodos los Cosoc, que son Consejos Consultivos para Integrar a los vecinos en la gesti\u00f3n p\u00fablica.<\/p>\n<p style=\"text-align: justify;\">&#8211; <strong>Entendemos que usted aparte de esta importante distinci\u00f3n, anteriormente recibi\u00f3 otros homenajes, \u00bflos recuerda?<\/strong><\/p>\n<p style=\"text-align: justify;\">&#8211; S\u00ed, as\u00ed es. En el a\u00f1o 2000 fue distinguida como Funcionaria Destacada por la Municipalidad.<\/p>\n<p style=\"text-align: justify;\">&#8211; <strong>\u00bfPalabras para nuestros lectores que quiera compartir?<\/strong><\/p>\n<p style=\"text-align: justify;\">&#8211; Es dif\u00edcil en pocas l\u00edneas se\u00f1alar las tareas realizadas en un caminar municipal de 39 a\u00f1os, donde siempre se trat\u00f3 de dar lo mejor en favor de los vecinos de la comuna. Tambi\u00e9n se\u00f1alar que en lo realizado tambi\u00e9n hay detr\u00e1s equipos y funcionarios muy comprometidos con la gesti\u00f3n municipal y que firmaron parte de esta cadena. S\u00f3lo en esta etapa rogar que nuestras autoridades comunales: Alcalde y Concejo Municipal sigan en el camino de hacer cada d\u00eda mejor nuestra comuna para\u00a0 el mejor bienestar de sus habitantes.<\/p>\n<p style=\"text-align: justify;\"><strong>Roberto Gonz\u00e1lez Short<\/strong><\/p>\n<figure id=\"attachment_100981\" aria-describedby=\"caption-attachment-100981\" style=\"width: 580px\" class=\"wp-caption aligncenter\"><img data-recalc-dims=\"1\" loading=\"lazy\" decoding=\"async\" class=\"size-full wp-image-100981\" src=\"https:\/\/i0.wp.com\/eltrabajo.cl\/portal\/wp-content\/uploads\/2020\/07\/Distincion1-1.jpg?resize=580%2C360&#038;ssl=1\" alt=\"SER\u00c1 HOMENAJEADA.- Ema Nancy Garc\u00eda Iturrieta recibir\u00e1 este mi\u00e9rcoles la Distinci\u00f3n Hija Ilustre de San Felipe, aqu\u00ed la vemos con el alcalde Patricio Freire y la concejala Patricia Boffa.\" width=\"580\" height=\"360\" srcset=\"https:\/\/i0.wp.com\/eltrabajo.cl\/portal\/wp-content\/uploads\/2020\/07\/Distincion1-1.jpg?w=580&amp;ssl=1 580w, https:\/\/i0.wp.com\/eltrabajo.cl\/portal\/wp-content\/uploads\/2020\/07\/Distincion1-1.jpg?resize=300%2C186&amp;ssl=1 300w, https:\/\/i0.wp.com\/eltrabajo.cl\/portal\/wp-content\/uploads\/2020\/07\/Distincion1-1.jpg?resize=200%2C124&amp;ssl=1 200w\" sizes=\"auto, (max-width: 580px) 100vw, 580px\" \/><figcaption id=\"caption-attachment-100981\" class=\"wp-caption-text\">SER\u00c1 HOMENAJEADA.- Ema Nancy Garc\u00eda Iturrieta recibir\u00e1 este mi\u00e9rcoles la Distinci\u00f3n Hija Ilustre de San Felipe, aqu\u00ed la vemos con el alcalde Patricio Freire y la concejala Patricia Boffa.<\/figcaption><\/figure>\n<figure id=\"attachment_100982\" aria-describedby=\"caption-attachment-100982\" style=\"width: 580px\" class=\"wp-caption aligncenter\"><img data-recalc-dims=\"1\" loading=\"lazy\" decoding=\"async\" class=\"size-full wp-image-100982\" src=\"https:\/\/i0.wp.com\/eltrabajo.cl\/portal\/wp-content\/uploads\/2020\/07\/Distincion_Ema-Garcia.jpg?resize=580%2C358&#038;ssl=1\" alt=\"Ema Garc\u00eda Iturrieta, Hija Ilustre de San Felipe.\" width=\"580\" height=\"358\" srcset=\"https:\/\/i0.wp.com\/eltrabajo.cl\/portal\/wp-content\/uploads\/2020\/07\/Distincion_Ema-Garcia.jpg?w=580&amp;ssl=1 580w, https:\/\/i0.wp.com\/eltrabajo.cl\/portal\/wp-content\/uploads\/2020\/07\/Distincion_Ema-Garcia.jpg?resize=300%2C185&amp;ssl=1 300w, https:\/\/i0.wp.com\/eltrabajo.cl\/portal\/wp-content\/uploads\/2020\/07\/Distincion_Ema-Garcia.jpg?resize=200%2C123&amp;ssl=1 200w\" sizes=\"auto, (max-width: 580px) 100vw, 580px\" \/><figcaption id=\"caption-attachment-100982\" class=\"wp-caption-text\">Ema Garc\u00eda Iturrieta, Hija Ilustre de San Felipe.<\/figcaption><\/figure>\n","protected":false},"excerpt":{"rendered":"<p>Ema Garc\u00eda Iturrieta nos describe el San Felipe del Ayer: Este lunes queremos compartir con nuestros lectores una especial rese\u00f1a de la que a partir del pr\u00f3ximo mi\u00e9rcoles 1\u00ba de agosto ser\u00e1&#8230;<\/p>\n","protected":false},"author":482,"featured_media":100982,"comment_status":"closed","ping_status":"open","sticky":false,"template":"","format":"standard","meta":{"advanced_seo_description":"","jetpack_seo_html_title":"","jetpack_seo_noindex":false,"_jetpack_memberships_contains_paid_content":false,"footnotes":""},"categories":[15],"tags":[],"class_list":["post-100980","post","type-post","status-publish","format-standard","has-post-thumbnail","hentry","category-comunidad"],"jetpack_featured_media_url":"https:\/\/i0.wp.com\/eltrabajo.cl\/portal\/wp-content\/uploads\/2020\/07\/Distincion_Ema-Garcia.jpg?fit=580%2C358&ssl=1","jetpack_sharing_enabled":true,"jetpack_likes_enabled":true,"jetpack-related-posts":[],"_links":{"self":[{"href":"https:\/\/eltrabajo.cl\/portal\/wp-json\/wp\/v2\/posts\/100980","targetHints":{"allow":["GET"]}}],"collection":[{"href":"https:\/\/eltrabajo.cl\/portal\/wp-json\/wp\/v2\/posts"}],"about":[{"href":"https:\/\/eltrabajo.cl\/portal\/wp-json\/wp\/v2\/types\/post"}],"author":[{"embeddable":true,"href":"https:\/\/eltrabajo.cl\/portal\/wp-json\/wp\/v2\/users\/482"}],"replies":[{"embeddable":true,"href":"https:\/\/eltrabajo.cl\/portal\/wp-json\/wp\/v2\/comments?post=100980"}],"version-history":[{"count":0,"href":"https:\/\/eltrabajo.cl\/portal\/wp-json\/wp\/v2\/posts\/100980\/revisions"}],"wp:featuredmedia":[{"embeddable":true,"href":"https:\/\/eltrabajo.cl\/portal\/wp-json\/wp\/v2\/media\/100982"}],"wp:attachment":[{"href":"https:\/\/eltrabajo.cl\/portal\/wp-json\/wp\/v2\/media?parent=100980"}],"wp:term":[{"taxonomy":"category","embeddable":true,"href":"https:\/\/eltrabajo.cl\/portal\/wp-json\/wp\/v2\/categories?post=100980"},{"taxonomy":"post_tag","embeddable":true,"href":"https:\/\/eltrabajo.cl\/portal\/wp-json\/wp\/v2\/tags?post=100980"}],"curies":[{"name":"wp","href":"https:\/\/api.w.org\/{rel}","templated":true}]}}