{"id":100984,"date":"2020-07-27T07:45:36","date_gmt":"2020-07-27T11:45:36","guid":{"rendered":"https:\/\/www.eltrabajo.cl\/portal\/?p=100984"},"modified":"2020-07-26T23:16:09","modified_gmt":"2020-07-27T03:16:09","slug":"preparador-fisico-del-uni-uni-hizo-un-primer-balance-tras-una-semana-de-trabajo","status":"publish","type":"post","link":"https:\/\/eltrabajo.cl\/portal\/preparador-fisico-del-uni-uni-hizo-un-primer-balance-tras-una-semana-de-trabajo\/","title":{"rendered":"Preparador f\u00edsico del Un\u00ed Un\u00ed hizo un primer balance tras una semana de trabajo"},"content":{"rendered":"<p style=\"text-align: justify;\">El profesor <strong>Francisco Riveros<\/strong>, actual preparador f\u00edsico del primer equipo de Uni\u00f3n San Felipe, ponder\u00f3 de manera muy positiva el retorno a los entrenamientos del plantel albirrojo, hecho que se produjo hace poco m\u00e1s de diez d\u00edas. \u00ab<em>Estos d\u00edas han sido s\u00faper at\u00edpicos, ya que en la pr\u00e1ctica esto es un reintegro deportivo, en el cual existe mucha ansiedad por parte de los jugadores que, al estar mucho tiempo sin poder estar en contacto con el bal\u00f3n y la cancha, quieren generar todo al m\u00e1ximo de intensidad<\/em>\u00bb, declar\u00f3 el profesional a <strong>El Trabajo Deportivo<\/strong>.<\/p>\n<p style=\"text-align: justify;\">El retorno ha tenido varias complejidades debido a las restricciones que ha impuesto el protocolo sanitario producto del Covid-19. Uno de los m\u00e1s complicados ha sido el haber tenido que trabajar con s\u00f3lo cuatro jugadores por cancha (uno por cuarto), adem\u00e1s que las sesiones son m\u00e1s largas de las habituales, prolong\u00e1ndose por varias horas. Ante esto el profesor Viveros, se\u00f1al\u00f3 que \u00ab<em>es que en esto nos distribuimos con \u2018El profe\u2019 Erwin y su asistente en los distintos sectores de la cancha, y cada uno est\u00e1 a cargo de un grupo. Con esto se busca que el cometido sea igual para todos los jugadores. Respecto al tema del horario, la verdad es que uno como profesional debe considerar que el tiempo que estuvimos en la casa fue lo suficientemente extenso como para que eso se convierta en un factor de cr\u00edtica. Ac\u00e1 todos estamos felices de poder volver, por lo que el tiempo se pasa muy r\u00e1pido; as\u00ed que si bien es cierto las horas en el papel son varias, se hace todo muy corto<\/em>\u00bb.<\/p>\n<p style=\"text-align: justify;\">Punto muy interesante en el reinicio es saber que se busca en esta primera fase de labores. \u00ab<em>Queremos que se retomen y se recuperen ciertas cualidades f\u00edsicas, motrices y de coordinaci\u00f3n que se vieron afectadas durante la para. Es por eso que en esta fase buscamos una readaptaci\u00f3n fisiol\u00f3gica, tanto en lo aer\u00f3bico y anaer\u00f3bica, complementando todo esto con la parte t\u00e9cnica para hacer una mixtura que permita ir mejorando en el global<\/em>\u00bb, aport\u00f3 el PF.<\/p>\n<p style=\"text-align: justify;\">Ya en el plano m\u00e1s profundo, el profesional se mostr\u00f3 muy satisfecho por la respuesta de los jugadores. \u00ab<em>Es satisfactorio poder constatar que los jugadores tuvieron mucho cuidado durante todo el tiempo en que no pudieron entrenar de manera normal. Se nota que cada uno mostr\u00f3 el compromiso con el club, el cuerpo t\u00e9cnico y sus compa\u00f1eros, al respetar las pautas que se les envi\u00f3 a sus hogares. Es evidente que hay mermas, pero en la parte f\u00edsica hemos podido evidenciar que cada uno responde de buena forma<\/em>\u00bb, afirm\u00f3.<\/p>\n<p style=\"text-align: justify;\">En el final de la conversaci\u00f3n Francisco Riveros, coment\u00f3 que el tiempo de entrenamientos previos al reinicio del torneo es suficiente para garantizar que el plantel estar\u00e1 bien en el aspecto f\u00edsico. \u00ab<em>Hoy por hoy todos los equipos correr\u00e1n riesgos porque un mes de actividad previa nos pone sobre la marcha para volver al campeonato. En el aspecto f\u00edsico la tarea es importante generar en el deportista la mayor adaptaci\u00f3n posible, ya que lo t\u00e9cnico y t\u00e1ctico se ir\u00e1 dando con el juego. No hay que olvidar que habr\u00e1 una verdadera marat\u00f3n de partidos, por lo que la parte f\u00edsica ser\u00e1 fundamental; entonces prevalecer\u00e1 el cuidado que cada club le d\u00e9 a sus jugadores, que es lo que est\u00e1 haciendo en estos momentos Uni\u00f3n San Felipe<\/em>\u00bb, finaliz\u00f3.<\/p>\n<figure id=\"attachment_100985\" aria-describedby=\"caption-attachment-100985\" style=\"width: 580px\" class=\"wp-caption aligncenter\"><img data-recalc-dims=\"1\" loading=\"lazy\" decoding=\"async\" class=\"size-full wp-image-100985\" src=\"https:\/\/i0.wp.com\/eltrabajo.cl\/portal\/wp-content\/uploads\/2020\/07\/pf.jpg?resize=580%2C358&#038;ssl=1\" alt=\"El preparador f\u00edsico ejecutando su trabajo en el complejo deportivo.\" width=\"580\" height=\"358\" srcset=\"https:\/\/i0.wp.com\/eltrabajo.cl\/portal\/wp-content\/uploads\/2020\/07\/pf.jpg?w=580&amp;ssl=1 580w, https:\/\/i0.wp.com\/eltrabajo.cl\/portal\/wp-content\/uploads\/2020\/07\/pf.jpg?resize=300%2C185&amp;ssl=1 300w, https:\/\/i0.wp.com\/eltrabajo.cl\/portal\/wp-content\/uploads\/2020\/07\/pf.jpg?resize=200%2C123&amp;ssl=1 200w\" sizes=\"auto, (max-width: 580px) 100vw, 580px\" \/><figcaption id=\"caption-attachment-100985\" class=\"wp-caption-text\">El preparador f\u00edsico ejecutando su trabajo en el complejo deportivo.<\/figcaption><\/figure>\n<figure id=\"attachment_100986\" aria-describedby=\"caption-attachment-100986\" style=\"width: 580px\" class=\"wp-caption aligncenter\"><img data-recalc-dims=\"1\" loading=\"lazy\" decoding=\"async\" class=\"size-full wp-image-100986\" src=\"https:\/\/i0.wp.com\/eltrabajo.cl\/portal\/wp-content\/uploads\/2020\/07\/pino.jpg?resize=580%2C650&#038;ssl=1\" alt=\"El capit\u00e1n Jes\u00fas Pino durante uno de los entrenamientos.\" width=\"580\" height=\"650\" srcset=\"https:\/\/i0.wp.com\/eltrabajo.cl\/portal\/wp-content\/uploads\/2020\/07\/pino.jpg?w=580&amp;ssl=1 580w, https:\/\/i0.wp.com\/eltrabajo.cl\/portal\/wp-content\/uploads\/2020\/07\/pino.jpg?resize=268%2C300&amp;ssl=1 268w, https:\/\/i0.wp.com\/eltrabajo.cl\/portal\/wp-content\/uploads\/2020\/07\/pino.jpg?resize=134%2C150&amp;ssl=1 134w\" sizes=\"auto, (max-width: 580px) 100vw, 580px\" \/><figcaption id=\"caption-attachment-100986\" class=\"wp-caption-text\">El capit\u00e1n Jes\u00fas Pino durante uno de los entrenamientos.<\/figcaption><\/figure>\n","protected":false},"excerpt":{"rendered":"<p>El profesor Francisco Riveros, actual preparador f\u00edsico del primer equipo de Uni\u00f3n San Felipe, ponder\u00f3 de manera muy positiva el retorno a los entrenamientos del plantel albirrojo, hecho que se produjo hace&#8230;<\/p>\n","protected":false},"author":482,"featured_media":100985,"comment_status":"closed","ping_status":"open","sticky":false,"template":"","format":"standard","meta":{"advanced_seo_description":"","jetpack_seo_html_title":"","jetpack_seo_noindex":false,"_jetpack_memberships_contains_paid_content":false,"footnotes":""},"categories":[19],"tags":[],"class_list":["post-100984","post","type-post","status-publish","format-standard","has-post-thumbnail","hentry","category-deportes"],"jetpack_featured_media_url":"https:\/\/i0.wp.com\/eltrabajo.cl\/portal\/wp-content\/uploads\/2020\/07\/pf.jpg?fit=580%2C358&ssl=1","jetpack_sharing_enabled":true,"jetpack_likes_enabled":true,"jetpack-related-posts":[],"_links":{"self":[{"href":"https:\/\/eltrabajo.cl\/portal\/wp-json\/wp\/v2\/posts\/100984","targetHints":{"allow":["GET"]}}],"collection":[{"href":"https:\/\/eltrabajo.cl\/portal\/wp-json\/wp\/v2\/posts"}],"about":[{"href":"https:\/\/eltrabajo.cl\/portal\/wp-json\/wp\/v2\/types\/post"}],"author":[{"embeddable":true,"href":"https:\/\/eltrabajo.cl\/portal\/wp-json\/wp\/v2\/users\/482"}],"replies":[{"embeddable":true,"href":"https:\/\/eltrabajo.cl\/portal\/wp-json\/wp\/v2\/comments?post=100984"}],"version-history":[{"count":0,"href":"https:\/\/eltrabajo.cl\/portal\/wp-json\/wp\/v2\/posts\/100984\/revisions"}],"wp:featuredmedia":[{"embeddable":true,"href":"https:\/\/eltrabajo.cl\/portal\/wp-json\/wp\/v2\/media\/100985"}],"wp:attachment":[{"href":"https:\/\/eltrabajo.cl\/portal\/wp-json\/wp\/v2\/media?parent=100984"}],"wp:term":[{"taxonomy":"category","embeddable":true,"href":"https:\/\/eltrabajo.cl\/portal\/wp-json\/wp\/v2\/categories?post=100984"},{"taxonomy":"post_tag","embeddable":true,"href":"https:\/\/eltrabajo.cl\/portal\/wp-json\/wp\/v2\/tags?post=100984"}],"curies":[{"name":"wp","href":"https:\/\/api.w.org\/{rel}","templated":true}]}}