{"id":100988,"date":"2020-07-27T07:50:38","date_gmt":"2020-07-27T11:50:38","guid":{"rendered":"https:\/\/www.eltrabajo.cl\/portal\/?p=100988"},"modified":"2020-07-26T23:19:48","modified_gmt":"2020-07-27T03:19:48","slug":"vecinos-detienen-a-sujeto-acusado-de-hurtar-bicicleta","status":"publish","type":"post","link":"https:\/\/eltrabajo.cl\/portal\/vecinos-detienen-a-sujeto-acusado-de-hurtar-bicicleta\/","title":{"rendered":"Vecinos detienen a sujeto acusado de hurtar bicicleta"},"content":{"rendered":"<p style=\"text-align: left;\"><span style=\"color: #c81400;\"><strong>Villa Portones del Inca:<\/strong><\/span><\/p>\n<p style=\"text-align: justify;\">La ayuda de vecinos de Villa Portones del Inca result\u00f3 fundamental\u00a0 para que Carabineros pudiera detener primero; a un sujeto acusado de hurtar una bicicleta de alto valor comercial a un vecino del lugar mientras estaba comprando. M\u00e1s tarde y en ese mismo lugar se detuvo a un segundo individuo, acompa\u00f1ante del primer imputado, quien se movilizaba tambi\u00e9n en una bicicleta similar que tambi\u00e9n era proveniente de un robo. Ambas detenciones se produjeron el d\u00eda jueves en la noche en una de las calles de esa villa.<\/p>\n<p style=\"text-align: justify;\"><span style=\"color: #c81400;\"><strong>RECONOCI\u00d3 EL ROBO<\/strong><\/span><\/p>\n<p style=\"text-align: justify;\">Carabineros a trav\u00e9s del subcomisario de la Segunda Comisar\u00eda, capit\u00e1n <strong>Franco Herrera<\/strong>, indic\u00f3 que \u00ab<em>efectivamente el d\u00eda de ayer<\/em> (jueves) <em>Carabineros concurri\u00f3 a un procedimiento por Hurto de una bicicleta, en este caso de un se\u00f1or que estaba comprando en un negocio de la villa, en los momentos que Carabineros estaba acogiendo la denuncia vecinos del sector empezaron a sindicar a una persona que estaba junto a una camioneta como aqu\u00e9l que momentos antes le hab\u00eda sustra\u00eddo la bicicleta a este se\u00f1or y se hab\u00eda dado a la fuga hacia el sector El Almendral, con estos antecedentes Carabineros procedi\u00f3 a la detenci\u00f3n de esta persona por el hecho de estar siendo sindicado y este al ser consultado finalmente reconoci\u00f3 el delito y lleg\u00f3 personal de Carabineros hasta un domicilio en el sector de El Almendral, donde se recuper\u00f3 esta bicicleta<\/em>\u00bb, se\u00f1al\u00f3 el oficial.<\/p>\n<p style=\"text-align: justify;\">En esa misma l\u00ednea coment\u00f3 el contexto donde ocurre todo este procedimiento, \u00ab<em>fue que este antisocial iba en una camioneta y qued\u00f3 en pane en ese lugar al parecer por falta de combustible, y un acompa\u00f1ante de \u00e9l concurri\u00f3 en una bicicleta que andaban trayendo en el pick up, a buscar m\u00e1s combustible para la camioneta, entonces cuando Carabineros adopt\u00f3 el procedimiento en este caso con el conductor, el cual estaba a la espera que le trajeran el combustible, aprovech\u00f3 de sustraer esta bicicleta de la primera v\u00edctima, cuando se estaba gestando este procedimiento lleg\u00f3 el segundo con el combustible y en la bicicleta que finalmente gracias a las diligencias que comenz\u00f3 a hacer Carabineros, para tambi\u00e9n establecer cu\u00e1l era el origen de la bicicleta en que se estaba transportando este sujeto, se logr\u00f3 establecer que tambi\u00e9n esta era proveniente de un robo, finalmente se logr\u00f3 recuperar ambas bicicletas<\/em>\u00bb, indic\u00f3 el Capit\u00e1n Herrera.<\/p>\n<p style=\"text-align: justify;\">Ambos detenidos fueron imputados por el delito de Receptaci\u00f3n, siendo puestos a disposici\u00f3n de la fiscal\u00eda, pasando a audiencia de control de detenci\u00f3n.<\/p>\n<p style=\"text-align: justify;\"><span style=\"color: #c81400;\"><strong>EN INVESTIGACI\u00d3N<\/strong><\/span><\/p>\n<p style=\"text-align: justify;\">Ambas bicicletas eran marca Treck, \u00faltimo modelo con un valor comercial sobre los 500.000 pesos cada, se\u00f1al\u00f3 el oficial. Coment\u00f3 que es parte de la investigaci\u00f3n establecer si estos imputados participaron en otros delitos asociados al robo de bicicletas, \u00ab<em>tanto que las dos bicicletas que se incautaron y que se recuperaron ambas eran de la misma marca y similares modelos, una m\u00e1s nueva que la otra, entonces ya hab\u00edamos tenido denuncias de robo de bicicletas, as\u00ed es que ser\u00e1 el hilo conductor que va a seguir en este caso la investigaci\u00f3n policial<\/em>\u00bb, manifest\u00f3 el Capit\u00e1n Herrera.<\/p>\n<p style=\"text-align: justify;\">Adem\u00e1s, Carabineros reconoci\u00f3 que fue gracias\u00a0 a los vecinos quienes sindicaron a este antisocial, que se pudo dar con su detenci\u00f3n, \u00ab<em>porque en los momentos que Carabineros estaba acogiendo el denuncio de la v\u00edctima ambos ten\u00edan a la vista a este sujeto que ya hab\u00eda robado la bicicleta la hab\u00eda ido a dejar al domicilio, hab\u00eda regresado a la camioneta que estaba en pane, \u00e9l estaba a un par de cuadras ah\u00ed a la vista de Carabineros sino hubiesen vecinos en este caso colaborado sindicando, simplemente este procedimiento hubiese terminado en una denuncia y este sujeto hubiese quedado impune<\/em>\u00bb, finaliz\u00f3 Herrera.<\/p>\n<p style=\"text-align: justify;\"><span style=\"color: #c81400;\"><strong>\u00bfQU\u00c9 ES RECEPTACI\u00d3N?<\/strong><\/span><\/p>\n<p style=\"text-align: justify;\">&#8211; El\u00a0<strong>delito de Receptaci\u00f3n\u00a0<\/strong>sanciona a quien conociendo su origen o no pudiendo menos que conocerlo, tenga en su poder, transporte, compre, venda, transforme o comercialice especies que provengan de hurto, robo, receptaci\u00f3n, apropiaci\u00f3n indebida y\/o hurto de animales. Asimismo, el delito de Receptaci\u00f3n sanciona las conductas negligentes de quienes adquieren o poseen dichos bienes.<\/p>\n<figure id=\"attachment_100991\" aria-describedby=\"caption-attachment-100991\" style=\"width: 580px\" class=\"wp-caption aligncenter\"><img data-recalc-dims=\"1\" loading=\"lazy\" decoding=\"async\" class=\"size-full wp-image-100991\" src=\"https:\/\/i0.wp.com\/eltrabajo.cl\/portal\/wp-content\/uploads\/2020\/07\/robo-Carabineros.jpg?resize=580%2C650&#038;ssl=1\" alt=\"Carabineros presentes en el lugar lograron con ayuda de los vecinos recuperar las bicicletas y detener al supuesto ladr\u00f3n\" width=\"580\" height=\"650\" srcset=\"https:\/\/i0.wp.com\/eltrabajo.cl\/portal\/wp-content\/uploads\/2020\/07\/robo-Carabineros.jpg?w=580&amp;ssl=1 580w, https:\/\/i0.wp.com\/eltrabajo.cl\/portal\/wp-content\/uploads\/2020\/07\/robo-Carabineros.jpg?resize=268%2C300&amp;ssl=1 268w, https:\/\/i0.wp.com\/eltrabajo.cl\/portal\/wp-content\/uploads\/2020\/07\/robo-Carabineros.jpg?resize=134%2C150&amp;ssl=1 134w\" sizes=\"auto, (max-width: 580px) 100vw, 580px\" \/><figcaption id=\"caption-attachment-100991\" class=\"wp-caption-text\">Carabineros presentes en el lugar lograron con ayuda de los vecinos recuperar las bicicletas y detener al supuesto ladr\u00f3n<\/figcaption><\/figure>\n<figure id=\"attachment_100990\" aria-describedby=\"caption-attachment-100990\" style=\"width: 578px\" class=\"wp-caption aligncenter\"><img data-recalc-dims=\"1\" loading=\"lazy\" decoding=\"async\" class=\"size-full wp-image-100990\" src=\"https:\/\/i0.wp.com\/eltrabajo.cl\/portal\/wp-content\/uploads\/2020\/07\/robo-Ruedas.jpg?resize=578%2C650&#038;ssl=1\" alt=\"Dos ruedas de una de las bicicletas que fue recuperada.\" width=\"578\" height=\"650\" srcset=\"https:\/\/i0.wp.com\/eltrabajo.cl\/portal\/wp-content\/uploads\/2020\/07\/robo-Ruedas.jpg?w=578&amp;ssl=1 578w, https:\/\/i0.wp.com\/eltrabajo.cl\/portal\/wp-content\/uploads\/2020\/07\/robo-Ruedas.jpg?resize=267%2C300&amp;ssl=1 267w, https:\/\/i0.wp.com\/eltrabajo.cl\/portal\/wp-content\/uploads\/2020\/07\/robo-Ruedas.jpg?resize=133%2C150&amp;ssl=1 133w\" sizes=\"auto, (max-width: 578px) 100vw, 578px\" \/><figcaption id=\"caption-attachment-100990\" class=\"wp-caption-text\">Dos ruedas de una de las bicicletas que fue recuperada.<\/figcaption><\/figure>\n<figure id=\"attachment_100989\" aria-describedby=\"caption-attachment-100989\" style=\"width: 580px\" class=\"wp-caption aligncenter\"><img data-recalc-dims=\"1\" loading=\"lazy\" decoding=\"async\" class=\"size-full wp-image-100989\" src=\"https:\/\/i0.wp.com\/eltrabajo.cl\/portal\/wp-content\/uploads\/2020\/07\/robo-Marco.jpg?resize=580%2C360&#038;ssl=1\" alt=\"El marco de una de las bicicletas\" width=\"580\" height=\"360\" srcset=\"https:\/\/i0.wp.com\/eltrabajo.cl\/portal\/wp-content\/uploads\/2020\/07\/robo-Marco.jpg?w=580&amp;ssl=1 580w, https:\/\/i0.wp.com\/eltrabajo.cl\/portal\/wp-content\/uploads\/2020\/07\/robo-Marco.jpg?resize=300%2C186&amp;ssl=1 300w, https:\/\/i0.wp.com\/eltrabajo.cl\/portal\/wp-content\/uploads\/2020\/07\/robo-Marco.jpg?resize=200%2C124&amp;ssl=1 200w\" sizes=\"auto, (max-width: 580px) 100vw, 580px\" \/><figcaption id=\"caption-attachment-100989\" class=\"wp-caption-text\">El marco de una de las bicicletas<\/figcaption><\/figure>\n","protected":false},"excerpt":{"rendered":"<p>Villa Portones del Inca: La ayuda de vecinos de Villa Portones del Inca result\u00f3 fundamental\u00a0 para que Carabineros pudiera detener primero; a un sujeto acusado de hurtar una bicicleta de alto valor&#8230;<\/p>\n","protected":false},"author":482,"featured_media":100989,"comment_status":"closed","ping_status":"open","sticky":false,"template":"","format":"standard","meta":{"advanced_seo_description":"","jetpack_seo_html_title":"","jetpack_seo_noindex":false,"_jetpack_memberships_contains_paid_content":false,"footnotes":""},"categories":[21],"tags":[],"class_list":["post-100988","post","type-post","status-publish","format-standard","has-post-thumbnail","hentry","category-policial"],"jetpack_featured_media_url":"https:\/\/i0.wp.com\/eltrabajo.cl\/portal\/wp-content\/uploads\/2020\/07\/robo-Marco.jpg?fit=580%2C360&ssl=1","jetpack_sharing_enabled":true,"jetpack_likes_enabled":true,"jetpack-related-posts":[],"_links":{"self":[{"href":"https:\/\/eltrabajo.cl\/portal\/wp-json\/wp\/v2\/posts\/100988","targetHints":{"allow":["GET"]}}],"collection":[{"href":"https:\/\/eltrabajo.cl\/portal\/wp-json\/wp\/v2\/posts"}],"about":[{"href":"https:\/\/eltrabajo.cl\/portal\/wp-json\/wp\/v2\/types\/post"}],"author":[{"embeddable":true,"href":"https:\/\/eltrabajo.cl\/portal\/wp-json\/wp\/v2\/users\/482"}],"replies":[{"embeddable":true,"href":"https:\/\/eltrabajo.cl\/portal\/wp-json\/wp\/v2\/comments?post=100988"}],"version-history":[{"count":0,"href":"https:\/\/eltrabajo.cl\/portal\/wp-json\/wp\/v2\/posts\/100988\/revisions"}],"wp:featuredmedia":[{"embeddable":true,"href":"https:\/\/eltrabajo.cl\/portal\/wp-json\/wp\/v2\/media\/100989"}],"wp:attachment":[{"href":"https:\/\/eltrabajo.cl\/portal\/wp-json\/wp\/v2\/media?parent=100988"}],"wp:term":[{"taxonomy":"category","embeddable":true,"href":"https:\/\/eltrabajo.cl\/portal\/wp-json\/wp\/v2\/categories?post=100988"},{"taxonomy":"post_tag","embeddable":true,"href":"https:\/\/eltrabajo.cl\/portal\/wp-json\/wp\/v2\/tags?post=100988"}],"curies":[{"name":"wp","href":"https:\/\/api.w.org\/{rel}","templated":true}]}}