{"id":100994,"date":"2020-07-27T07:55:03","date_gmt":"2020-07-27T11:55:03","guid":{"rendered":"https:\/\/www.eltrabajo.cl\/portal\/?p=100994"},"modified":"2020-07-26T23:23:56","modified_gmt":"2020-07-27T03:23:56","slug":"ayer-despidieron-al-querido-guillermo-toro-expresidente-de-artesanos-la-union","status":"publish","type":"post","link":"https:\/\/eltrabajo.cl\/portal\/ayer-despidieron-al-querido-guillermo-toro-expresidente-de-artesanos-la-union\/","title":{"rendered":"Ayer despidieron al querido Guillermo Toro, expresidente de Artesanos La Uni\u00f3n"},"content":{"rendered":"<p style=\"text-align: justify;\"><span style=\"color: #c81400;\"><strong>Covid agrav\u00f3 complicada enfermedad que sufr\u00eda desde 2018:<\/strong><\/span><\/p>\n<p style=\"text-align: justify;\">Con gran dolor familiares, amigos y socios de la Sociedad de Artesanos La Uni\u00f3n recibieron ayer la triste noticia de la muerte del querido t\u00e9cnico industrial universitario y expresidente de dicha instituci\u00f3n gremial, <strong>Guillermo Toro Varas<\/strong>, quien la noche de este s\u00e1bado dejara de existir tras cerca de dos a\u00f1os de enfrentar una langitis esclerosante primaria, enfermedad de los conductos biliares, mismos que llevan la bilis, que es un l\u00edquido digestivo, del h\u00edgado al intestino delgado, la que finalmente se complic\u00f3 tras contagiarse Guillermo de Coronavirus hace pocos d\u00edas.<\/p>\n<p style=\"text-align: justify;\">Los funerales del querido dirigente gremial se realizaron la tarde de este domingo\u00a0 en el mausoleo familiar en el Cementerio Municipal de San Felipe, en Almendral.<\/p>\n<p style=\"text-align: justify;\">\n<p style=\"text-align: justify;\"><span style=\"color: #c81400;\"><strong>FUE UN TRIUNFADOR<\/strong><\/span><\/p>\n<p style=\"text-align: justify;\">El actual presidente de la Sociedad de Artesanos a la que Guillermo perteneci\u00f3, <strong>Jaime Canales<\/strong>, describi\u00f3 as\u00ed a nuestro com\u00fan amigo: \u00ab<em>Guillermo era egresado del Instituto Abd\u00f3n Cifuentes, adem\u00e1s de t\u00edtulo de T\u00e9cnico Industrial con menci\u00f3n en Electricidad, ejerci\u00f3 el comercio, fue un destacado vecino de nuestra ciudad. El Directorio de la Sociedad de Artesanos La Uni\u00f3n de San Felipe lamenta comunicar el sensible fallecimiento de nuestro exsocio, exdirector y expresidente, don Guillermo Toro Varas, quien en paz descanse. Hacemos llegar nuestras sentidas condolencias\u00a0 a su esposa <strong>Hilda Vega Astorga <\/strong>y su hija <strong>Valentina Toro Vega<\/strong>, adem\u00e1s, Guillermo iba ser abuelo de <strong>Le\u00f3n Gald\u00e1mes Toro<\/strong>, quien nacer\u00e1 dentro de dos semanas, nuestras m\u00e1s sentidas condolencias ante esta lamentable p\u00e9rdida. Guillermo Toro ingres\u00f3 a nuestra instituci\u00f3n el 10 de enero de 1997 con el n\u00famero de socio 290. Ten\u00eda 59 a\u00f1os de edad. En 2015 fue director, durante 2016 fue vicepresidente y en 2017 y 2018 fue presidente de nuestra instituci\u00f3n<\/em> (\u2026)<em> Te agradecemos Guillermo tu labor y profundo cari\u00f1o que le\u00a0 profesaste a nuestra instituci\u00f3n, cari\u00f1o que heredaste de tus ancestros. Descansa en paz<\/em>\u00bb, coment\u00f3 visiblemente afectado Jaime Canales, titular de Artesanos La Uni\u00f3n.<\/p>\n<p style=\"text-align: justify;\">\n<p style=\"text-align: justify;\"><span style=\"color: #c81400;\"><strong>PERDI\u00d3 LA BATALLA<\/strong><\/span><\/p>\n<p style=\"text-align: justify;\">La enfermedad que padec\u00eda Toro lo sac\u00f3 abruptamente de todo su mundo laboral y social a principios de 2018, pues la hemorragia digestiva que tuvo le gener\u00f3 tambi\u00e9n una anemia fulminante, oblig\u00e1ndolo a permanecer en varias oportunidades en el hospital. Toro en estos dos a\u00f1os fue sometido a varias transfusiones de sangre durante los \u00faltimos tres meses, perdi\u00f3 varios kilos de peso y tambi\u00e9n la enfermedad golpe\u00f3 su bolsillo, pues muchos de los ex\u00e1menes cl\u00ednicos para enfrentar su mal \u00e9l debi\u00f3 pagarlos.<\/p>\n<p style=\"text-align: justify;\">Todo el personal administrativo, gerencial y period\u00edstico de <strong>Diario El Trabajo<\/strong> hoy nos unimos al sentimiento de P\u00e9rdida de toda la familia de Guillermo Toro, le conocimos, compartimos con \u00e9l durante muchos a\u00f1os y siempre le recordaremos con afecto y respeto. \u00a1<strong>Descanse en Paz querido Torito<\/strong>!<\/p>\n<p style=\"text-align: justify;\"><strong>Roberto Gonz\u00e1lez Short<\/strong><\/p>\n<figure id=\"attachment_100999\" aria-describedby=\"caption-attachment-100999\" style=\"width: 580px\" class=\"wp-caption aligncenter\"><img data-recalc-dims=\"1\" loading=\"lazy\" decoding=\"async\" class=\"size-full wp-image-100999\" src=\"https:\/\/i0.wp.com\/eltrabajo.cl\/portal\/wp-content\/uploads\/2020\/07\/Torito2.jpg?resize=580%2C359&#038;ssl=1\" alt=\"SUS AMIGOS.- Ellos son el actual Directorio de la Sociedad de Artesanos La Uni\u00f3n, quienes a trav\u00e9s de su presidente hicieron presente sus condolencias.\" width=\"580\" height=\"359\" srcset=\"https:\/\/i0.wp.com\/eltrabajo.cl\/portal\/wp-content\/uploads\/2020\/07\/Torito2.jpg?w=580&amp;ssl=1 580w, https:\/\/i0.wp.com\/eltrabajo.cl\/portal\/wp-content\/uploads\/2020\/07\/Torito2.jpg?resize=300%2C186&amp;ssl=1 300w, https:\/\/i0.wp.com\/eltrabajo.cl\/portal\/wp-content\/uploads\/2020\/07\/Torito2.jpg?resize=200%2C124&amp;ssl=1 200w\" sizes=\"auto, (max-width: 580px) 100vw, 580px\" \/><figcaption id=\"caption-attachment-100999\" class=\"wp-caption-text\">SUS AMIGOS.- Ellos son el actual Directorio de la Sociedad de Artesanos La Uni\u00f3n, quienes a trav\u00e9s de su presidente hicieron presente sus condolencias.<\/figcaption><\/figure>\n<figure id=\"attachment_100998\" aria-describedby=\"caption-attachment-100998\" style=\"width: 580px\" class=\"wp-caption aligncenter\"><img data-recalc-dims=\"1\" loading=\"lazy\" decoding=\"async\" class=\"size-full wp-image-100998\" src=\"https:\/\/i0.wp.com\/eltrabajo.cl\/portal\/wp-content\/uploads\/2020\/07\/Torito1.jpg?resize=580%2C358&#038;ssl=1\" alt=\"\u00c9L EN SU TRONO.- Este es el directorio que presidi\u00f3 Guillermo Toro hasta principios de 2018. Siempre ser\u00e1 recordado con cari\u00f1os por muchos en San Felipe\" width=\"580\" height=\"358\" srcset=\"https:\/\/i0.wp.com\/eltrabajo.cl\/portal\/wp-content\/uploads\/2020\/07\/Torito1.jpg?w=580&amp;ssl=1 580w, https:\/\/i0.wp.com\/eltrabajo.cl\/portal\/wp-content\/uploads\/2020\/07\/Torito1.jpg?resize=300%2C185&amp;ssl=1 300w, https:\/\/i0.wp.com\/eltrabajo.cl\/portal\/wp-content\/uploads\/2020\/07\/Torito1.jpg?resize=200%2C123&amp;ssl=1 200w\" sizes=\"auto, (max-width: 580px) 100vw, 580px\" \/><figcaption id=\"caption-attachment-100998\" class=\"wp-caption-text\">\u00c9L EN SU TRONO.- Este es el directorio que presidi\u00f3 Guillermo Toro hasta principios de 2018. Siempre ser\u00e1 recordado con cari\u00f1os por muchos en San Felipe<\/figcaption><\/figure>\n<figure id=\"attachment_100997\" aria-describedby=\"caption-attachment-100997\" style=\"width: 580px\" class=\"wp-caption aligncenter\"><img data-recalc-dims=\"1\" loading=\"lazy\" decoding=\"async\" class=\"size-full wp-image-100997\" src=\"https:\/\/i0.wp.com\/eltrabajo.cl\/portal\/wp-content\/uploads\/2020\/07\/Torito_Jaime-Canales.jpg?resize=580%2C650&#038;ssl=1\" alt=\"Jaime Canales, actual presidente de Artesanos La Uni\u00f3n.\" width=\"580\" height=\"650\" srcset=\"https:\/\/i0.wp.com\/eltrabajo.cl\/portal\/wp-content\/uploads\/2020\/07\/Torito_Jaime-Canales.jpg?w=580&amp;ssl=1 580w, https:\/\/i0.wp.com\/eltrabajo.cl\/portal\/wp-content\/uploads\/2020\/07\/Torito_Jaime-Canales.jpg?resize=268%2C300&amp;ssl=1 268w, https:\/\/i0.wp.com\/eltrabajo.cl\/portal\/wp-content\/uploads\/2020\/07\/Torito_Jaime-Canales.jpg?resize=134%2C150&amp;ssl=1 134w\" sizes=\"auto, (max-width: 580px) 100vw, 580px\" \/><figcaption id=\"caption-attachment-100997\" class=\"wp-caption-text\">Jaime Canales, actual presidente de Artesanos La Uni\u00f3n.<\/figcaption><\/figure>\n<figure id=\"attachment_100995\" aria-describedby=\"caption-attachment-100995\" style=\"width: 579px\" class=\"wp-caption aligncenter\"><img data-recalc-dims=\"1\" loading=\"lazy\" decoding=\"async\" class=\"size-full wp-image-100995\" src=\"https:\/\/i0.wp.com\/eltrabajo.cl\/portal\/wp-content\/uploads\/2020\/07\/Torito_Guillermo-Toro-copia.jpg?resize=579%2C650&#038;ssl=1\" alt=\"Guillermo Toro supo vivir para los dem\u00e1s, un sanfelipe\u00f1o bonach\u00f3n que nos dej\u00f3 para siempre la noche de este s\u00e1bado.\" width=\"579\" height=\"650\" srcset=\"https:\/\/i0.wp.com\/eltrabajo.cl\/portal\/wp-content\/uploads\/2020\/07\/Torito_Guillermo-Toro-copia.jpg?w=579&amp;ssl=1 579w, https:\/\/i0.wp.com\/eltrabajo.cl\/portal\/wp-content\/uploads\/2020\/07\/Torito_Guillermo-Toro-copia.jpg?resize=267%2C300&amp;ssl=1 267w, https:\/\/i0.wp.com\/eltrabajo.cl\/portal\/wp-content\/uploads\/2020\/07\/Torito_Guillermo-Toro-copia.jpg?resize=134%2C150&amp;ssl=1 134w\" sizes=\"auto, (max-width: 579px) 100vw, 579px\" \/><figcaption id=\"caption-attachment-100995\" class=\"wp-caption-text\">Guillermo Toro supo vivir para los dem\u00e1s, un sanfelipe\u00f1o bonach\u00f3n que nos dej\u00f3 para siempre la noche de este s\u00e1bado.<\/figcaption><\/figure>\n","protected":false},"excerpt":{"rendered":"<p>Covid agrav\u00f3 complicada enfermedad que sufr\u00eda desde 2018: Con gran dolor familiares, amigos y socios de la Sociedad de Artesanos La Uni\u00f3n recibieron ayer la triste noticia de la muerte del querido&#8230;<\/p>\n","protected":false},"author":482,"featured_media":100996,"comment_status":"closed","ping_status":"open","sticky":false,"template":"","format":"standard","meta":{"advanced_seo_description":"","jetpack_seo_html_title":"","jetpack_seo_noindex":false,"_jetpack_memberships_contains_paid_content":false,"footnotes":""},"categories":[15,105],"tags":[],"class_list":["post-100994","post","type-post","status-publish","format-standard","has-post-thumbnail","hentry","category-comunidad","category-covid-19"],"jetpack_featured_media_url":"https:\/\/i0.wp.com\/eltrabajo.cl\/portal\/wp-content\/uploads\/2020\/07\/Torito_Guillermo-Toro.jpg?fit=580%2C360&ssl=1","jetpack_sharing_enabled":true,"jetpack_likes_enabled":true,"jetpack-related-posts":[],"_links":{"self":[{"href":"https:\/\/eltrabajo.cl\/portal\/wp-json\/wp\/v2\/posts\/100994","targetHints":{"allow":["GET"]}}],"collection":[{"href":"https:\/\/eltrabajo.cl\/portal\/wp-json\/wp\/v2\/posts"}],"about":[{"href":"https:\/\/eltrabajo.cl\/portal\/wp-json\/wp\/v2\/types\/post"}],"author":[{"embeddable":true,"href":"https:\/\/eltrabajo.cl\/portal\/wp-json\/wp\/v2\/users\/482"}],"replies":[{"embeddable":true,"href":"https:\/\/eltrabajo.cl\/portal\/wp-json\/wp\/v2\/comments?post=100994"}],"version-history":[{"count":0,"href":"https:\/\/eltrabajo.cl\/portal\/wp-json\/wp\/v2\/posts\/100994\/revisions"}],"wp:featuredmedia":[{"embeddable":true,"href":"https:\/\/eltrabajo.cl\/portal\/wp-json\/wp\/v2\/media\/100996"}],"wp:attachment":[{"href":"https:\/\/eltrabajo.cl\/portal\/wp-json\/wp\/v2\/media?parent=100994"}],"wp:term":[{"taxonomy":"category","embeddable":true,"href":"https:\/\/eltrabajo.cl\/portal\/wp-json\/wp\/v2\/categories?post=100994"},{"taxonomy":"post_tag","embeddable":true,"href":"https:\/\/eltrabajo.cl\/portal\/wp-json\/wp\/v2\/tags?post=100994"}],"curies":[{"name":"wp","href":"https:\/\/api.w.org\/{rel}","templated":true}]}}