{"id":101001,"date":"2020-07-27T08:00:16","date_gmt":"2020-07-27T12:00:16","guid":{"rendered":"https:\/\/www.eltrabajo.cl\/portal\/?p=101001"},"modified":"2020-07-27T21:21:18","modified_gmt":"2020-07-28T01:21:18","slug":"fuego-arrasa-con-unos-tres-locales-comerciales-en-pleno-centro-de-san-felipe","status":"publish","type":"post","link":"https:\/\/eltrabajo.cl\/portal\/fuego-arrasa-con-unos-tres-locales-comerciales-en-pleno-centro-de-san-felipe\/","title":{"rendered":"Fuego arrasa con unos tres locales comerciales en pleno centro de San Felipe"},"content":{"rendered":"<p style=\"text-align: justify;\">Al menos tres locales ubicados en Calle Prat con Navarro pleno centro de San Felipe, fueron arrasados por el fuego en un incendio ocurrido este s\u00e1bado a eso de las 22:00 horas aproximadamente. Al respecto fue el comandante del Cuerpo de Bomberos de San Felipe, <strong>Juan Carlos Herrera Lillo<\/strong>, quien inform\u00f3 que hasta el momento se est\u00e1 investigando la causa del incendio, no descartando un presunto recalentamiento el\u00e9ctrico, \u00ab<em>todav\u00eda se est\u00e1 haciendo la investigaci\u00f3n se est\u00e1 trabajando con todos los antecedentes que hay para ver que pas\u00f3 en el lugar<\/em>\u00bb, se\u00f1al\u00f3.<\/p>\n<p style=\"text-align: justify;\">Indic\u00f3 que en el lugar donde se produjo el incendio es una sola estructura \u00ab<em>hay varios puestos que arrendaban fue solamente en la esquina, es una casona grande<\/em>\u00bb, dice Herrera.<\/p>\n<p style=\"text-align: justify;\">&#8211; <strong>\u00bfD\u00f3nde hubo un restaurante peruano?<\/strong><\/p>\n<p style=\"text-align: justify;\">&#8211; Ah\u00ed.<\/p>\n<p style=\"text-align: justify;\"><strong>&#8211; \u00bfD\u00f3nde se inici\u00f3 el incendio?<\/strong><\/p>\n<p style=\"text-align: justify;\">&#8211; La hip\u00f3tesis principal es que se haya iniciado ah\u00ed en la esquina donde no hab\u00eda nadie, el restaurante no estaba funcionando, es parte de lo que se est\u00e1 haciendo en la investigaci\u00f3n, pudo haber sido un recalentamiento del sistema el\u00e9ctrico tambi\u00e9n, pero todo eso es parte de la investigaci\u00f3n.<\/p>\n<p style=\"text-align: justify;\"><strong>&#8211; \u00bfCu\u00e1ntos locales calculan ustedes que resultaron afectados?<\/strong><\/p>\n<p style=\"text-align: justify;\">&#8211; Fue una tienda que ropa, otra m\u00e1s al menos tres locales que se fueron por el fuego de la misma estructura y para el otro lado no para nada, donde est\u00e1 la casa de cambio de moneda porque ah\u00ed se trabaj\u00f3 en controlar el fuego.<\/p>\n<p style=\"text-align: justify;\">&#8211;<strong> \u00bfPor Calle Navarro, locales afectados?<\/strong><\/p>\n<p style=\"text-align: justify;\">&#8211; No, se rompi\u00f3 una parte donde hay detergentes como hab\u00eda una gran cantidad de humo que sal\u00eda del sector, afortunadamente el fuego no hab\u00eda pasado para ese lado as\u00ed el \u00fanico da\u00f1o fue fundamental, fue una cortina del interior para ver que el fuego no ingresara para ese lado.<\/p>\n<p style=\"text-align: justify;\"><span style=\"color: #c81400;\"><strong>SIN HERIDOS<\/strong><\/span><\/p>\n<p style=\"text-align: justify;\">Se descart\u00f3 de todos modos la presencia de personas en el interior de los locales siniestrado, decimos esto porque durante el combate del incendio corri\u00f3 el rumor que hab\u00eda una persona adentro, sin embargo despu\u00e9s de efectuar una exhaustiva b\u00fasqueda por parte de los bomberos se desech\u00f3 esa informaci\u00f3n. Al incendio concurrieron 90 voluntarios y 18 veh\u00edculos de emergencia.<\/p>\n<figure id=\"attachment_101002\" aria-describedby=\"caption-attachment-101002\" style=\"width: 580px\" class=\"wp-caption aligncenter\"><img data-recalc-dims=\"1\" loading=\"lazy\" decoding=\"async\" class=\"size-full wp-image-101002\" src=\"https:\/\/i0.wp.com\/eltrabajo.cl\/portal\/wp-content\/uploads\/2020\/07\/incendio.jpg?resize=580%2C359&#038;ssl=1\" alt=\"La impresionante imagen muestra las enormes llamas saliendo del local de la esquina de Prat con Navarro.\" width=\"580\" height=\"359\" srcset=\"https:\/\/i0.wp.com\/eltrabajo.cl\/portal\/wp-content\/uploads\/2020\/07\/incendio.jpg?w=580&amp;ssl=1 580w, https:\/\/i0.wp.com\/eltrabajo.cl\/portal\/wp-content\/uploads\/2020\/07\/incendio.jpg?resize=300%2C186&amp;ssl=1 300w, https:\/\/i0.wp.com\/eltrabajo.cl\/portal\/wp-content\/uploads\/2020\/07\/incendio.jpg?resize=200%2C124&amp;ssl=1 200w\" sizes=\"auto, (max-width: 580px) 100vw, 580px\" \/><figcaption id=\"caption-attachment-101002\" class=\"wp-caption-text\">La impresionante imagen muestra las enormes llamas saliendo del local de la esquina de Prat con Navarro.<\/figcaption><\/figure>\n<figure id=\"attachment_101003\" aria-describedby=\"caption-attachment-101003\" style=\"width: 580px\" class=\"wp-caption aligncenter\"><img data-recalc-dims=\"1\" loading=\"lazy\" decoding=\"async\" class=\"size-full wp-image-101003\" src=\"https:\/\/i0.wp.com\/eltrabajo.cl\/portal\/wp-content\/uploads\/2020\/07\/incendio-Bomberos-2.jpg?resize=580%2C358&#038;ssl=1\" alt=\"Voluntarios colocando una escalera para poder subir al techo de uno de los locales afectados por el incendio.\" width=\"580\" height=\"358\" srcset=\"https:\/\/i0.wp.com\/eltrabajo.cl\/portal\/wp-content\/uploads\/2020\/07\/incendio-Bomberos-2.jpg?w=580&amp;ssl=1 580w, https:\/\/i0.wp.com\/eltrabajo.cl\/portal\/wp-content\/uploads\/2020\/07\/incendio-Bomberos-2.jpg?resize=300%2C185&amp;ssl=1 300w, https:\/\/i0.wp.com\/eltrabajo.cl\/portal\/wp-content\/uploads\/2020\/07\/incendio-Bomberos-2.jpg?resize=200%2C123&amp;ssl=1 200w\" sizes=\"auto, (max-width: 580px) 100vw, 580px\" \/><figcaption id=\"caption-attachment-101003\" class=\"wp-caption-text\">Voluntarios colocando una escalera para poder subir al techo de uno de los locales afectados por el incendio.<\/figcaption><\/figure>\n<figure id=\"attachment_101004\" aria-describedby=\"caption-attachment-101004\" style=\"width: 580px\" class=\"wp-caption aligncenter\"><img data-recalc-dims=\"1\" loading=\"lazy\" decoding=\"async\" class=\"size-full wp-image-101004\" src=\"https:\/\/i0.wp.com\/eltrabajo.cl\/portal\/wp-content\/uploads\/2020\/07\/incendio-Fuego.jpg?resize=580%2C360&#038;ssl=1\" alt=\"Las llamas consumiendo el local de la esquina. Finalmente Bomberos logr\u00f3 controlar la escena.\" width=\"580\" height=\"360\" srcset=\"https:\/\/i0.wp.com\/eltrabajo.cl\/portal\/wp-content\/uploads\/2020\/07\/incendio-Fuego.jpg?w=580&amp;ssl=1 580w, https:\/\/i0.wp.com\/eltrabajo.cl\/portal\/wp-content\/uploads\/2020\/07\/incendio-Fuego.jpg?resize=300%2C186&amp;ssl=1 300w, https:\/\/i0.wp.com\/eltrabajo.cl\/portal\/wp-content\/uploads\/2020\/07\/incendio-Fuego.jpg?resize=200%2C124&amp;ssl=1 200w\" sizes=\"auto, (max-width: 580px) 100vw, 580px\" \/><figcaption id=\"caption-attachment-101004\" class=\"wp-caption-text\">Las llamas consumiendo el local de la esquina. Finalmente Bomberos logr\u00f3 controlar la escena.<\/figcaption><\/figure>\n<figure id=\"attachment_101005\" aria-describedby=\"caption-attachment-101005\" style=\"width: 580px\" class=\"wp-caption aligncenter\"><img data-recalc-dims=\"1\" loading=\"lazy\" decoding=\"async\" class=\"size-full wp-image-101005\" src=\"https:\/\/i0.wp.com\/eltrabajo.cl\/portal\/wp-content\/uploads\/2020\/07\/incendio-Hoy.jpg?resize=580%2C359&#038;ssl=1\" alt=\"Ac\u00e1 se puede apreciar el da\u00f1o a la estructura de los locales ubicado en calle Prat pasado Navarro.\" width=\"580\" height=\"359\" srcset=\"https:\/\/i0.wp.com\/eltrabajo.cl\/portal\/wp-content\/uploads\/2020\/07\/incendio-Hoy.jpg?w=580&amp;ssl=1 580w, https:\/\/i0.wp.com\/eltrabajo.cl\/portal\/wp-content\/uploads\/2020\/07\/incendio-Hoy.jpg?resize=300%2C186&amp;ssl=1 300w, https:\/\/i0.wp.com\/eltrabajo.cl\/portal\/wp-content\/uploads\/2020\/07\/incendio-Hoy.jpg?resize=200%2C124&amp;ssl=1 200w\" sizes=\"auto, (max-width: 580px) 100vw, 580px\" \/><figcaption id=\"caption-attachment-101005\" class=\"wp-caption-text\">Ac\u00e1 se puede apreciar el da\u00f1o a la estructura de los locales ubicado en calle Prat pasado Navarro.<\/figcaption><\/figure>\n<figure id=\"attachment_101006\" aria-describedby=\"caption-attachment-101006\" style=\"width: 580px\" class=\"wp-caption aligncenter\"><img data-recalc-dims=\"1\" loading=\"lazy\" decoding=\"async\" class=\"size-full wp-image-101006\" src=\"https:\/\/i0.wp.com\/eltrabajo.cl\/portal\/wp-content\/uploads\/2020\/07\/Techo.jpg?resize=580%2C650&#038;ssl=1\" alt=\"Da\u00f1os en el techo se puede apreciar. En algunos momentos el fuego se desarroll\u00f3 en gran manera.\" width=\"580\" height=\"650\" srcset=\"https:\/\/i0.wp.com\/eltrabajo.cl\/portal\/wp-content\/uploads\/2020\/07\/Techo.jpg?w=580&amp;ssl=1 580w, https:\/\/i0.wp.com\/eltrabajo.cl\/portal\/wp-content\/uploads\/2020\/07\/Techo.jpg?resize=268%2C300&amp;ssl=1 268w, https:\/\/i0.wp.com\/eltrabajo.cl\/portal\/wp-content\/uploads\/2020\/07\/Techo.jpg?resize=134%2C150&amp;ssl=1 134w\" sizes=\"auto, (max-width: 580px) 100vw, 580px\" \/><figcaption id=\"caption-attachment-101006\" class=\"wp-caption-text\">Da\u00f1os en el techo se puede apreciar. En algunos momentos el fuego se desarroll\u00f3 en gran manera.<\/figcaption><\/figure>\n","protected":false},"excerpt":{"rendered":"<p>Al menos tres locales ubicados en Calle Prat con Navarro pleno centro de San Felipe, fueron arrasados por el fuego en un incendio ocurrido este s\u00e1bado a eso de las 22:00 horas&#8230;<\/p>\n","protected":false},"author":482,"featured_media":101002,"comment_status":"closed","ping_status":"open","sticky":false,"template":"","format":"standard","meta":{"advanced_seo_description":"","jetpack_seo_html_title":"","jetpack_seo_noindex":false,"_jetpack_memberships_contains_paid_content":false,"footnotes":""},"categories":[21],"tags":[],"class_list":["post-101001","post","type-post","status-publish","format-standard","has-post-thumbnail","hentry","category-policial"],"jetpack_featured_media_url":"https:\/\/i0.wp.com\/eltrabajo.cl\/portal\/wp-content\/uploads\/2020\/07\/incendio.jpg?fit=580%2C359&ssl=1","jetpack_sharing_enabled":true,"jetpack_likes_enabled":true,"jetpack-related-posts":[],"_links":{"self":[{"href":"https:\/\/eltrabajo.cl\/portal\/wp-json\/wp\/v2\/posts\/101001","targetHints":{"allow":["GET"]}}],"collection":[{"href":"https:\/\/eltrabajo.cl\/portal\/wp-json\/wp\/v2\/posts"}],"about":[{"href":"https:\/\/eltrabajo.cl\/portal\/wp-json\/wp\/v2\/types\/post"}],"author":[{"embeddable":true,"href":"https:\/\/eltrabajo.cl\/portal\/wp-json\/wp\/v2\/users\/482"}],"replies":[{"embeddable":true,"href":"https:\/\/eltrabajo.cl\/portal\/wp-json\/wp\/v2\/comments?post=101001"}],"version-history":[{"count":0,"href":"https:\/\/eltrabajo.cl\/portal\/wp-json\/wp\/v2\/posts\/101001\/revisions"}],"wp:featuredmedia":[{"embeddable":true,"href":"https:\/\/eltrabajo.cl\/portal\/wp-json\/wp\/v2\/media\/101002"}],"wp:attachment":[{"href":"https:\/\/eltrabajo.cl\/portal\/wp-json\/wp\/v2\/media?parent=101001"}],"wp:term":[{"taxonomy":"category","embeddable":true,"href":"https:\/\/eltrabajo.cl\/portal\/wp-json\/wp\/v2\/categories?post=101001"},{"taxonomy":"post_tag","embeddable":true,"href":"https:\/\/eltrabajo.cl\/portal\/wp-json\/wp\/v2\/tags?post=101001"}],"curies":[{"name":"wp","href":"https:\/\/api.w.org\/{rel}","templated":true}]}}