{"id":101027,"date":"2020-07-28T07:50:24","date_gmt":"2020-07-28T11:50:24","guid":{"rendered":"https:\/\/www.eltrabajo.cl\/portal\/?p=101027"},"modified":"2020-07-27T21:28:18","modified_gmt":"2020-07-28T01:28:18","slug":"detienen-a-sujeto-que-intento-agredir-a-militar-al-momento-de-ser-fiscalizado","status":"publish","type":"post","link":"https:\/\/eltrabajo.cl\/portal\/detienen-a-sujeto-que-intento-agredir-a-militar-al-momento-de-ser-fiscalizado\/","title":{"rendered":"Detienen a sujeto que intent\u00f3 agredir a militar al momento de ser fiscalizado"},"content":{"rendered":"<p style=\"text-align: justify;\"><span style=\"color: #c81400;\"><strong>Incidente en sector El Almendral:<\/strong><\/span><\/p>\n<p style=\"text-align: justify;\">La ma\u00f1ana de ayer en el sector de El Almendral, un ciudadano de 40 a\u00f1os de edad fue primeramente retenido por militares y posteriormente detenido por personal de Carabineros, acusado de haber intentado agredir a un funcionario del Ej\u00e9rcito en el momento de ser fiscalizado.<\/p>\n<p style=\"text-align: justify;\">Al respecto fue el coronel <strong>Patricio Ochoa<\/strong>, delegado de la Defensa Nacional, quien confirm\u00f3 el hecho indicando lo siguiente: <em>\u00abUn ciudadano de 40 a\u00f1os quiso evadir el control que se encontraba ah\u00ed en El Almendral. Al insistir el funcionario de Ej\u00e9rcito en la solicitud de sus documentos y permiso, en un momento el hombre reaccion\u00f3 de mala manera, quiso agredirlo, le levant\u00f3 la mano en el momento de ser controlado y tuvo que ser retenido por personal militar y detenido por parte de Carabineros y realizar los procedimientos que est\u00e1n establecidos para ello\u00bb,<\/em> se\u00f1al\u00f3 Ochoa.<\/p>\n<p style=\"text-align: justify;\">&#8211; <strong>\u00bfAlcanz\u00f3 a agredir al funcionario militar o no?<\/strong><\/p>\n<p style=\"text-align: justify;\">&#8211; No, no, fue un empuj\u00f3n, solamente un empuj\u00f3n, y al levantarle la mano el funcionario de Ej\u00e9rcito tuvo que reaccionar y reducirlo como corresponde.<\/p>\n<p style=\"text-align: justify;\">&#8211; <strong>\u00bfAh\u00ed fue detenido y Carabineros adopt\u00f3 finalmente el procedimiento?<\/strong><\/p>\n<p style=\"text-align: justify;\">&#8211; Claro, Carabineros est\u00e1 con nosotros en los puestos de controles y se tom\u00f3 el procedimiento de acuerdo a lo que se debe realizar.<\/p>\n<p style=\"text-align: justify;\">&#8211; <strong>Coronel, \u00bfprimer procedimiento de este tipo que les toca o ya hab\u00edan tenido otro similar?<\/strong><\/p>\n<p style=\"text-align: justify;\">&#8211; Nooo, digamos hab\u00edamos tenido alguno que otro, pero no de esta manera, de esta manera tan violenta por parte de los ciudadanos. Ellos saben muy bien que los controles se est\u00e1n realizando, las facultades que nos entregan el estado de excepci\u00f3n constitucional a Carabineros, Ejercito y la PDI son las mismas en el sentido de poder solicitar el carn\u00e9 de identidad, el permiso que le corresponde; bueno, lamentablemente el hombre reaccion\u00f3 y quer\u00eda agredir al funcionario de Ej\u00e9rcito y se tuvo que realizar el procedimiento de retenci\u00f3n y entrega a Carabineros para hacer el procedimiento que corresponde.<\/p>\n<p style=\"text-align: justify;\">&#8211; <strong>\u00bfPor qu\u00e9 pasa detenido o cu\u00e1l es el motivo de la detenci\u00f3n? \u00bfAgresi\u00f3n en el fondo?<\/strong><\/p>\n<p style=\"text-align: justify;\">&#8211; Es detenido por no presentar los documentos, por no portar los documentos y si se establece por parte de la jefatura de la Defensa Nacional alg\u00fan tipo de denuncia, etc., ah\u00ed tendr\u00edan que ser otros los motivos por los cuales se detuvo.<\/p>\n<p style=\"text-align: justify;\">&#8211; <strong>\u00bfEl funcionario sigui\u00f3 en sus funciones o fue trasladado para constatar sus lesiones, algo as\u00ed o no?<\/strong><\/p>\n<p style=\"text-align: justify;\">&#8211; Se hace el procedimiento como corresponde, como todo ciudadano tiene que ir a constatar lesiones y el procedimiento que corresponde por Carabineros. Los procedimientos est\u00e1n claros y nosotros no somos qui\u00e9n para no cumplir como corresponde.<\/p>\n<p style=\"text-align: justify;\">Seg\u00fan informaci\u00f3n obtenida por este medio, el imputado pasar\u00e1 a control de detenci\u00f3n el d\u00eda de hoy al Tribunal de Garant\u00eda de San Felipe.<\/p>\n<figure id=\"attachment_101028\" aria-describedby=\"caption-attachment-101028\" style=\"width: 580px\" class=\"wp-caption aligncenter\"><img data-recalc-dims=\"1\" loading=\"lazy\" decoding=\"async\" class=\"size-full wp-image-101028\" src=\"https:\/\/i0.wp.com\/eltrabajo.cl\/portal\/wp-content\/uploads\/2020\/07\/cuarentena-Control-vehicular.jpg?resize=580%2C360&#038;ssl=1\" alt=\"La agresi\u00f3n se registr\u00f3 en un control de rutina efectuado por personal del Ej\u00e9rcito en el sector de El Almendral. (Foto archivo).\" width=\"580\" height=\"360\" srcset=\"https:\/\/i0.wp.com\/eltrabajo.cl\/portal\/wp-content\/uploads\/2020\/07\/cuarentena-Control-vehicular.jpg?w=580&amp;ssl=1 580w, https:\/\/i0.wp.com\/eltrabajo.cl\/portal\/wp-content\/uploads\/2020\/07\/cuarentena-Control-vehicular.jpg?resize=300%2C186&amp;ssl=1 300w, https:\/\/i0.wp.com\/eltrabajo.cl\/portal\/wp-content\/uploads\/2020\/07\/cuarentena-Control-vehicular.jpg?resize=200%2C124&amp;ssl=1 200w\" sizes=\"auto, (max-width: 580px) 100vw, 580px\" \/><figcaption id=\"caption-attachment-101028\" class=\"wp-caption-text\">La agresi\u00f3n se registr\u00f3 en un control de rutina efectuado por personal del Ej\u00e9rcito en el sector de El Almendral. (Foto archivo).<\/figcaption><\/figure>\n","protected":false},"excerpt":{"rendered":"<p>Incidente en sector El Almendral: La ma\u00f1ana de ayer en el sector de El Almendral, un ciudadano de 40 a\u00f1os de edad fue primeramente retenido por militares y posteriormente detenido por personal&#8230;<\/p>\n","protected":false},"author":482,"featured_media":101028,"comment_status":"closed","ping_status":"open","sticky":false,"template":"","format":"standard","meta":{"advanced_seo_description":"","jetpack_seo_html_title":"","jetpack_seo_noindex":false,"_jetpack_memberships_contains_paid_content":false,"footnotes":""},"categories":[105,21],"tags":[],"class_list":["post-101027","post","type-post","status-publish","format-standard","has-post-thumbnail","hentry","category-covid-19","category-policial"],"jetpack_featured_media_url":"https:\/\/i0.wp.com\/eltrabajo.cl\/portal\/wp-content\/uploads\/2020\/07\/cuarentena-Control-vehicular.jpg?fit=580%2C360&ssl=1","jetpack_sharing_enabled":true,"jetpack_likes_enabled":true,"jetpack-related-posts":[],"_links":{"self":[{"href":"https:\/\/eltrabajo.cl\/portal\/wp-json\/wp\/v2\/posts\/101027","targetHints":{"allow":["GET"]}}],"collection":[{"href":"https:\/\/eltrabajo.cl\/portal\/wp-json\/wp\/v2\/posts"}],"about":[{"href":"https:\/\/eltrabajo.cl\/portal\/wp-json\/wp\/v2\/types\/post"}],"author":[{"embeddable":true,"href":"https:\/\/eltrabajo.cl\/portal\/wp-json\/wp\/v2\/users\/482"}],"replies":[{"embeddable":true,"href":"https:\/\/eltrabajo.cl\/portal\/wp-json\/wp\/v2\/comments?post=101027"}],"version-history":[{"count":0,"href":"https:\/\/eltrabajo.cl\/portal\/wp-json\/wp\/v2\/posts\/101027\/revisions"}],"wp:featuredmedia":[{"embeddable":true,"href":"https:\/\/eltrabajo.cl\/portal\/wp-json\/wp\/v2\/media\/101028"}],"wp:attachment":[{"href":"https:\/\/eltrabajo.cl\/portal\/wp-json\/wp\/v2\/media?parent=101027"}],"wp:term":[{"taxonomy":"category","embeddable":true,"href":"https:\/\/eltrabajo.cl\/portal\/wp-json\/wp\/v2\/categories?post=101027"},{"taxonomy":"post_tag","embeddable":true,"href":"https:\/\/eltrabajo.cl\/portal\/wp-json\/wp\/v2\/tags?post=101027"}],"curies":[{"name":"wp","href":"https:\/\/api.w.org\/{rel}","templated":true}]}}