{"id":101030,"date":"2020-07-28T07:55:43","date_gmt":"2020-07-28T11:55:43","guid":{"rendered":"https:\/\/www.eltrabajo.cl\/portal\/?p=101030"},"modified":"2020-07-27T21:31:28","modified_gmt":"2020-07-28T01:31:28","slug":"comerciante-sanfelipena-perdio-por-completo-su-tienda-de-lenceria-en-incendio","status":"publish","type":"post","link":"https:\/\/eltrabajo.cl\/portal\/comerciante-sanfelipena-perdio-por-completo-su-tienda-de-lenceria-en-incendio\/","title":{"rendered":"Comerciante sanfelipe\u00f1a perdi\u00f3 por completo su tienda de lencer\u00eda en incendio"},"content":{"rendered":"<p style=\"text-align: left;\"><span style=\"color: #c81400;\"><strong>Aunque tiene muchas deudas asegura que se pondr\u00e1 de pie nuevamente:<\/strong><\/span><\/p>\n<p style=\"text-align: justify;\">Aunque muchos estar\u00edan llorando desconsoladamente si perdieran lo que ella perdi\u00f3 en el incendio del s\u00e1bado por la noche, cuando su peque\u00f1a tienda de lencer\u00eda qued\u00f3 destruida por las llamas, la realidad del caso es que no, ella no est\u00e1 derrumbada ni echada a la depresi\u00f3n; por el contrario, su actitud es animosa y muy determinada a seguir luchando por su progreso personal y el de su familia.<\/p>\n<p style=\"text-align: justify;\">\n<p style=\"text-align: justify;\"><span style=\"color: #c81400;\"><strong>\u00abNO QUEDA M\u00c1S QUE LEVANTARSE\u00bb<\/strong><\/span><\/p>\n<p style=\"text-align: justify;\">Nos referimos a la comerciante sanfelipe\u00f1a <strong>Hilda Ch\u00e1vez<\/strong>, quien perdi\u00f3 toda su mercader\u00eda y producci\u00f3n de su local ubicado en Prat 591. Las c\u00e1maras de <strong>Diario El Trabajo <\/strong>le acompa\u00f1aron la ma\u00f1ana de este lunes al momento de hacer la revisi\u00f3n a lo que qued\u00f3 de su peque\u00f1a tienda llamada \u2018Comercial Valentina\u2019.<\/p>\n<p style=\"text-align: justify;\">\u00ab<em>Desde el pasado mes de febrero estoy arrendando aqu\u00ed en Comercial Valentina. Me enter\u00e9 del incendio porque uno de mis sobrinos llam\u00f3 a mi hija y as\u00ed nos enteramos todos del incendio. Las p\u00e9rdidas son totales, son cerca de $4 millones lo que qued\u00f3 o quemado o mojado. Ante este rev\u00e9s no queda m\u00e1s que levantarnos de nuevo no hay de otra, tendr\u00e9 que recurrir a mis ahorros a lo que sea, porque quedamos a brazos cruzados, sin nada, qued\u00e9 cesante y con muchas deudas<\/em>\u00bb, dijo Ch\u00e1vez a nuestro medio.<\/p>\n<p style=\"text-align: justify;\">Como el de esta comerciante, dos locales m\u00e1s se vieron afectados directamente, entre ellos un restaurante chino que en marzo alcanz\u00f3 a ser inaugurado y abrir por una semana, lo hab\u00edan equipado por completo.<\/p>\n<p style=\"text-align: justify;\"><strong>Roberto Gonz\u00e1lez Short<\/strong><\/p>\n<figure id=\"attachment_101031\" aria-describedby=\"caption-attachment-101031\" style=\"width: 580px\" class=\"wp-caption aligncenter\"><img data-recalc-dims=\"1\" loading=\"lazy\" decoding=\"async\" class=\"size-full wp-image-101031\" src=\"https:\/\/i0.wp.com\/eltrabajo.cl\/portal\/wp-content\/uploads\/2020\/07\/Lencer%C3%ADa1.jpg?resize=580%2C359&#038;ssl=1\" alt=\"PERO SE LEVANTAR\u00c1.- Las c\u00e1maras de Diario El Trabajo registran a do\u00f1a Hilda Ch\u00e1vez caminando entre los escombros de su tienda.\" width=\"580\" height=\"359\" srcset=\"https:\/\/i0.wp.com\/eltrabajo.cl\/portal\/wp-content\/uploads\/2020\/07\/Lencer%C3%ADa1.jpg?w=580&amp;ssl=1 580w, https:\/\/i0.wp.com\/eltrabajo.cl\/portal\/wp-content\/uploads\/2020\/07\/Lencer%C3%ADa1.jpg?resize=300%2C186&amp;ssl=1 300w, https:\/\/i0.wp.com\/eltrabajo.cl\/portal\/wp-content\/uploads\/2020\/07\/Lencer%C3%ADa1.jpg?resize=200%2C124&amp;ssl=1 200w\" sizes=\"auto, (max-width: 580px) 100vw, 580px\" \/><figcaption id=\"caption-attachment-101031\" class=\"wp-caption-text\">PERO SE LEVANTAR\u00c1.- Las c\u00e1maras de Diario El Trabajo registran a do\u00f1a Hilda Ch\u00e1vez caminando entre los escombros de su tienda.<\/figcaption><\/figure>\n<figure id=\"attachment_101033\" aria-describedby=\"caption-attachment-101033\" style=\"width: 580px\" class=\"wp-caption aligncenter\"><img data-recalc-dims=\"1\" loading=\"lazy\" decoding=\"async\" class=\"size-full wp-image-101033\" src=\"https:\/\/i0.wp.com\/eltrabajo.cl\/portal\/wp-content\/uploads\/2020\/07\/Lenceria3.jpg?resize=580%2C359&#038;ssl=1\" alt=\"P\u00c9RDIDAS TOTALES.- La joyer\u00eda de fantas\u00eda y ropa \u00edntima de la tienda quedaron hechas cenizas.\" width=\"580\" height=\"359\" srcset=\"https:\/\/i0.wp.com\/eltrabajo.cl\/portal\/wp-content\/uploads\/2020\/07\/Lenceria3.jpg?w=580&amp;ssl=1 580w, https:\/\/i0.wp.com\/eltrabajo.cl\/portal\/wp-content\/uploads\/2020\/07\/Lenceria3.jpg?resize=300%2C186&amp;ssl=1 300w, https:\/\/i0.wp.com\/eltrabajo.cl\/portal\/wp-content\/uploads\/2020\/07\/Lenceria3.jpg?resize=200%2C124&amp;ssl=1 200w\" sizes=\"auto, (max-width: 580px) 100vw, 580px\" \/><figcaption id=\"caption-attachment-101033\" class=\"wp-caption-text\">P\u00c9RDIDAS TOTALES.- La joyer\u00eda de fantas\u00eda y ropa \u00edntima de la tienda quedaron hechas cenizas.<\/figcaption><\/figure>\n<figure id=\"attachment_101032\" aria-describedby=\"caption-attachment-101032\" style=\"width: 580px\" class=\"wp-caption aligncenter\"><img data-recalc-dims=\"1\" loading=\"lazy\" decoding=\"async\" class=\"size-full wp-image-101032\" src=\"https:\/\/i0.wp.com\/eltrabajo.cl\/portal\/wp-content\/uploads\/2020\/07\/Lenceria2.jpg?resize=580%2C600&#038;ssl=1\" alt=\"Don Ram\u00f3n, maestro de la construcci\u00f3n contratado por do\u00f1a Hilda, intentaba este lunes recuperar piezas de la tienda.\" width=\"580\" height=\"600\" srcset=\"https:\/\/i0.wp.com\/eltrabajo.cl\/portal\/wp-content\/uploads\/2020\/07\/Lenceria2.jpg?w=580&amp;ssl=1 580w, https:\/\/i0.wp.com\/eltrabajo.cl\/portal\/wp-content\/uploads\/2020\/07\/Lenceria2.jpg?resize=290%2C300&amp;ssl=1 290w, https:\/\/i0.wp.com\/eltrabajo.cl\/portal\/wp-content\/uploads\/2020\/07\/Lenceria2.jpg?resize=145%2C150&amp;ssl=1 145w\" sizes=\"auto, (max-width: 580px) 100vw, 580px\" \/><figcaption id=\"caption-attachment-101032\" class=\"wp-caption-text\">Don Ram\u00f3n, maestro de la construcci\u00f3n contratado por do\u00f1a Hilda, intentaba este lunes recuperar piezas de la tienda.<\/figcaption><\/figure>\n<figure id=\"attachment_101034\" aria-describedby=\"caption-attachment-101034\" style=\"width: 580px\" class=\"wp-caption aligncenter\"><img data-recalc-dims=\"1\" loading=\"lazy\" decoding=\"async\" class=\"size-full wp-image-101034\" src=\"https:\/\/i0.wp.com\/eltrabajo.cl\/portal\/wp-content\/uploads\/2020\/07\/Lenceria_Hilda-Chavez.jpg?resize=580%2C598&#038;ssl=1\" alt=\"Hilda Ch\u00e1vez, due\u00f1a de Comercial Valentina.\" width=\"580\" height=\"598\" srcset=\"https:\/\/i0.wp.com\/eltrabajo.cl\/portal\/wp-content\/uploads\/2020\/07\/Lenceria_Hilda-Chavez.jpg?w=580&amp;ssl=1 580w, https:\/\/i0.wp.com\/eltrabajo.cl\/portal\/wp-content\/uploads\/2020\/07\/Lenceria_Hilda-Chavez.jpg?resize=291%2C300&amp;ssl=1 291w, https:\/\/i0.wp.com\/eltrabajo.cl\/portal\/wp-content\/uploads\/2020\/07\/Lenceria_Hilda-Chavez.jpg?resize=145%2C150&amp;ssl=1 145w\" sizes=\"auto, (max-width: 580px) 100vw, 580px\" \/><figcaption id=\"caption-attachment-101034\" class=\"wp-caption-text\">Hilda Ch\u00e1vez, due\u00f1a de Comercial Valentina.<\/figcaption><\/figure>\n","protected":false},"excerpt":{"rendered":"<p>Aunque tiene muchas deudas asegura que se pondr\u00e1 de pie nuevamente: Aunque muchos estar\u00edan llorando desconsoladamente si perdieran lo que ella perdi\u00f3 en el incendio del s\u00e1bado por la noche, cuando su&#8230;<\/p>\n","protected":false},"author":482,"featured_media":101031,"comment_status":"closed","ping_status":"open","sticky":false,"template":"","format":"standard","meta":{"advanced_seo_description":"","jetpack_seo_html_title":"","jetpack_seo_noindex":false,"_jetpack_memberships_contains_paid_content":false,"footnotes":""},"categories":[15],"tags":[],"class_list":["post-101030","post","type-post","status-publish","format-standard","has-post-thumbnail","hentry","category-comunidad"],"jetpack_featured_media_url":"https:\/\/i0.wp.com\/eltrabajo.cl\/portal\/wp-content\/uploads\/2020\/07\/Lencer%C3%ADa1.jpg?fit=580%2C359&ssl=1","jetpack_sharing_enabled":true,"jetpack_likes_enabled":true,"jetpack-related-posts":[],"_links":{"self":[{"href":"https:\/\/eltrabajo.cl\/portal\/wp-json\/wp\/v2\/posts\/101030","targetHints":{"allow":["GET"]}}],"collection":[{"href":"https:\/\/eltrabajo.cl\/portal\/wp-json\/wp\/v2\/posts"}],"about":[{"href":"https:\/\/eltrabajo.cl\/portal\/wp-json\/wp\/v2\/types\/post"}],"author":[{"embeddable":true,"href":"https:\/\/eltrabajo.cl\/portal\/wp-json\/wp\/v2\/users\/482"}],"replies":[{"embeddable":true,"href":"https:\/\/eltrabajo.cl\/portal\/wp-json\/wp\/v2\/comments?post=101030"}],"version-history":[{"count":0,"href":"https:\/\/eltrabajo.cl\/portal\/wp-json\/wp\/v2\/posts\/101030\/revisions"}],"wp:featuredmedia":[{"embeddable":true,"href":"https:\/\/eltrabajo.cl\/portal\/wp-json\/wp\/v2\/media\/101031"}],"wp:attachment":[{"href":"https:\/\/eltrabajo.cl\/portal\/wp-json\/wp\/v2\/media?parent=101030"}],"wp:term":[{"taxonomy":"category","embeddable":true,"href":"https:\/\/eltrabajo.cl\/portal\/wp-json\/wp\/v2\/categories?post=101030"},{"taxonomy":"post_tag","embeddable":true,"href":"https:\/\/eltrabajo.cl\/portal\/wp-json\/wp\/v2\/tags?post=101030"}],"curies":[{"name":"wp","href":"https:\/\/api.w.org\/{rel}","templated":true}]}}