{"id":101036,"date":"2020-07-28T08:00:51","date_gmt":"2020-07-28T12:00:51","guid":{"rendered":"https:\/\/www.eltrabajo.cl\/portal\/?p=101036"},"modified":"2020-07-27T21:33:38","modified_gmt":"2020-07-28T01:33:38","slug":"amenazo-de-muerte-a-su-esposa-y-termino-incendiando-dos-vehiculos","status":"publish","type":"post","link":"https:\/\/eltrabajo.cl\/portal\/amenazo-de-muerte-a-su-esposa-y-termino-incendiando-dos-vehiculos\/","title":{"rendered":"Amenaz\u00f3 de muerte a su esposa y termin\u00f3 incendiando dos veh\u00edculos"},"content":{"rendered":"<p style=\"text-align: justify;\">Carabineros del ret\u00e9n Curim\u00f3n detuvo a un sujeto que bajo los efectos del alcohol y tras sostener una discusi\u00f3n con su c\u00f3nyuge, no encontr\u00f3 mejor idea que quemar dos veh\u00edculos de su propiedad, adem\u00e1s de amenazarla de muerte nada menos que frente a personal de Carabineros.<\/p>\n<p style=\"text-align: justify;\">El detenido pas\u00f3 a audiencia de control de detenci\u00f3n donde se decret\u00f3 el alejamiento de su c\u00f3nyuge.<\/p>\n<p style=\"text-align: justify;\">El ministerio p\u00fablico estuvo representado por el fiscal adjunto <strong>Julio Palacios Bobadilla<\/strong>, quien al referirse al procedimiento se\u00f1al\u00f3 que <em>\u00ablos hechos ocurren el d\u00eda 26 de julio de 2020 en horas de la ma\u00f1ana, alrededor de las 07:50 horas en un domicilio ubicado en el sector de Curim\u00f3n, comuna de San Felipe, donde el imputado de 39 a\u00f1os de edad se encontraba bajo los efectos del alcohol y producto de una discusi\u00f3n que sostiene con su c\u00f3nyuge la amenaza de muerte y adem\u00e1s, ante estas situaciones, es que el imputado comienza a prender fuego a dos veh\u00edculos de su propiedad. Ante esta situaci\u00f3n la v\u00edctima, al ver que el imputado estaba en este estado decide llamar a Carabineros con la finalidad de que adopten el procedimiento respectivo\u00bb.<\/em><\/p>\n<p style=\"text-align: justify;\">Carabineros al llegar se percatan que efectivamente estaban quem\u00e1ndose dos veh\u00edculos que eran de propiedad del imputado, <em>\u00aby adem\u00e1s ante la presencia de ellos es que amenaza a la v\u00edctima manifest\u00e1ndole que la iba a matar. Ante esta situaci\u00f3n es que es detenido y posteriormente la jueza del Juzgado de Garant\u00eda de San Felipe, con la finalidad de dar protecci\u00f3n a la v\u00edctima, es que decret\u00f3 la medida cautelar del art\u00edculo 9-b de ley 20.066, es decir prohibici\u00f3n del imputado de acercarse a la v\u00edctima. \u00bfY por qu\u00e9 motivo se decreta esta medida cautelar?, debido a que la v\u00edctima decide abandonar el hogar y trasladarse a otro domicilio junto a sus hijos\u00bb,<\/em> se\u00f1al\u00f3 el fiscal Julio Palacios Bobadilla.<\/p>\n<p style=\"text-align: justify;\">Debido a la emergencia tambi\u00e9n concurri\u00f3 al lugar personal de Bomberos de Curim\u00f3n.<\/p>\n<figure id=\"attachment_101037\" aria-describedby=\"caption-attachment-101037\" style=\"width: 579px\" class=\"wp-caption aligncenter\"><img data-recalc-dims=\"1\" loading=\"lazy\" decoding=\"async\" class=\"size-full wp-image-101037\" src=\"https:\/\/i0.wp.com\/eltrabajo.cl\/portal\/wp-content\/uploads\/2020\/07\/Curimon1.jpg?resize=579%2C282&#038;ssl=1\" alt=\"Personal de Bomberos trabajando en el lugar donde los dos veh\u00edculos fueron incendiados por su propietario tras discutir con su esposa.\" width=\"579\" height=\"282\" srcset=\"https:\/\/i0.wp.com\/eltrabajo.cl\/portal\/wp-content\/uploads\/2020\/07\/Curimon1.jpg?w=579&amp;ssl=1 579w, https:\/\/i0.wp.com\/eltrabajo.cl\/portal\/wp-content\/uploads\/2020\/07\/Curimon1.jpg?resize=300%2C146&amp;ssl=1 300w, https:\/\/i0.wp.com\/eltrabajo.cl\/portal\/wp-content\/uploads\/2020\/07\/Curimon1.jpg?resize=200%2C97&amp;ssl=1 200w\" sizes=\"auto, (max-width: 579px) 100vw, 579px\" \/><figcaption id=\"caption-attachment-101037\" class=\"wp-caption-text\">Personal de Bomberos trabajando en el lugar donde los dos veh\u00edculos fueron incendiados por su propietario tras discutir con su esposa.<\/figcaption><\/figure>\n<figure id=\"attachment_101038\" aria-describedby=\"caption-attachment-101038\" style=\"width: 580px\" class=\"wp-caption aligncenter\"><img data-recalc-dims=\"1\" loading=\"lazy\" decoding=\"async\" class=\"size-full wp-image-101038\" src=\"https:\/\/i0.wp.com\/eltrabajo.cl\/portal\/wp-content\/uploads\/2020\/07\/Curimon2.jpg?resize=580%2C359&#038;ssl=1\" alt=\"Personal de Bomberos trabajando en el lugar donde los dos veh\u00edculos fueron incendiados por su propietario tras discutir con su esposa.\" width=\"580\" height=\"359\" srcset=\"https:\/\/i0.wp.com\/eltrabajo.cl\/portal\/wp-content\/uploads\/2020\/07\/Curimon2.jpg?w=580&amp;ssl=1 580w, https:\/\/i0.wp.com\/eltrabajo.cl\/portal\/wp-content\/uploads\/2020\/07\/Curimon2.jpg?resize=300%2C186&amp;ssl=1 300w, https:\/\/i0.wp.com\/eltrabajo.cl\/portal\/wp-content\/uploads\/2020\/07\/Curimon2.jpg?resize=200%2C124&amp;ssl=1 200w\" sizes=\"auto, (max-width: 580px) 100vw, 580px\" \/><figcaption id=\"caption-attachment-101038\" class=\"wp-caption-text\">Personal de Bomberos trabajando en el lugar donde los dos veh\u00edculos fueron incendiados por su propietario tras discutir con su esposa.<\/figcaption><\/figure>\n","protected":false},"excerpt":{"rendered":"<p>Carabineros del ret\u00e9n Curim\u00f3n detuvo a un sujeto que bajo los efectos del alcohol y tras sostener una discusi\u00f3n con su c\u00f3nyuge, no encontr\u00f3 mejor idea que quemar dos veh\u00edculos de su&#8230;<\/p>\n","protected":false},"author":482,"featured_media":101038,"comment_status":"closed","ping_status":"open","sticky":false,"template":"","format":"standard","meta":{"advanced_seo_description":"","jetpack_seo_html_title":"","jetpack_seo_noindex":false,"_jetpack_memberships_contains_paid_content":false,"footnotes":""},"categories":[21],"tags":[],"class_list":["post-101036","post","type-post","status-publish","format-standard","has-post-thumbnail","hentry","category-policial"],"jetpack_featured_media_url":"https:\/\/i0.wp.com\/eltrabajo.cl\/portal\/wp-content\/uploads\/2020\/07\/Curimon2.jpg?fit=580%2C359&ssl=1","jetpack_sharing_enabled":true,"jetpack_likes_enabled":true,"jetpack-related-posts":[],"_links":{"self":[{"href":"https:\/\/eltrabajo.cl\/portal\/wp-json\/wp\/v2\/posts\/101036","targetHints":{"allow":["GET"]}}],"collection":[{"href":"https:\/\/eltrabajo.cl\/portal\/wp-json\/wp\/v2\/posts"}],"about":[{"href":"https:\/\/eltrabajo.cl\/portal\/wp-json\/wp\/v2\/types\/post"}],"author":[{"embeddable":true,"href":"https:\/\/eltrabajo.cl\/portal\/wp-json\/wp\/v2\/users\/482"}],"replies":[{"embeddable":true,"href":"https:\/\/eltrabajo.cl\/portal\/wp-json\/wp\/v2\/comments?post=101036"}],"version-history":[{"count":0,"href":"https:\/\/eltrabajo.cl\/portal\/wp-json\/wp\/v2\/posts\/101036\/revisions"}],"wp:featuredmedia":[{"embeddable":true,"href":"https:\/\/eltrabajo.cl\/portal\/wp-json\/wp\/v2\/media\/101038"}],"wp:attachment":[{"href":"https:\/\/eltrabajo.cl\/portal\/wp-json\/wp\/v2\/media?parent=101036"}],"wp:term":[{"taxonomy":"category","embeddable":true,"href":"https:\/\/eltrabajo.cl\/portal\/wp-json\/wp\/v2\/categories?post=101036"},{"taxonomy":"post_tag","embeddable":true,"href":"https:\/\/eltrabajo.cl\/portal\/wp-json\/wp\/v2\/tags?post=101036"}],"curies":[{"name":"wp","href":"https:\/\/api.w.org\/{rel}","templated":true}]}}