{"id":101059,"date":"2020-07-28T21:11:20","date_gmt":"2020-07-29T01:11:20","guid":{"rendered":"https:\/\/www.eltrabajo.cl\/portal\/?p=101059"},"modified":"2020-07-28T21:11:20","modified_gmt":"2020-07-29T01:11:20","slug":"el-covid-19-pone-en-suspenso-la-realizacion-del-pre-domani-2021","status":"publish","type":"post","link":"https:\/\/eltrabajo.cl\/portal\/el-covid-19-pone-en-suspenso-la-realizacion-del-pre-domani-2021\/","title":{"rendered":"El Covid-19 pone en suspenso la realizaci\u00f3n del Pre Domani 2021"},"content":{"rendered":"<ul style=\"text-align: justify;\">\n<li><strong>Esa instancia contar\u00eda con la participaci\u00f3n de dos quintetos sanfelipe\u00f1os.<\/strong><\/li>\n<\/ul>\n<p style=\"text-align: justify;\">En una completa inc\u00f3gnita se ha convertido la versi\u00f3n 2021 del torneo juvenil de b\u00e1squetbol <strong>\u2018Campioni del Domani\u2019<\/strong>. Las dudas respecto a la realizaci\u00f3n del evento cestero m\u00e1s importante del pa\u00eds, se amparan en que no existe ninguna claridad respecto a la etapa de clasificaci\u00f3n, m\u00e1s conocida como Pre Domani, la que esta temporada contar\u00eda con la participaci\u00f3n de los quintetos locales del Prat y San Felipe B\u00e1squet.<\/p>\n<p style=\"text-align: justify;\">Seg\u00fan pudo conocer <strong>El Trabajo Deportivo<\/strong>, los clubes que intervendr\u00e1n en la fase clasificatoria no han recibido ninguna informaci\u00f3n respecto a la fecha de las clasificatorias, las que generalmente se realizan en octubre, mes donde se supone la pandemia del Covid\u201319, b\u00e1sicamente por las condiciones clim\u00e1ticas deber\u00eda dar una tregua.<\/p>\n<p style=\"text-align: justify;\">Consultado el presidente de la rama cestera del Prat, <strong>Exequiel Carvallo<\/strong>, sobre este tema, respondi\u00f3: <em>\u00abA\u00fan no sabemos nada, pero si me pide mi p\u00e1lpito respecto al tema, yo creo que habr\u00e1 Domani, siempre y cuando en Santiago est\u00e9n dadas las condiciones para hacerlo, ya que si se aplica un protocolo sanitario, por muy estricto que sea, el Stadio Italiano (organizador) no tendr\u00e1 problemas en aplicarlo\u00bb,<\/em> se\u00f1al\u00f3 el influyente directivo.<\/p>\n<p style=\"text-align: justify;\">Por estos d\u00edas un grupo de jugadores pratinos que integran el conjunto que deber\u00eda jugar el Domani, se encuentran realizando por cuenta propia unas rutinas de entrenamiento diarias que les permitan volver en buenas condiciones cuando se vise el retorno a las actividades deportivas.<\/p>\n<p><strong>Jorge Vega Oses<\/strong><\/p>\n<figure id=\"attachment_101060\" aria-describedby=\"caption-attachment-101060\" style=\"width: 580px\" class=\"wp-caption aligncenter\"><img data-recalc-dims=\"1\" loading=\"lazy\" decoding=\"async\" class=\"size-full wp-image-101060\" src=\"https:\/\/i0.wp.com\/eltrabajo.cl\/portal\/wp-content\/uploads\/2020\/07\/prat.jpg?resize=580%2C359&#038;ssl=1\" alt=\"El Prat en una de sus \u00faltimas participaciones en el Campioni del Domani.\" width=\"580\" height=\"359\" srcset=\"https:\/\/i0.wp.com\/eltrabajo.cl\/portal\/wp-content\/uploads\/2020\/07\/prat.jpg?w=580&amp;ssl=1 580w, https:\/\/i0.wp.com\/eltrabajo.cl\/portal\/wp-content\/uploads\/2020\/07\/prat.jpg?resize=300%2C186&amp;ssl=1 300w, https:\/\/i0.wp.com\/eltrabajo.cl\/portal\/wp-content\/uploads\/2020\/07\/prat.jpg?resize=200%2C124&amp;ssl=1 200w\" sizes=\"auto, (max-width: 580px) 100vw, 580px\" \/><figcaption id=\"caption-attachment-101060\" class=\"wp-caption-text\">El Prat en una de sus \u00faltimas participaciones en el Campioni del Domani.<\/figcaption><\/figure>\n","protected":false},"excerpt":{"rendered":"<p>Esa instancia contar\u00eda con la participaci\u00f3n de dos quintetos sanfelipe\u00f1os. En una completa inc\u00f3gnita se ha convertido la versi\u00f3n 2021 del torneo juvenil de b\u00e1squetbol \u2018Campioni del Domani\u2019. Las dudas respecto a&#8230;<\/p>\n","protected":false},"author":482,"featured_media":101060,"comment_status":"closed","ping_status":"open","sticky":false,"template":"","format":"standard","meta":{"advanced_seo_description":"","jetpack_seo_html_title":"","jetpack_seo_noindex":false,"_jetpack_memberships_contains_paid_content":false,"footnotes":""},"categories":[105,19],"tags":[],"class_list":["post-101059","post","type-post","status-publish","format-standard","has-post-thumbnail","hentry","category-covid-19","category-deportes"],"jetpack_featured_media_url":"https:\/\/i0.wp.com\/eltrabajo.cl\/portal\/wp-content\/uploads\/2020\/07\/prat.jpg?fit=580%2C359&ssl=1","jetpack_sharing_enabled":true,"jetpack_likes_enabled":true,"jetpack-related-posts":[],"_links":{"self":[{"href":"https:\/\/eltrabajo.cl\/portal\/wp-json\/wp\/v2\/posts\/101059","targetHints":{"allow":["GET"]}}],"collection":[{"href":"https:\/\/eltrabajo.cl\/portal\/wp-json\/wp\/v2\/posts"}],"about":[{"href":"https:\/\/eltrabajo.cl\/portal\/wp-json\/wp\/v2\/types\/post"}],"author":[{"embeddable":true,"href":"https:\/\/eltrabajo.cl\/portal\/wp-json\/wp\/v2\/users\/482"}],"replies":[{"embeddable":true,"href":"https:\/\/eltrabajo.cl\/portal\/wp-json\/wp\/v2\/comments?post=101059"}],"version-history":[{"count":0,"href":"https:\/\/eltrabajo.cl\/portal\/wp-json\/wp\/v2\/posts\/101059\/revisions"}],"wp:featuredmedia":[{"embeddable":true,"href":"https:\/\/eltrabajo.cl\/portal\/wp-json\/wp\/v2\/media\/101060"}],"wp:attachment":[{"href":"https:\/\/eltrabajo.cl\/portal\/wp-json\/wp\/v2\/media?parent=101059"}],"wp:term":[{"taxonomy":"category","embeddable":true,"href":"https:\/\/eltrabajo.cl\/portal\/wp-json\/wp\/v2\/categories?post=101059"},{"taxonomy":"post_tag","embeddable":true,"href":"https:\/\/eltrabajo.cl\/portal\/wp-json\/wp\/v2\/tags?post=101059"}],"curies":[{"name":"wp","href":"https:\/\/api.w.org\/{rel}","templated":true}]}}