{"id":101065,"date":"2020-07-28T21:19:52","date_gmt":"2020-07-29T01:19:52","guid":{"rendered":"https:\/\/www.eltrabajo.cl\/portal\/?p=101065"},"modified":"2020-07-28T21:19:52","modified_gmt":"2020-07-29T01:19:52","slug":"colectivo-cayo-a-canal-tras-colisionar-automovil-en-chacabuco-con-navarro","status":"publish","type":"post","link":"https:\/\/eltrabajo.cl\/portal\/colectivo-cayo-a-canal-tras-colisionar-automovil-en-chacabuco-con-navarro\/","title":{"rendered":"Colectivo cay\u00f3 a canal tras colisionar autom\u00f3vil en Chacabuco con Navarro"},"content":{"rendered":"<p style=\"text-align: left;\"><span style=\"color: #c81400;\"><strong>Uno de los veh\u00edculos involucrados no respet\u00f3 disco Pare:<\/strong><\/span><\/p>\n<p style=\"text-align: justify;\">Cerca de las 8 de la ma\u00f1ana de este martes, en la intersecci\u00f3n de Avenida Chacabuco con calle Navarro, se origin\u00f3 una colisi\u00f3n vehicular en la que los protagonistas fueron el conductor de un taxi colectivo de la L\u00ednea 2 y un veh\u00edculo particular. Pese a que a\u00fan no se esclarece con exactitud las causas del choque, es evidente que uno de los involucrados no habr\u00eda respetado la se\u00f1al Pare existente en Navarro.<\/p>\n<p style=\"text-align: justify;\">Tras la colisi\u00f3n, los profesionales del SAMU y rescatistas de Bomberos que llegaron al lugar debieron emplearse a fondo para poder extraer al conductor del autom\u00f3vil particular, pues qued\u00f3 atrapado y con golpes que le imposibilitaban moverse por sus propios medios. Una vez rescatado debi\u00f3 ser trasladado al Hospital San Camilo con cuello ortop\u00e9dico, mientras que el conductor del taxi colectivo fue atendido y valorado en el mismo lugar del accidente.<\/p>\n<p style=\"text-align: justify;\">La fuerza del impacto hizo que el taxi colectivo fuera sacado de la v\u00eda y termin\u00f3 al borde del canal de la alameda, mientras que el auto mediano qued\u00f3 junto a la vereda de la avenida.<\/p>\n<p style=\"text-align: justify;\"><strong>Roberto Gonz\u00e1lez Short<br \/>\n<\/strong><strong>Fotos: David Olivares y Jaime Franco.<\/strong><\/p>\n<figure id=\"attachment_101067\" aria-describedby=\"caption-attachment-101067\" style=\"width: 580px\" class=\"wp-caption aligncenter\"><img data-recalc-dims=\"1\" loading=\"lazy\" decoding=\"async\" class=\"size-full wp-image-101067\" src=\"https:\/\/i0.wp.com\/eltrabajo.cl\/portal\/wp-content\/uploads\/2020\/07\/Choque1-2.jpg?resize=580%2C360&#038;ssl=1\" alt=\"ATENDIDO EN EL LUGAR.- Carabineros y Bomberos fueron los primeros en llegar al lugar del accidente la ma\u00f1ana de este martes.\" width=\"580\" height=\"360\" srcset=\"https:\/\/i0.wp.com\/eltrabajo.cl\/portal\/wp-content\/uploads\/2020\/07\/Choque1-2.jpg?w=580&amp;ssl=1 580w, https:\/\/i0.wp.com\/eltrabajo.cl\/portal\/wp-content\/uploads\/2020\/07\/Choque1-2.jpg?resize=300%2C186&amp;ssl=1 300w, https:\/\/i0.wp.com\/eltrabajo.cl\/portal\/wp-content\/uploads\/2020\/07\/Choque1-2.jpg?resize=200%2C124&amp;ssl=1 200w\" sizes=\"auto, (max-width: 580px) 100vw, 580px\" \/><figcaption id=\"caption-attachment-101067\" class=\"wp-caption-text\">ATENDIDO EN EL LUGAR.- Carabineros y Bomberos fueron los primeros en llegar al lugar del accidente la ma\u00f1ana de este martes.<\/figcaption><\/figure>\n<figure id=\"attachment_101066\" aria-describedby=\"caption-attachment-101066\" style=\"width: 580px\" class=\"wp-caption aligncenter\"><img data-recalc-dims=\"1\" loading=\"lazy\" decoding=\"async\" class=\"size-full wp-image-101066\" src=\"https:\/\/i0.wp.com\/eltrabajo.cl\/portal\/wp-content\/uploads\/2020\/07\/Choque4.jpg?resize=580%2C359&#038;ssl=1\" alt=\"PUDO SER FATAL.- La colisi\u00f3n fue potente, los da\u00f1os materiales tambi\u00e9n cuantiosos, afortunadamente no hubo muertes que lamentar.\" width=\"580\" height=\"359\" srcset=\"https:\/\/i0.wp.com\/eltrabajo.cl\/portal\/wp-content\/uploads\/2020\/07\/Choque4.jpg?w=580&amp;ssl=1 580w, https:\/\/i0.wp.com\/eltrabajo.cl\/portal\/wp-content\/uploads\/2020\/07\/Choque4.jpg?resize=300%2C186&amp;ssl=1 300w, https:\/\/i0.wp.com\/eltrabajo.cl\/portal\/wp-content\/uploads\/2020\/07\/Choque4.jpg?resize=200%2C124&amp;ssl=1 200w\" sizes=\"auto, (max-width: 580px) 100vw, 580px\" \/><figcaption id=\"caption-attachment-101066\" class=\"wp-caption-text\">PUDO SER FATAL.- La colisi\u00f3n fue potente, los da\u00f1os materiales tambi\u00e9n cuantiosos, afortunadamente no hubo muertes que lamentar.<\/figcaption><\/figure>\n<figure id=\"attachment_101068\" aria-describedby=\"caption-attachment-101068\" style=\"width: 580px\" class=\"wp-caption aligncenter\"><img data-recalc-dims=\"1\" loading=\"lazy\" decoding=\"async\" class=\"size-full wp-image-101068\" src=\"https:\/\/i0.wp.com\/eltrabajo.cl\/portal\/wp-content\/uploads\/2020\/07\/Choque2-2.jpg?resize=580%2C598&#038;ssl=1\" alt=\"VIOLENTO AMANECER.- Uno de los conductores es atendido en el mismo lugar de los hechos.\" width=\"580\" height=\"598\" srcset=\"https:\/\/i0.wp.com\/eltrabajo.cl\/portal\/wp-content\/uploads\/2020\/07\/Choque2-2.jpg?w=580&amp;ssl=1 580w, https:\/\/i0.wp.com\/eltrabajo.cl\/portal\/wp-content\/uploads\/2020\/07\/Choque2-2.jpg?resize=291%2C300&amp;ssl=1 291w, https:\/\/i0.wp.com\/eltrabajo.cl\/portal\/wp-content\/uploads\/2020\/07\/Choque2-2.jpg?resize=145%2C150&amp;ssl=1 145w\" sizes=\"auto, (max-width: 580px) 100vw, 580px\" \/><figcaption id=\"caption-attachment-101068\" class=\"wp-caption-text\">VIOLENTO AMANECER.- Uno de los conductores es atendido en el mismo lugar de los hechos.<\/figcaption><\/figure>\n<figure id=\"attachment_101069\" aria-describedby=\"caption-attachment-101069\" style=\"width: 579px\" class=\"wp-caption aligncenter\"><img data-recalc-dims=\"1\" loading=\"lazy\" decoding=\"async\" class=\"size-full wp-image-101069\" src=\"https:\/\/i0.wp.com\/eltrabajo.cl\/portal\/wp-content\/uploads\/2020\/07\/Choque3-1.jpg?resize=579%2C745&#038;ssl=1\" alt=\"FUERTE IMPACTO.- As\u00ed qued\u00f3 el veh\u00edculo particular, su puerta fue arrancada por la violencia del impacto.\" width=\"579\" height=\"745\" srcset=\"https:\/\/i0.wp.com\/eltrabajo.cl\/portal\/wp-content\/uploads\/2020\/07\/Choque3-1.jpg?w=579&amp;ssl=1 579w, https:\/\/i0.wp.com\/eltrabajo.cl\/portal\/wp-content\/uploads\/2020\/07\/Choque3-1.jpg?resize=233%2C300&amp;ssl=1 233w, https:\/\/i0.wp.com\/eltrabajo.cl\/portal\/wp-content\/uploads\/2020\/07\/Choque3-1.jpg?resize=117%2C150&amp;ssl=1 117w\" sizes=\"auto, (max-width: 579px) 100vw, 579px\" \/><figcaption id=\"caption-attachment-101069\" class=\"wp-caption-text\">FUERTE IMPACTO.- As\u00ed qued\u00f3 el veh\u00edculo particular, su puerta fue arrancada por la violencia del impacto.<\/figcaption><\/figure>\n","protected":false},"excerpt":{"rendered":"<p>Uno de los veh\u00edculos involucrados no respet\u00f3 disco Pare: Cerca de las 8 de la ma\u00f1ana de este martes, en la intersecci\u00f3n de Avenida Chacabuco con calle Navarro, se origin\u00f3 una colisi\u00f3n&#8230;<\/p>\n","protected":false},"author":482,"featured_media":101067,"comment_status":"closed","ping_status":"open","sticky":false,"template":"","format":"standard","meta":{"advanced_seo_description":"","jetpack_seo_html_title":"","jetpack_seo_noindex":false,"_jetpack_memberships_contains_paid_content":false,"footnotes":""},"categories":[21],"tags":[],"class_list":["post-101065","post","type-post","status-publish","format-standard","has-post-thumbnail","hentry","category-policial"],"jetpack_featured_media_url":"https:\/\/i0.wp.com\/eltrabajo.cl\/portal\/wp-content\/uploads\/2020\/07\/Choque1-2.jpg?fit=580%2C360&ssl=1","jetpack_sharing_enabled":true,"jetpack_likes_enabled":true,"jetpack-related-posts":[],"_links":{"self":[{"href":"https:\/\/eltrabajo.cl\/portal\/wp-json\/wp\/v2\/posts\/101065","targetHints":{"allow":["GET"]}}],"collection":[{"href":"https:\/\/eltrabajo.cl\/portal\/wp-json\/wp\/v2\/posts"}],"about":[{"href":"https:\/\/eltrabajo.cl\/portal\/wp-json\/wp\/v2\/types\/post"}],"author":[{"embeddable":true,"href":"https:\/\/eltrabajo.cl\/portal\/wp-json\/wp\/v2\/users\/482"}],"replies":[{"embeddable":true,"href":"https:\/\/eltrabajo.cl\/portal\/wp-json\/wp\/v2\/comments?post=101065"}],"version-history":[{"count":0,"href":"https:\/\/eltrabajo.cl\/portal\/wp-json\/wp\/v2\/posts\/101065\/revisions"}],"wp:featuredmedia":[{"embeddable":true,"href":"https:\/\/eltrabajo.cl\/portal\/wp-json\/wp\/v2\/media\/101067"}],"wp:attachment":[{"href":"https:\/\/eltrabajo.cl\/portal\/wp-json\/wp\/v2\/media?parent=101065"}],"wp:term":[{"taxonomy":"category","embeddable":true,"href":"https:\/\/eltrabajo.cl\/portal\/wp-json\/wp\/v2\/categories?post=101065"},{"taxonomy":"post_tag","embeddable":true,"href":"https:\/\/eltrabajo.cl\/portal\/wp-json\/wp\/v2\/tags?post=101065"}],"curies":[{"name":"wp","href":"https:\/\/api.w.org\/{rel}","templated":true}]}}