{"id":101071,"date":"2020-07-29T07:40:21","date_gmt":"2020-07-29T11:40:21","guid":{"rendered":"https:\/\/www.eltrabajo.cl\/portal\/?p=101071"},"modified":"2020-07-28T21:26:42","modified_gmt":"2020-07-29T01:26:42","slug":"exser-san-felipe-recibira-la-distincion-empresa-destacada-2020","status":"publish","type":"post","link":"https:\/\/eltrabajo.cl\/portal\/exser-san-felipe-recibira-la-distincion-empresa-destacada-2020\/","title":{"rendered":"Exser San Felipe recibir\u00e1 la distinci\u00f3n Empresa Destacada 2020"},"content":{"rendered":"<p style=\"text-align: left;\"><span style=\"color: #c81400;\"><strong>Exportadora brinda trabajo a m\u00e1s de 2.000 personas:<\/strong><\/span><\/p>\n<p style=\"text-align: justify;\">Por m\u00e1s de 50 a\u00f1os el productor y exportador de frutas <strong>Andr\u00e9s Ureta Castro<\/strong>, ha mantenido una estrecha relaci\u00f3n con el Valle de Aconcagua. Lleg\u00f3 a la zona en 1969 para trabajar en San Felipe en Cooperativa Afrucoop, ya en 1976 pas\u00f3 a integrarse a la gerencia general de Aconex, una nueva exportadora del Valle a la cual llev\u00f3 a ser por m\u00e1s de 15 a\u00f1os la empresa l\u00edder de uva de mesa en Chile.<\/p>\n<p style=\"text-align: justify;\">Sin alejarse del Valle, en 1990 Andr\u00e9s decide dejar Aconex para fundar junto al destacado productor <strong>Nelson Domingo<\/strong>, la exportadora de frutas Exser en 1992. Si bien en un principio la producci\u00f3n se concentr\u00f3 s\u00f3lo en uva de mesa, actualmente tambi\u00e9n se suman los c\u00edtricos, como clementinas y mandarinas.<\/p>\n<p style=\"text-align: justify;\">\n<p style=\"text-align: justify;\"><span style=\"color: #c81400;\"><strong>SER\u00c1 DISTINGUIDA<\/strong><\/span><\/p>\n<p style=\"text-align: justify;\">Mencionamos esta peque\u00f1a rese\u00f1a de tan conocida empresa porque este pr\u00f3ximo s\u00e1bado 1\u00ba de agosto la misma estar\u00e1 siendo premiada con la <strong>Distinci\u00f3n Empresa Destacada 2020<\/strong>, por parte del Concejo Municipal de nuestra ciudad, en el marco del 280\u00ba Aniversario de nuestra comuna.<\/p>\n<p style=\"text-align: justify;\">\u00ab<em>Hoy en d\u00eda Exser cuenta con una vasta producci\u00f3n de frutas en la IV, V, RM y VI regi\u00f3n, pero es en la provincia de Aconcagua donde se concentra su mayor operaci\u00f3n. Es as\u00ed como en las distintas comunas del Valle cuenta con decenas de packing embaladoras y dos frigor\u00edficos, contribuyendo a dar cientos de trabajos en la zona. Es en uno de estos frigor\u00edficos donde se instal\u00f3 recientemente una m\u00e1quina embaladora de c\u00edtricos de \u00faltima generaci\u00f3n, la cual tambi\u00e9n ha contribuido a generar mayor empleo en la regi\u00f3n<\/em>\u00bb, coment\u00f3 a <strong>Diario El Trabajo<\/strong> el gerente de Exser, <strong>Tom\u00e1s Mart\u00ednez Giogia<\/strong>.<\/p>\n<p style=\"text-align: justify;\">&#8211; <strong>\u00bfC\u00f3mo ha sido la relaci\u00f3n de Exser con el Valle de Aconcagua?<\/strong><\/p>\n<p style=\"text-align: justify;\">&#8211; Entendiendo la importancia de la continuidad productiva y laboral en la zona, Exser ha destinado todos sus esfuerzos para la seguridad laboral y de la comunidad ante la pandemia que ha golpeado duramente al mundo y nuestro pa\u00eds. Es as\u00ed como nuestra empresa en conjunto con los distintos municipios del Valle, hemos generado alianzas para higienizar los principales puntos de las ciudades e ir en ayuda de las comunidades aconcag\u00fcinas m\u00e1s golpeadas, eso en materia del tiempo presente.<\/p>\n<p style=\"text-align: justify;\">&#8211; <strong>\u00bfC\u00f3mo se form\u00f3 esta empresa agr\u00edcola?<\/strong><\/p>\n<p style=\"text-align: justify;\">&#8211; Yo entr\u00e9 cuando se form\u00f3 esta empresa en 1992, poco a poco fuimos contratando agricultores para exportar la fruta, de ah\u00ed parti\u00f3 nuestra empresa, uno de los socios era el due\u00f1o de Los Casta\u00f1os, donde ahora es Sodimac, ah\u00ed ten\u00edamos nuestras oficinas en aquel tiempo nosotros.<\/p>\n<p style=\"text-align: justify;\">&#8211; <strong>\u00bfAproximadamente a cu\u00e1ntas personas brinda trabajo Exser?<\/strong><\/p>\n<p style=\"text-align: justify;\">&#8211; Al menos en nuestra planta aqu\u00ed en Almendral, en el verano son como 350 empleados, y en el campo y la otra planta entre todo son m\u00e1s de 2.000 personas las que laboran en temporada con nuestra empresa.<\/p>\n<p style=\"text-align: justify;\">&#8211; <strong>\u00bfA qu\u00e9 pa\u00edses exporta Exser su fruta?<\/strong><\/p>\n<p style=\"text-align: justify;\">&#8211; A todo el mundo, principalmente a Estados Unidos. En Chile la mayor\u00eda de fruta se exporta a ese pa\u00eds, pero igual enviamos nuestros productos a medio Oriente, Europa y Asia.<\/p>\n<p style=\"text-align: justify;\">&#8211; <strong>Exser ser\u00e1 premiada este 1\u00ba de agosto, \u00bfqu\u00e9 opini\u00f3n le merece?<\/strong><\/p>\n<p style=\"text-align: justify;\">&#8211; Un reconocimiento muy bueno para nuestra empresa, es reconocer nuestro esfuerzo, adelantos y trayectoria para el progreso del valle, lo agradecemos mucho.<\/p>\n<p style=\"text-align: justify;\"><strong>Roberto Gonz\u00e1lez Short<\/strong><\/p>\n<figure id=\"attachment_101073\" aria-describedby=\"caption-attachment-101073\" style=\"width: 578px\" class=\"wp-caption aligncenter\"><img data-recalc-dims=\"1\" loading=\"lazy\" decoding=\"async\" class=\"size-full wp-image-101073\" src=\"https:\/\/i0.wp.com\/eltrabajo.cl\/portal\/wp-content\/uploads\/2020\/07\/Exser1.jpg?resize=578%2C250&#038;ssl=1\" alt=\"SIEMPRE EXSER.- Varios empleados administrativos de Exser San Felipe posaron este martes para las c\u00e1maras de Diario El Trabajo en su lugar de trabajo.\" width=\"578\" height=\"250\" srcset=\"https:\/\/i0.wp.com\/eltrabajo.cl\/portal\/wp-content\/uploads\/2020\/07\/Exser1.jpg?w=578&amp;ssl=1 578w, https:\/\/i0.wp.com\/eltrabajo.cl\/portal\/wp-content\/uploads\/2020\/07\/Exser1.jpg?resize=300%2C130&amp;ssl=1 300w, https:\/\/i0.wp.com\/eltrabajo.cl\/portal\/wp-content\/uploads\/2020\/07\/Exser1.jpg?resize=200%2C87&amp;ssl=1 200w\" sizes=\"auto, (max-width: 578px) 100vw, 578px\" \/><figcaption id=\"caption-attachment-101073\" class=\"wp-caption-text\">SIEMPRE EXSER.- Varios empleados administrativos de Exser San Felipe posaron este martes para las c\u00e1maras de Diario El Trabajo en su lugar de trabajo.<\/figcaption><\/figure>\n<figure id=\"attachment_101075\" aria-describedby=\"caption-attachment-101075\" style=\"width: 579px\" class=\"wp-caption aligncenter\"><img data-recalc-dims=\"1\" loading=\"lazy\" decoding=\"async\" class=\"size-full wp-image-101075\" src=\"https:\/\/i0.wp.com\/eltrabajo.cl\/portal\/wp-content\/uploads\/2020\/07\/Exser_Tomas-Martinez.jpg?resize=579%2C600&#038;ssl=1\" alt=\"Gerente de Exser, Tom\u00e1s Mart\u00ednez Giogia.\" width=\"579\" height=\"600\" srcset=\"https:\/\/i0.wp.com\/eltrabajo.cl\/portal\/wp-content\/uploads\/2020\/07\/Exser_Tomas-Martinez.jpg?w=579&amp;ssl=1 579w, https:\/\/i0.wp.com\/eltrabajo.cl\/portal\/wp-content\/uploads\/2020\/07\/Exser_Tomas-Martinez.jpg?resize=290%2C300&amp;ssl=1 290w, https:\/\/i0.wp.com\/eltrabajo.cl\/portal\/wp-content\/uploads\/2020\/07\/Exser_Tomas-Martinez.jpg?resize=145%2C150&amp;ssl=1 145w\" sizes=\"auto, (max-width: 579px) 100vw, 579px\" \/><figcaption id=\"caption-attachment-101075\" class=\"wp-caption-text\">Gerente de Exser, Tom\u00e1s Mart\u00ednez Giogia.<\/figcaption><\/figure>\n<figure id=\"attachment_101074\" aria-describedby=\"caption-attachment-101074\" style=\"width: 580px\" class=\"wp-caption aligncenter\"><img data-recalc-dims=\"1\" loading=\"lazy\" decoding=\"async\" class=\"size-full wp-image-101074\" src=\"https:\/\/i0.wp.com\/eltrabajo.cl\/portal\/wp-content\/uploads\/2020\/07\/Exser_Andres-Ureta.jpg?resize=580%2C598&#038;ssl=1\" alt=\"Andr\u00e9s Ureta, due\u00f1o y fundador de Exser San Felipe.\" width=\"580\" height=\"598\" srcset=\"https:\/\/i0.wp.com\/eltrabajo.cl\/portal\/wp-content\/uploads\/2020\/07\/Exser_Andres-Ureta.jpg?w=580&amp;ssl=1 580w, https:\/\/i0.wp.com\/eltrabajo.cl\/portal\/wp-content\/uploads\/2020\/07\/Exser_Andres-Ureta.jpg?resize=291%2C300&amp;ssl=1 291w, https:\/\/i0.wp.com\/eltrabajo.cl\/portal\/wp-content\/uploads\/2020\/07\/Exser_Andres-Ureta.jpg?resize=145%2C150&amp;ssl=1 145w\" sizes=\"auto, (max-width: 580px) 100vw, 580px\" \/><figcaption id=\"caption-attachment-101074\" class=\"wp-caption-text\">Andr\u00e9s Ureta, due\u00f1o y fundador de Exser San Felipe.<\/figcaption><\/figure>\n","protected":false},"excerpt":{"rendered":"<p>Exportadora brinda trabajo a m\u00e1s de 2.000 personas: Por m\u00e1s de 50 a\u00f1os el productor y exportador de frutas Andr\u00e9s Ureta Castro, ha mantenido una estrecha relaci\u00f3n con el Valle de Aconcagua&#8230;.<\/p>\n","protected":false},"author":482,"featured_media":101072,"comment_status":"closed","ping_status":"open","sticky":false,"template":"","format":"standard","meta":{"advanced_seo_description":"","jetpack_seo_html_title":"","jetpack_seo_noindex":false,"_jetpack_memberships_contains_paid_content":false,"footnotes":""},"categories":[15],"tags":[],"class_list":["post-101071","post","type-post","status-publish","format-standard","has-post-thumbnail","hentry","category-comunidad"],"jetpack_featured_media_url":"https:\/\/i0.wp.com\/eltrabajo.cl\/portal\/wp-content\/uploads\/2020\/07\/Exser1-copia.jpg?fit=580%2C360&ssl=1","jetpack_sharing_enabled":true,"jetpack_likes_enabled":true,"jetpack-related-posts":[],"_links":{"self":[{"href":"https:\/\/eltrabajo.cl\/portal\/wp-json\/wp\/v2\/posts\/101071","targetHints":{"allow":["GET"]}}],"collection":[{"href":"https:\/\/eltrabajo.cl\/portal\/wp-json\/wp\/v2\/posts"}],"about":[{"href":"https:\/\/eltrabajo.cl\/portal\/wp-json\/wp\/v2\/types\/post"}],"author":[{"embeddable":true,"href":"https:\/\/eltrabajo.cl\/portal\/wp-json\/wp\/v2\/users\/482"}],"replies":[{"embeddable":true,"href":"https:\/\/eltrabajo.cl\/portal\/wp-json\/wp\/v2\/comments?post=101071"}],"version-history":[{"count":0,"href":"https:\/\/eltrabajo.cl\/portal\/wp-json\/wp\/v2\/posts\/101071\/revisions"}],"wp:featuredmedia":[{"embeddable":true,"href":"https:\/\/eltrabajo.cl\/portal\/wp-json\/wp\/v2\/media\/101072"}],"wp:attachment":[{"href":"https:\/\/eltrabajo.cl\/portal\/wp-json\/wp\/v2\/media?parent=101071"}],"wp:term":[{"taxonomy":"category","embeddable":true,"href":"https:\/\/eltrabajo.cl\/portal\/wp-json\/wp\/v2\/categories?post=101071"},{"taxonomy":"post_tag","embeddable":true,"href":"https:\/\/eltrabajo.cl\/portal\/wp-json\/wp\/v2\/tags?post=101071"}],"curies":[{"name":"wp","href":"https:\/\/api.w.org\/{rel}","templated":true}]}}