{"id":101077,"date":"2020-07-29T07:45:00","date_gmt":"2020-07-29T11:45:00","guid":{"rendered":"https:\/\/www.eltrabajo.cl\/portal\/?p=101077"},"modified":"2020-07-28T21:29:45","modified_gmt":"2020-07-29T01:29:45","slug":"ciclo-de-conversaciones-de-hector-roco-tendra-hoy-un-invitado-de-lujo","status":"publish","type":"post","link":"https:\/\/eltrabajo.cl\/portal\/ciclo-de-conversaciones-de-hector-roco-tendra-hoy-un-invitado-de-lujo\/","title":{"rendered":"Ciclo de conversaciones de H\u00e9ctor Roco tendr\u00e1 hoy un invitado de lujo"},"content":{"rendered":"<p style=\"text-align: left;\"><span style=\"color: #c81400;\"><strong>El hist\u00f3rico Marcelo Barticciotto<\/strong><\/span><\/p>\n<p style=\"text-align: justify;\">La pandemia del Covid\u201319 y las restricciones asociadas para evitar contraer la maldita enfermedad, ha permitido que muchos profesionales del \u00e1rea del deporte hayan tenido que reinventarse.<\/p>\n<p style=\"text-align: justify;\">Ese es el caso del ex futbolista profesional y hoy entrenador, <strong>H\u00e9ctor Roco Lucero<\/strong>, quien junto a su hijo (<strong>H\u00e9ctor Roco Leiva<\/strong>), echaron a andar un proyecto que busca apoyar a los deportistas amateur del valle de Aconcagua.<\/p>\n<p style=\"text-align: justify;\">La iniciativa que se hace v\u00eda la plataforma Zoom ha resultado ser todo un \u00e9xito, ya que entrenadores y jugadores aficionados han podido conocer las experiencias de destacadas figuras del f\u00fatbol chileno, aparte de poder conversar con hombres de la talla de <strong>Fabi\u00e1n Estay<\/strong> o <strong>Fernando Astengo<\/strong>, el invitado del domingo pasado.<\/p>\n<p style=\"text-align: justify;\">Esta noche la visita ser\u00e1 el hist\u00f3rico <strong>Marcelo Barticciotto<\/strong>, lo que hace suponer que a partir de las ocho de la noche habr\u00e1 una gran cantidad de conectados, para conocer m\u00e1s a fondo a uno de los jugadores m\u00e1s importantes en la historia de Colo Colo, y que en la actualidad es uno de los hombres ancla de uno de los programas deportivos de radio m\u00e1s influyentes del pa\u00eds.<\/p>\n<p style=\"text-align: justify;\">Los interesados en asistir a esta conversaci\u00f3n virtual deben ponerse en contacto con H\u00e9ctor Roco Leiva, tel\u00e9fono de contacto: 9 5015 8452.<\/p>\n<p style=\"text-align: justify;\"><strong>Jorge Vega Oses<\/strong><\/p>\n<figure id=\"attachment_101078\" aria-describedby=\"caption-attachment-101078\" style=\"width: 580px\" class=\"wp-caption aligncenter\"><img data-recalc-dims=\"1\" loading=\"lazy\" decoding=\"async\" class=\"size-full wp-image-101078\" src=\"https:\/\/i0.wp.com\/eltrabajo.cl\/portal\/wp-content\/uploads\/2020\/07\/barti.jpg?resize=580%2C359&#038;ssl=1\" alt=\"Para esta noche el invitado ser\u00e1 Marcelo Pablo Barticciotto.\" width=\"580\" height=\"359\" srcset=\"https:\/\/i0.wp.com\/eltrabajo.cl\/portal\/wp-content\/uploads\/2020\/07\/barti.jpg?w=580&amp;ssl=1 580w, https:\/\/i0.wp.com\/eltrabajo.cl\/portal\/wp-content\/uploads\/2020\/07\/barti.jpg?resize=300%2C186&amp;ssl=1 300w, https:\/\/i0.wp.com\/eltrabajo.cl\/portal\/wp-content\/uploads\/2020\/07\/barti.jpg?resize=200%2C124&amp;ssl=1 200w\" sizes=\"auto, (max-width: 580px) 100vw, 580px\" \/><figcaption id=\"caption-attachment-101078\" class=\"wp-caption-text\">Para esta noche el invitado ser\u00e1 Marcelo Pablo Barticciotto.<\/figcaption><\/figure>\n<figure id=\"attachment_101079\" aria-describedby=\"caption-attachment-101079\" style=\"width: 580px\" class=\"wp-caption aligncenter\"><img data-recalc-dims=\"1\" loading=\"lazy\" decoding=\"async\" class=\"size-full wp-image-101079\" src=\"https:\/\/i0.wp.com\/eltrabajo.cl\/portal\/wp-content\/uploads\/2020\/07\/charla-con-astengo.jpg?resize=580%2C359&#038;ssl=1\" alt=\"En la \u00faltima cita se convers\u00f3 con el ex seleccionado chileno Fernando Astengo.\" width=\"580\" height=\"359\" srcset=\"https:\/\/i0.wp.com\/eltrabajo.cl\/portal\/wp-content\/uploads\/2020\/07\/charla-con-astengo.jpg?w=580&amp;ssl=1 580w, https:\/\/i0.wp.com\/eltrabajo.cl\/portal\/wp-content\/uploads\/2020\/07\/charla-con-astengo.jpg?resize=300%2C186&amp;ssl=1 300w, https:\/\/i0.wp.com\/eltrabajo.cl\/portal\/wp-content\/uploads\/2020\/07\/charla-con-astengo.jpg?resize=200%2C124&amp;ssl=1 200w\" sizes=\"auto, (max-width: 580px) 100vw, 580px\" \/><figcaption id=\"caption-attachment-101079\" class=\"wp-caption-text\">En la \u00faltima cita se convers\u00f3 con el ex seleccionado chileno Fernando Astengo.<\/figcaption><\/figure>\n","protected":false},"excerpt":{"rendered":"<p>El hist\u00f3rico Marcelo Barticciotto La pandemia del Covid\u201319 y las restricciones asociadas para evitar contraer la maldita enfermedad, ha permitido que muchos profesionales del \u00e1rea del deporte hayan tenido que reinventarse. Ese&#8230;<\/p>\n","protected":false},"author":482,"featured_media":101078,"comment_status":"closed","ping_status":"open","sticky":false,"template":"","format":"standard","meta":{"advanced_seo_description":"","jetpack_seo_html_title":"","jetpack_seo_noindex":false,"_jetpack_memberships_contains_paid_content":false,"footnotes":""},"categories":[105,19],"tags":[],"class_list":["post-101077","post","type-post","status-publish","format-standard","has-post-thumbnail","hentry","category-covid-19","category-deportes"],"jetpack_featured_media_url":"https:\/\/i0.wp.com\/eltrabajo.cl\/portal\/wp-content\/uploads\/2020\/07\/barti.jpg?fit=580%2C359&ssl=1","jetpack_sharing_enabled":true,"jetpack_likes_enabled":true,"jetpack-related-posts":[],"_links":{"self":[{"href":"https:\/\/eltrabajo.cl\/portal\/wp-json\/wp\/v2\/posts\/101077","targetHints":{"allow":["GET"]}}],"collection":[{"href":"https:\/\/eltrabajo.cl\/portal\/wp-json\/wp\/v2\/posts"}],"about":[{"href":"https:\/\/eltrabajo.cl\/portal\/wp-json\/wp\/v2\/types\/post"}],"author":[{"embeddable":true,"href":"https:\/\/eltrabajo.cl\/portal\/wp-json\/wp\/v2\/users\/482"}],"replies":[{"embeddable":true,"href":"https:\/\/eltrabajo.cl\/portal\/wp-json\/wp\/v2\/comments?post=101077"}],"version-history":[{"count":0,"href":"https:\/\/eltrabajo.cl\/portal\/wp-json\/wp\/v2\/posts\/101077\/revisions"}],"wp:featuredmedia":[{"embeddable":true,"href":"https:\/\/eltrabajo.cl\/portal\/wp-json\/wp\/v2\/media\/101078"}],"wp:attachment":[{"href":"https:\/\/eltrabajo.cl\/portal\/wp-json\/wp\/v2\/media?parent=101077"}],"wp:term":[{"taxonomy":"category","embeddable":true,"href":"https:\/\/eltrabajo.cl\/portal\/wp-json\/wp\/v2\/categories?post=101077"},{"taxonomy":"post_tag","embeddable":true,"href":"https:\/\/eltrabajo.cl\/portal\/wp-json\/wp\/v2\/tags?post=101077"}],"curies":[{"name":"wp","href":"https:\/\/api.w.org\/{rel}","templated":true}]}}