{"id":101085,"date":"2020-07-29T07:55:27","date_gmt":"2020-07-29T11:55:27","guid":{"rendered":"https:\/\/www.eltrabajo.cl\/portal\/?p=101085"},"modified":"2020-07-28T21:36:00","modified_gmt":"2020-07-29T01:36:00","slug":"minero-detenido-por-carabineros-asegura-que-fueron-militares-quienes-lo-agredieron","status":"publish","type":"post","link":"https:\/\/eltrabajo.cl\/portal\/minero-detenido-por-carabineros-asegura-que-fueron-militares-quienes-lo-agredieron\/","title":{"rendered":"Minero detenido por Carabineros asegura\u00a0que fueron militares quienes lo agredieron"},"content":{"rendered":"<p style=\"text-align: justify;\">Luego que la ma\u00f1ana de este lunes en el sector de El Almendral, un ciudadano de 40 a\u00f1os de edad fuera primeramente retenido por militares y posteriormente detenido por personal de Carabineros, acusado de haber intentado agredir a un funcionario del Ej\u00e9rcito en el momento de ser fiscalizado, y despu\u00e9s tambi\u00e9n que lo dejaran en libertad la tarde de este martes, el mismo vecino quien se identific\u00f3 como <strong>Cristian Barraza<\/strong>, visit\u00f3 nuestra Sala de Redacci\u00f3n para solicitar el derecho a dar su versi\u00f3n de los hechos relatados en la edici\u00f3n de este martes por el coronel <strong>Patricio Ochoa<\/strong>, delegado de la Defensa Nacional, quien afirm\u00f3 en primera instancia que este vecino fue quien habr\u00eda agredido a los militares con tal de lograr evadir el control de cuarentena que estuvo ubicado a un costado de la Iglesia San Antonio de Padua, en El Almendral.<\/p>\n<p style=\"text-align: justify;\">\n<p style=\"text-align: justify;\"><span style=\"color: #c81400;\"><strong>VERSI\u00d3N DEL DETENIDO<\/strong><\/span><\/p>\n<p style=\"text-align: justify;\">Seg\u00fan la versi\u00f3n que nos brind\u00f3 <strong>Cristian Barraza<\/strong>, las cosas no ocurrieron como dicen las autoridades, pues \u00e9l hab\u00eda sacado su Permiso de Salida a la comunidad a trav\u00e9s de la Comisar\u00eda Virtual, lo que se contradice con su supuesta acci\u00f3n de evadir un control.<\/p>\n<p style=\"text-align: justify;\">&#8211; <strong>\u00bfQu\u00e9 es lo que pas\u00f3 en ese punto de control la ma\u00f1ana de este lunes?<\/strong><\/p>\n<p style=\"text-align: justify;\">&#8211; Sal\u00ed de mi casa temprano para comprar la comida para el perro y los alimentos de mi madre que est\u00e1 enferma y es adulta mayor, para que ella no se expusiera al tema del Coronavirus, pues yo tengo que salir este mi\u00e9rcoles (hoy) a trabajar a la minera Spence antes de llegar a Calama. Resulta que saqu\u00e9 mi Permiso correspondiente, pas\u00e9 por el Paso de Cebra, no me pidieron ni control ni nada, entonces yo segu\u00ed caminando en direcci\u00f3n a San Felipe para hacer mis compras.<\/p>\n<p style=\"text-align: justify;\">&#8211; <strong>\u00bfC\u00f3mo es que se da la situaci\u00f3n con los militares?<\/strong><\/p>\n<p style=\"text-align: justify;\">&#8211; Cuando yo llevaba caminados ya dos postes despu\u00e9s del ret\u00e9n o\u00ed unos silbidos, pucha yo dije si ser\u00e1 a m\u00ed estar\u00e1n leseando el tema es que no asoci\u00e9 esos silbidos a mi persona. Siento que alguien viene corriendo detr\u00e1s de m\u00ed pero volv\u00ed a ver.<\/p>\n<p style=\"text-align: justify;\">En eso uno de los militares, el m\u00e1s joven, me toma desde mi mochila y me empuja contra el pavimento arrastr\u00e1ndome como metro y medio por el suelo, cuando trat\u00e9 de pararme \u00e9l se me tir\u00f3 encima para golpearme, ah\u00ed me dijo: <strong>\u2018We\u00f3n te quer\u00eds pasar el control, \u00bfno sent\u00eds que te estamos silbando?\u2019<\/strong>, a\u00fan en el suelo yo le dije <strong>\u2018pero si tengo permiso y tampoco cre\u00ed que esos silbidos eran para m\u00ed, yo traigo mi permiso\u2019<\/strong> le dije. Lleg\u00f3 su compa\u00f1ero, el otro militar y me pegaban con pu\u00f1os en mi est\u00f3mago y en mis m\u00fasculos de mis piernas y brazos, me pusieron las bota en mi mano por eso la tengo da\u00f1ada, porque me puso la pierna encima y me aplast\u00f3 la mano contra el piso. El otro militar que lleg\u00f3 de segundo salt\u00f3 y me puso su rodilla en mi espalda con toda su fuerza, tiene mucha fuerza, de ah\u00ed me pusieron la pata en la cabeza mientras le ped\u00eda yo que acaran su pata de mi cabeza que me duele. Mientras todo esto pasaba yo gritaba siempre <strong>\u2018tengo permiso tengo permiso\u2019<\/strong>.<\/p>\n<p style=\"text-align: justify;\">&#8211; <strong>\u00bfQu\u00e9 hizo el carabinero que estaba en ese ret\u00e9n ante tal agresi\u00f3n?<\/strong><\/p>\n<p style=\"text-align: justify;\">&#8211; El carabinero lleg\u00f3 y dijo a los militares: <strong>\u2018A \u00e9l su\u00e9ltenlo acaba de decir que tiene permiso, pregunt\u00e9mosle primero, su\u00e9ltenlo por favor\u2019<\/strong>. Los j\u00f3venes militares me soltaron entonces y yo saqu\u00e9 de mi bolsillo mi Permiso y se lo presento al carabinero. En ese momento el carabinero le dice al soldado m\u00e1s joven: <strong>\u2018La cagaste \u00e9l tiene permiso \u00bfpor qu\u00e9 no le pediste el Permiso antes por qu\u00e9 no le pediste primero el Permiso?\u2019<\/strong>, entonces el militar respondi\u00f3 <strong>\u2018es que yo no sab\u00eda\u2019<\/strong>, ah\u00ed se empezaron a contradecir entre ellos.<\/p>\n<p style=\"text-align: justify;\">&#8211; <strong>\u00bfQu\u00e9 pas\u00f3 entonces y por qu\u00e9 te detuvieron al final?<\/strong><\/p>\n<p style=\"text-align: justify;\">&#8211; El carabinero me dijo <strong>\u2018d\u00e9jame llamar a mi superior\u2019<\/strong>, acto siguiente este carabinero llam\u00f3 a su superior, mientras tanto yo asustado garabati\u00e9 al joven militar que me golpe\u00f3 de primero, a pesar que ambos me golpearon, luego de varias llamadas a sus superiores, el carabinero pidi\u00f3 al militar m\u00e1s joven que se retirara del lugar, \u00e9ste arranc\u00f3 y se fue a esconder detr\u00e1s de un auto a un lado del ret\u00e9n, lo sacaron de escena. El tema es que cuando yo iba llegando al Control saqu\u00e9 mi celular y me puse a grabar, ya ellos, los tres, se hab\u00edan puesto de acuerdo y me dijeron: <strong>\u2018Flaco, la cagaste, ahora somos tres contra uno y est\u00e1s cagado, somos tres contra uno y vos sois civil todo el poder de la ley a favor, as\u00ed que no m\u00e1s cagaste flaco no podemos hacer nada\u2019<\/strong>, me dijo el carabinero. Este carabinero no particip\u00f3 en ninguna agresi\u00f3n contra mi persona, saqu\u00e9 mi celular y empec\u00e9 a grabar la situaci\u00f3n, y al llegar al Control ah\u00ed me detuvieron, logr\u00e9 grabar a los dos militares, ah\u00ed s\u00ed me golpe\u00f3 el carabinero y s\u00ed me golpe\u00f3 para quitarme el celular.<\/p>\n<p style=\"text-align: justify;\"><strong>Roberto Gonz\u00e1lez Short<\/strong><\/p>\n<figure id=\"attachment_101086\" aria-describedby=\"caption-attachment-101086\" style=\"width: 580px\" class=\"wp-caption aligncenter\"><img data-recalc-dims=\"1\" loading=\"lazy\" decoding=\"async\" class=\"size-full wp-image-101086\" src=\"https:\/\/i0.wp.com\/eltrabajo.cl\/portal\/wp-content\/uploads\/2020\/07\/Golpiza1.jpg?resize=580%2C358&#038;ssl=1\" alt=\"SERIA DENUNCIA.- El vecino Cristian Barraza nos muestra sus manos afectadas, \u00e9l asegura que dos militares le causaron este da\u00f1o.\" width=\"580\" height=\"358\" srcset=\"https:\/\/i0.wp.com\/eltrabajo.cl\/portal\/wp-content\/uploads\/2020\/07\/Golpiza1.jpg?w=580&amp;ssl=1 580w, https:\/\/i0.wp.com\/eltrabajo.cl\/portal\/wp-content\/uploads\/2020\/07\/Golpiza1.jpg?resize=300%2C185&amp;ssl=1 300w, https:\/\/i0.wp.com\/eltrabajo.cl\/portal\/wp-content\/uploads\/2020\/07\/Golpiza1.jpg?resize=200%2C123&amp;ssl=1 200w\" sizes=\"auto, (max-width: 580px) 100vw, 580px\" \/><figcaption id=\"caption-attachment-101086\" class=\"wp-caption-text\">SERIA DENUNCIA.- El vecino Cristian Barraza nos muestra sus manos afectadas, \u00e9l asegura que dos militares le causaron este da\u00f1o.<\/figcaption><\/figure>\n<figure id=\"attachment_101087\" aria-describedby=\"caption-attachment-101087\" style=\"width: 580px\" class=\"wp-caption aligncenter\"><img data-recalc-dims=\"1\" loading=\"lazy\" decoding=\"async\" class=\"size-full wp-image-101087\" src=\"https:\/\/i0.wp.com\/eltrabajo.cl\/portal\/wp-content\/uploads\/2020\/07\/Golpiza2.jpg?resize=580%2C358&#038;ssl=1\" alt=\"RODILLAS TAMBI\u00c9N.- Las rodillas del vecino, seg\u00fan el mismo denunciante, tambi\u00e9n est\u00e1n muy golpeadas.\" width=\"580\" height=\"358\" srcset=\"https:\/\/i0.wp.com\/eltrabajo.cl\/portal\/wp-content\/uploads\/2020\/07\/Golpiza2.jpg?w=580&amp;ssl=1 580w, https:\/\/i0.wp.com\/eltrabajo.cl\/portal\/wp-content\/uploads\/2020\/07\/Golpiza2.jpg?resize=300%2C185&amp;ssl=1 300w, https:\/\/i0.wp.com\/eltrabajo.cl\/portal\/wp-content\/uploads\/2020\/07\/Golpiza2.jpg?resize=200%2C123&amp;ssl=1 200w\" sizes=\"auto, (max-width: 580px) 100vw, 580px\" \/><figcaption id=\"caption-attachment-101087\" class=\"wp-caption-text\">RODILLAS TAMBI\u00c9N.- Las rodillas del vecino, seg\u00fan el mismo denunciante, tambi\u00e9n est\u00e1n muy golpeadas.<\/figcaption><\/figure>\n<figure id=\"attachment_101088\" aria-describedby=\"caption-attachment-101088\" style=\"width: 580px\" class=\"wp-caption aligncenter\"><img data-recalc-dims=\"1\" loading=\"lazy\" decoding=\"async\" class=\"size-full wp-image-101088\" src=\"https:\/\/i0.wp.com\/eltrabajo.cl\/portal\/wp-content\/uploads\/2020\/07\/Golpiza_Cristian-Barraza.jpg?resize=580%2C600&#038;ssl=1\" alt=\"Cristian Barraza, minero sanfelipe\u00f1o que asegura haber recibido una golpiza por parte de dos militares.\" width=\"580\" height=\"600\" srcset=\"https:\/\/i0.wp.com\/eltrabajo.cl\/portal\/wp-content\/uploads\/2020\/07\/Golpiza_Cristian-Barraza.jpg?w=580&amp;ssl=1 580w, https:\/\/i0.wp.com\/eltrabajo.cl\/portal\/wp-content\/uploads\/2020\/07\/Golpiza_Cristian-Barraza.jpg?resize=290%2C300&amp;ssl=1 290w, https:\/\/i0.wp.com\/eltrabajo.cl\/portal\/wp-content\/uploads\/2020\/07\/Golpiza_Cristian-Barraza.jpg?resize=145%2C150&amp;ssl=1 145w\" sizes=\"auto, (max-width: 580px) 100vw, 580px\" \/><figcaption id=\"caption-attachment-101088\" class=\"wp-caption-text\">Cristian Barraza, minero sanfelipe\u00f1o que asegura haber recibido una golpiza por parte de dos militares.<\/figcaption><\/figure>\n","protected":false},"excerpt":{"rendered":"<p>Luego que la ma\u00f1ana de este lunes en el sector de El Almendral, un ciudadano de 40 a\u00f1os de edad fuera primeramente retenido por militares y posteriormente detenido por personal de Carabineros,&#8230;<\/p>\n","protected":false},"author":482,"featured_media":101086,"comment_status":"closed","ping_status":"open","sticky":false,"template":"","format":"standard","meta":{"advanced_seo_description":"","jetpack_seo_html_title":"","jetpack_seo_noindex":false,"_jetpack_memberships_contains_paid_content":false,"footnotes":""},"categories":[15,105],"tags":[],"class_list":["post-101085","post","type-post","status-publish","format-standard","has-post-thumbnail","hentry","category-comunidad","category-covid-19"],"jetpack_featured_media_url":"https:\/\/i0.wp.com\/eltrabajo.cl\/portal\/wp-content\/uploads\/2020\/07\/Golpiza1.jpg?fit=580%2C358&ssl=1","jetpack_sharing_enabled":true,"jetpack_likes_enabled":true,"jetpack-related-posts":[],"_links":{"self":[{"href":"https:\/\/eltrabajo.cl\/portal\/wp-json\/wp\/v2\/posts\/101085","targetHints":{"allow":["GET"]}}],"collection":[{"href":"https:\/\/eltrabajo.cl\/portal\/wp-json\/wp\/v2\/posts"}],"about":[{"href":"https:\/\/eltrabajo.cl\/portal\/wp-json\/wp\/v2\/types\/post"}],"author":[{"embeddable":true,"href":"https:\/\/eltrabajo.cl\/portal\/wp-json\/wp\/v2\/users\/482"}],"replies":[{"embeddable":true,"href":"https:\/\/eltrabajo.cl\/portal\/wp-json\/wp\/v2\/comments?post=101085"}],"version-history":[{"count":0,"href":"https:\/\/eltrabajo.cl\/portal\/wp-json\/wp\/v2\/posts\/101085\/revisions"}],"wp:featuredmedia":[{"embeddable":true,"href":"https:\/\/eltrabajo.cl\/portal\/wp-json\/wp\/v2\/media\/101086"}],"wp:attachment":[{"href":"https:\/\/eltrabajo.cl\/portal\/wp-json\/wp\/v2\/media?parent=101085"}],"wp:term":[{"taxonomy":"category","embeddable":true,"href":"https:\/\/eltrabajo.cl\/portal\/wp-json\/wp\/v2\/categories?post=101085"},{"taxonomy":"post_tag","embeddable":true,"href":"https:\/\/eltrabajo.cl\/portal\/wp-json\/wp\/v2\/tags?post=101085"}],"curies":[{"name":"wp","href":"https:\/\/api.w.org\/{rel}","templated":true}]}}