{"id":101090,"date":"2020-07-29T08:00:30","date_gmt":"2020-07-29T12:00:30","guid":{"rendered":"https:\/\/www.eltrabajo.cl\/portal\/?p=101090"},"modified":"2020-07-28T21:41:21","modified_gmt":"2020-07-29T01:41:21","slug":"persona-en-situacion-de-calle-muere-aplastado-por-las-ruedas-de-una-rampla","status":"publish","type":"post","link":"https:\/\/eltrabajo.cl\/portal\/persona-en-situacion-de-calle-muere-aplastado-por-las-ruedas-de-una-rampla\/","title":{"rendered":"Persona en situaci\u00f3n de calle muere aplastado por las ruedas de una rampla"},"content":{"rendered":"<p style=\"text-align: justify;\">Una persona en situaci\u00f3n de calle sufri\u00f3 una dram\u00e1tica muerte muerte al perder el equilibrio y caer a la calzada en Avenida Chacabuco, siendo aplastado por la rampla de un cami\u00f3n que iba pasando en esos momentos por el lugar.<\/p>\n<p style=\"text-align: justify;\">La v\u00edctima fatal fue identificada como <strong>Manuel Eduardo Amigo Isla<\/strong>, de 43 a\u00f1os de edad, apodado <strong>\u2018El Islita\u2019<\/strong>, quien habr\u00eda fallecido pr\u00e1cticamente en forma instant\u00e1nea en el mismo lugar del fatal accidente que se registr\u00f3 este martes cerca de las dos de la tarde en el costado sur de la Avenida Chacabuco, a metros de calle Coimas en San Felipe.<\/p>\n<p style=\"text-align: justify;\">Seg\u00fan se pudo conocer, Manuel Eduardo Amigo Isla, oriundo del sur del pa\u00eds, estaba hospedado en el albergue municipal ubicado en calle Toromazote, de donde habr\u00eda salido la ma\u00f1ana de ayer con el objetivo de <strong>\u00abtomar solsito\u00bb<\/strong>, sin siquiera imaginar el abrupto final que le deparaba el destino.<\/p>\n<p style=\"text-align: justify;\">\n<p style=\"text-align: justify;\"><span style=\"color: #c81400;\"><strong>CONMOCIONADA<\/strong><\/span><\/p>\n<p style=\"text-align: justify;\">Una testigo que vende limones en el lugar nos relat\u00f3 muy choqueada y emocionada, c\u00f3mo sucedieron los hechos.<\/p>\n<p style=\"text-align: justify;\">Seg\u00fan nos relat\u00f3,\u00a0 ella estaba vendiendo limones <em>\u00aby \u00e9l (la v\u00edctima) se puso a pedir plata y yo le dije que se fuera porque estaba muy curadito, se le estaba yendo el cuerpo. Pasaron varios autos, casi lo atropellaron, le dije lo van a matar: \u2018quiero morirme\u2019, me dec\u00eda v\u00e1yase\u2026 Me enoj\u00e9 con \u00e9l para que se fuera y no me hizo caso. Pas\u00f3 el cami\u00f3n, pas\u00f3 la primera rampla y (cuando pasaba) la segunda rampla, en vez de caer a mis limones, como que iba a caer arriba de los limones m\u00edos, y de ah\u00ed se fue a la segunda rampla\u2026 debajo, ah\u00ed revent\u00f3 y yo no\u2026\u00bb. <\/em>La mujer se emociona, su voz se quiebra y ya no puede seguir hablando.<\/p>\n<p style=\"text-align: justify;\">La testigo nos dijo que lo ubicaba de vista nada m\u00e1s, porque llegaba ah\u00ed al bandejon central de la alameda Chacabuco.<\/p>\n<p style=\"text-align: justify;\">Llam\u00f3 la atenci\u00f3n que junto al cuerpo permanec\u00edan un par de perros, acostados esperando que su amo tal vez despertara o bien despidi\u00e9ndolo<\/p>\n<p style=\"text-align: justify;\">Al lugar lleg\u00f3 personal del SAMU que efectu\u00f3 las primeras maniobras de reanimaci\u00f3n, las que finalmente resultaron en vano porque la persona falleci\u00f3 en el mismo lugar.<\/p>\n<p style=\"text-align: justify;\">Tambi\u00e9n se hizo presente personal de Carabineros de la Segunda Comisar\u00eda quienes adoptaron el procedimiento de rigor.<\/p>\n<p style=\"text-align: justify;\">El conductor fue detenido y durante el procedimiento permanec\u00eda al interior del veh\u00edculo policial.<\/p>\n<p style=\"text-align: justify;\">Personal policial debi\u00f3 regular el tr\u00e1nsito porque el cami\u00f3n qued\u00f3 detenido al centro de la calzada, impidiendo el normal flujo vehicular.<\/p>\n<p style=\"text-align: justify;\">Pasados unos minutos llegaron algunas personas que hablaron con Carabineros para informarles la identidad de la v\u00edctima, ya que hasta ese momento permanec\u00eda sin poder ser identificado.<\/p>\n<p style=\"text-align: justify;\">El cami\u00f3n corresponde a uno color amarillo, marca DAF, patente HYZV-43 de la empresa de Transportes Godoy.<\/p>\n<p style=\"text-align: justify;\">Se\u00f1alar que al lugar del accidente llegaron familiares del conductor del cami\u00f3n muy choqueados por todo lo que hab\u00eda sucedido.<\/p>\n<p style=\"text-align: justify;\">Cabe destacar que Manuel Amigo Isla era oriundo del sur y al cierre de la presente edici\u00f3n ya se hab\u00eda informado a sus familiares para los ritos f\u00fanebres de rigor.<\/p>\n<figure id=\"attachment_101092\" aria-describedby=\"caption-attachment-101092\" style=\"width: 580px\" class=\"wp-caption aligncenter\"><img data-recalc-dims=\"1\" loading=\"lazy\" decoding=\"async\" class=\"size-full wp-image-101092\" src=\"https:\/\/i0.wp.com\/eltrabajo.cl\/portal\/wp-content\/uploads\/2020\/07\/tragedia-1.jpg?resize=580%2C360&#038;ssl=1\" alt=\"Personal del SAMU efectuando maniobras de reanimaci\u00f3n, mientras son observados por sus dos perros. Aclarar que la persona al costado derecho es alguien que lleg\u00f3 al lugar y que, afectado por lo sucedido y por la ingesta de alcohol, provoc\u00f3 alg\u00fan grado de desorden hasta que fue golpeado por un transe\u00fante y qued\u00f3 finalmente tendido a un lado del fallecido.\" width=\"580\" height=\"360\" srcset=\"https:\/\/i0.wp.com\/eltrabajo.cl\/portal\/wp-content\/uploads\/2020\/07\/tragedia-1.jpg?w=580&amp;ssl=1 580w, https:\/\/i0.wp.com\/eltrabajo.cl\/portal\/wp-content\/uploads\/2020\/07\/tragedia-1.jpg?resize=300%2C186&amp;ssl=1 300w, https:\/\/i0.wp.com\/eltrabajo.cl\/portal\/wp-content\/uploads\/2020\/07\/tragedia-1.jpg?resize=200%2C124&amp;ssl=1 200w\" sizes=\"auto, (max-width: 580px) 100vw, 580px\" \/><figcaption id=\"caption-attachment-101092\" class=\"wp-caption-text\">Personal del SAMU efectuando maniobras de reanimaci\u00f3n, mientras son observados por sus dos perros. Aclarar que la persona al costado derecho es alguien que lleg\u00f3 al lugar y que, afectado por lo sucedido y por la ingesta de alcohol, provoc\u00f3 alg\u00fan grado de desorden hasta que fue golpeado por un transe\u00fante y qued\u00f3 finalmente tendido a un lado del fallecido.<\/figcaption><\/figure>\n<figure id=\"attachment_101096\" aria-describedby=\"caption-attachment-101096\" style=\"width: 580px\" class=\"wp-caption aligncenter\"><img data-recalc-dims=\"1\" loading=\"lazy\" decoding=\"async\" class=\"size-full wp-image-101096\" src=\"https:\/\/i0.wp.com\/eltrabajo.cl\/portal\/wp-content\/uploads\/2020\/07\/tragedia-Perritoo.jpg?resize=580%2C359&#038;ssl=1\" alt=\"Una imagen vale m\u00e1s que mil palabras, ac\u00e1 se puede ver a uno de sus perritos echado frente al cuerpo de su amo.\" width=\"580\" height=\"359\" srcset=\"https:\/\/i0.wp.com\/eltrabajo.cl\/portal\/wp-content\/uploads\/2020\/07\/tragedia-Perritoo.jpg?w=580&amp;ssl=1 580w, https:\/\/i0.wp.com\/eltrabajo.cl\/portal\/wp-content\/uploads\/2020\/07\/tragedia-Perritoo.jpg?resize=300%2C186&amp;ssl=1 300w, https:\/\/i0.wp.com\/eltrabajo.cl\/portal\/wp-content\/uploads\/2020\/07\/tragedia-Perritoo.jpg?resize=200%2C124&amp;ssl=1 200w\" sizes=\"auto, (max-width: 580px) 100vw, 580px\" \/><figcaption id=\"caption-attachment-101096\" class=\"wp-caption-text\">Una imagen vale m\u00e1s que mil palabras, ac\u00e1 se puede ver a uno de sus perritos echado frente al cuerpo de su amo.<\/figcaption><\/figure>\n<figure id=\"attachment_101093\" aria-describedby=\"caption-attachment-101093\" style=\"width: 580px\" class=\"wp-caption aligncenter\"><img data-recalc-dims=\"1\" loading=\"lazy\" decoding=\"async\" class=\"size-full wp-image-101093\" src=\"https:\/\/i0.wp.com\/eltrabajo.cl\/portal\/wp-content\/uploads\/2020\/07\/tragedia-2.jpg?resize=580%2C358&#038;ssl=1\" alt=\"El cuerpo yace cubierto por una lona color azul.\" width=\"580\" height=\"358\" srcset=\"https:\/\/i0.wp.com\/eltrabajo.cl\/portal\/wp-content\/uploads\/2020\/07\/tragedia-2.jpg?w=580&amp;ssl=1 580w, https:\/\/i0.wp.com\/eltrabajo.cl\/portal\/wp-content\/uploads\/2020\/07\/tragedia-2.jpg?resize=300%2C185&amp;ssl=1 300w, https:\/\/i0.wp.com\/eltrabajo.cl\/portal\/wp-content\/uploads\/2020\/07\/tragedia-2.jpg?resize=200%2C123&amp;ssl=1 200w\" sizes=\"auto, (max-width: 580px) 100vw, 580px\" \/><figcaption id=\"caption-attachment-101093\" class=\"wp-caption-text\">El cuerpo yace cubierto por una lona color azul.<\/figcaption><\/figure>\n<figure id=\"attachment_101094\" aria-describedby=\"caption-attachment-101094\" style=\"width: 580px\" class=\"wp-caption aligncenter\"><img data-recalc-dims=\"1\" loading=\"lazy\" decoding=\"async\" class=\"size-full wp-image-101094\" src=\"https:\/\/i0.wp.com\/eltrabajo.cl\/portal\/wp-content\/uploads\/2020\/07\/tragedia-3.jpg?resize=580%2C360&#038;ssl=1\" alt=\"El cami\u00f3n detenido para que Carabineros adopte el procedimiento de rigor.\" width=\"580\" height=\"360\" srcset=\"https:\/\/i0.wp.com\/eltrabajo.cl\/portal\/wp-content\/uploads\/2020\/07\/tragedia-3.jpg?w=580&amp;ssl=1 580w, https:\/\/i0.wp.com\/eltrabajo.cl\/portal\/wp-content\/uploads\/2020\/07\/tragedia-3.jpg?resize=300%2C186&amp;ssl=1 300w, https:\/\/i0.wp.com\/eltrabajo.cl\/portal\/wp-content\/uploads\/2020\/07\/tragedia-3.jpg?resize=200%2C124&amp;ssl=1 200w\" sizes=\"auto, (max-width: 580px) 100vw, 580px\" \/><figcaption id=\"caption-attachment-101094\" class=\"wp-caption-text\">El cami\u00f3n detenido para que Carabineros adopte el procedimiento de rigor.<\/figcaption><\/figure>\n<figure id=\"attachment_101095\" aria-describedby=\"caption-attachment-101095\" style=\"width: 580px\" class=\"wp-caption aligncenter\"><img data-recalc-dims=\"1\" loading=\"lazy\" decoding=\"async\" class=\"size-full wp-image-101095\" src=\"https:\/\/i0.wp.com\/eltrabajo.cl\/portal\/wp-content\/uploads\/2020\/07\/tragedia-manuel-eduardo-amigo-isla.jpg?resize=580%2C598&#038;ssl=1\" alt=\"Manuel Eduardo Amigo Isla, de 43 a\u00f1os de edad, apodado \u2018El Islita\u2019.\" width=\"580\" height=\"598\" srcset=\"https:\/\/i0.wp.com\/eltrabajo.cl\/portal\/wp-content\/uploads\/2020\/07\/tragedia-manuel-eduardo-amigo-isla.jpg?w=580&amp;ssl=1 580w, https:\/\/i0.wp.com\/eltrabajo.cl\/portal\/wp-content\/uploads\/2020\/07\/tragedia-manuel-eduardo-amigo-isla.jpg?resize=291%2C300&amp;ssl=1 291w, https:\/\/i0.wp.com\/eltrabajo.cl\/portal\/wp-content\/uploads\/2020\/07\/tragedia-manuel-eduardo-amigo-isla.jpg?resize=145%2C150&amp;ssl=1 145w\" sizes=\"auto, (max-width: 580px) 100vw, 580px\" \/><figcaption id=\"caption-attachment-101095\" class=\"wp-caption-text\">Manuel Eduardo Amigo Isla, de 43 a\u00f1os de edad, apodado \u2018El Islita\u2019.<\/figcaption><\/figure>\n","protected":false},"excerpt":{"rendered":"<p>Una persona en situaci\u00f3n de calle sufri\u00f3 una dram\u00e1tica muerte muerte al perder el equilibrio y caer a la calzada en Avenida Chacabuco, siendo aplastado por la rampla de un cami\u00f3n que&#8230;<\/p>\n","protected":false},"author":482,"featured_media":101091,"comment_status":"closed","ping_status":"open","sticky":false,"template":"","format":"standard","meta":{"advanced_seo_description":"","jetpack_seo_html_title":"","jetpack_seo_noindex":false,"_jetpack_memberships_contains_paid_content":false,"footnotes":""},"categories":[21],"tags":[],"class_list":["post-101090","post","type-post","status-publish","format-standard","has-post-thumbnail","hentry","category-policial"],"jetpack_featured_media_url":"https:\/\/i0.wp.com\/eltrabajo.cl\/portal\/wp-content\/uploads\/2020\/07\/tragedia-1-portada.jpg?fit=580%2C359&ssl=1","jetpack_sharing_enabled":true,"jetpack_likes_enabled":true,"jetpack-related-posts":[],"_links":{"self":[{"href":"https:\/\/eltrabajo.cl\/portal\/wp-json\/wp\/v2\/posts\/101090","targetHints":{"allow":["GET"]}}],"collection":[{"href":"https:\/\/eltrabajo.cl\/portal\/wp-json\/wp\/v2\/posts"}],"about":[{"href":"https:\/\/eltrabajo.cl\/portal\/wp-json\/wp\/v2\/types\/post"}],"author":[{"embeddable":true,"href":"https:\/\/eltrabajo.cl\/portal\/wp-json\/wp\/v2\/users\/482"}],"replies":[{"embeddable":true,"href":"https:\/\/eltrabajo.cl\/portal\/wp-json\/wp\/v2\/comments?post=101090"}],"version-history":[{"count":0,"href":"https:\/\/eltrabajo.cl\/portal\/wp-json\/wp\/v2\/posts\/101090\/revisions"}],"wp:featuredmedia":[{"embeddable":true,"href":"https:\/\/eltrabajo.cl\/portal\/wp-json\/wp\/v2\/media\/101091"}],"wp:attachment":[{"href":"https:\/\/eltrabajo.cl\/portal\/wp-json\/wp\/v2\/media?parent=101090"}],"wp:term":[{"taxonomy":"category","embeddable":true,"href":"https:\/\/eltrabajo.cl\/portal\/wp-json\/wp\/v2\/categories?post=101090"},{"taxonomy":"post_tag","embeddable":true,"href":"https:\/\/eltrabajo.cl\/portal\/wp-json\/wp\/v2\/tags?post=101090"}],"curies":[{"name":"wp","href":"https:\/\/api.w.org\/{rel}","templated":true}]}}