{"id":101120,"date":"2020-07-30T07:40:02","date_gmt":"2020-07-30T11:40:02","guid":{"rendered":"https:\/\/www.eltrabajo.cl\/portal\/?p=101120"},"modified":"2020-07-30T00:02:08","modified_gmt":"2020-07-30T04:02:08","slug":"abar-proyecta-un-torneo-corto-desde-el-mes-de-octubre","status":"publish","type":"post","link":"https:\/\/eltrabajo.cl\/portal\/abar-proyecta-un-torneo-corto-desde-el-mes-de-octubre\/","title":{"rendered":"ABAR proyecta un torneo corto desde el mes de octubre"},"content":{"rendered":"<p style=\"text-align: justify;\">Pese a que el proceso de desconfinamiento permite hacer deporte con muchas restricciones de por medio, el presidente de la Asociaci\u00f3n de B\u00e1squetbol Alejandro Rivadeneira (ABAR), <strong>Juan Carlos Acu\u00f1a<\/strong>, descart\u00f3 de plano la posibilidad que los clubes que integran esa entidad vuelvan a los entrenamientos de manera presencial. <em>\u00abPor el momento es muy dif\u00edcil hacerlo ya que no est\u00e1n dadas las condiciones para hacerlo; partiendo por el riesgo de un rebrote, y el que las instituciones no cuentan con recintos propios. La gran mayor\u00eda son municipales\u00bb,<\/em> expres\u00f3 el directivo.<\/p>\n<p style=\"text-align: justify;\">El dirigente agreg\u00f3 que por ahora la mayor\u00eda de los clubes se encuentra entrenando de manera remota a trav\u00e9s de la plataforma Zoom. <em>\u00abEs importante que lo hagan ya que la idea nuestra es hacer un torneo corto una vez que la contingencia sanitaria lo permita; creemos que octubre podr\u00eda ser, entonces es importante que los jugadores mantengan algunas cualidades f\u00edsicas para reducir el riesgo de lesiones\u00bb.<\/em><\/p>\n<p style=\"text-align: justify;\">Dato importante que dej\u00f3 la conversaci\u00f3n con el timonel de la ABAR, es haber conocido que la Federaci\u00f3n de B\u00e1squetbol de Chile, est\u00e1 proyectando entrenamientos de selecciones nacionales a partir del mes de septiembre. <em>\u00abEs una buena noticia ya que m\u00e1s de alg\u00fan combinado tendr\u00e1 dentro de sus filas a alg\u00fan jugador o jugadora de nuestra zona. Las sesiones ser\u00edan en regiones (no descarta que vengan a San Felipe), por lo que los entrenadores deber\u00e1n desplazarse a regiones para entrenar a distintos grupos de manera reducida; eso siempre y cuando esta pandemia haya dado una tregua\u00bb,<\/em> cont\u00f3 Juan Acu\u00f1a a <strong>El Trabajo Deportivo<\/strong>.<\/p>\n<p style=\"text-align: justify;\"><strong>Jorge Vega Oses<\/strong><\/p>\n<figure id=\"attachment_101121\" aria-describedby=\"caption-attachment-101121\" style=\"width: 580px\" class=\"wp-caption alignnone\"><img data-recalc-dims=\"1\" loading=\"lazy\" decoding=\"async\" class=\"wp-image-101121 size-full\" src=\"https:\/\/i0.wp.com\/eltrabajo.cl\/portal\/wp-content\/uploads\/2020\/07\/basqt-copia.jpg?resize=580%2C600&#038;ssl=1\" alt=\"Si el Covid\u201319 no dispone otra cosa, en octubre podr\u00eda comenzar el torneo de la Asociaci\u00f3n de B\u00e1squetbol Alejandro Rivadeneira.\" width=\"580\" height=\"600\" srcset=\"https:\/\/i0.wp.com\/eltrabajo.cl\/portal\/wp-content\/uploads\/2020\/07\/basqt-copia.jpg?w=580&amp;ssl=1 580w, https:\/\/i0.wp.com\/eltrabajo.cl\/portal\/wp-content\/uploads\/2020\/07\/basqt-copia.jpg?resize=290%2C300&amp;ssl=1 290w, https:\/\/i0.wp.com\/eltrabajo.cl\/portal\/wp-content\/uploads\/2020\/07\/basqt-copia.jpg?resize=145%2C150&amp;ssl=1 145w\" sizes=\"auto, (max-width: 580px) 100vw, 580px\" \/><figcaption id=\"caption-attachment-101121\" class=\"wp-caption-text\">Si el Covid\u201319 no dispone otra cosa, en octubre podr\u00eda comenzar el torneo de la Asociaci\u00f3n de B\u00e1squetbol Alejandro Rivadeneira.<\/figcaption><\/figure>\n","protected":false},"excerpt":{"rendered":"<p>Pese a que el proceso de desconfinamiento permite hacer deporte con muchas restricciones de por medio, el presidente de la Asociaci\u00f3n de B\u00e1squetbol Alejandro Rivadeneira (ABAR), Juan Carlos Acu\u00f1a, descart\u00f3 de plano&#8230;<\/p>\n","protected":false},"author":482,"featured_media":101122,"comment_status":"closed","ping_status":"open","sticky":false,"template":"","format":"standard","meta":{"advanced_seo_description":"","jetpack_seo_html_title":"","jetpack_seo_noindex":false,"_jetpack_memberships_contains_paid_content":false,"footnotes":""},"categories":[105,19],"tags":[],"class_list":["post-101120","post","type-post","status-publish","format-standard","has-post-thumbnail","hentry","category-covid-19","category-deportes"],"jetpack_featured_media_url":"https:\/\/i0.wp.com\/eltrabajo.cl\/portal\/wp-content\/uploads\/2020\/07\/basqt.jpg?fit=580%2C358&ssl=1","jetpack_sharing_enabled":true,"jetpack_likes_enabled":true,"jetpack-related-posts":[],"_links":{"self":[{"href":"https:\/\/eltrabajo.cl\/portal\/wp-json\/wp\/v2\/posts\/101120","targetHints":{"allow":["GET"]}}],"collection":[{"href":"https:\/\/eltrabajo.cl\/portal\/wp-json\/wp\/v2\/posts"}],"about":[{"href":"https:\/\/eltrabajo.cl\/portal\/wp-json\/wp\/v2\/types\/post"}],"author":[{"embeddable":true,"href":"https:\/\/eltrabajo.cl\/portal\/wp-json\/wp\/v2\/users\/482"}],"replies":[{"embeddable":true,"href":"https:\/\/eltrabajo.cl\/portal\/wp-json\/wp\/v2\/comments?post=101120"}],"version-history":[{"count":0,"href":"https:\/\/eltrabajo.cl\/portal\/wp-json\/wp\/v2\/posts\/101120\/revisions"}],"wp:featuredmedia":[{"embeddable":true,"href":"https:\/\/eltrabajo.cl\/portal\/wp-json\/wp\/v2\/media\/101122"}],"wp:attachment":[{"href":"https:\/\/eltrabajo.cl\/portal\/wp-json\/wp\/v2\/media?parent=101120"}],"wp:term":[{"taxonomy":"category","embeddable":true,"href":"https:\/\/eltrabajo.cl\/portal\/wp-json\/wp\/v2\/categories?post=101120"},{"taxonomy":"post_tag","embeddable":true,"href":"https:\/\/eltrabajo.cl\/portal\/wp-json\/wp\/v2\/tags?post=101120"}],"curies":[{"name":"wp","href":"https:\/\/api.w.org\/{rel}","templated":true}]}}