{"id":101124,"date":"2020-07-30T07:45:59","date_gmt":"2020-07-30T11:45:59","guid":{"rendered":"https:\/\/www.eltrabajo.cl\/portal\/?p=101124"},"modified":"2020-07-30T00:05:49","modified_gmt":"2020-07-30T04:05:49","slug":"este-martes-en-el-cementerio-municipal-despidieron-al-querido-fernando-jara","status":"publish","type":"post","link":"https:\/\/eltrabajo.cl\/portal\/este-martes-en-el-cementerio-municipal-despidieron-al-querido-fernando-jara\/","title":{"rendered":"Este martes en el Cementerio Municipal despidieron al querido Fernando Jara"},"content":{"rendered":"<p style=\"text-align: justify;\"><span style=\"color: #c81400;\"><strong>Comerciante perdi\u00f3 su lucha contra el c\u00e1ncer:<\/strong><\/span><\/p>\n<p style=\"text-align: justify;\">Muchos aconcag\u00fcinos son los que con gran pesar recibieron la noticia la noche de este lunes sobre la muerte del conocido comerciante sanfelipe\u00f1o, <strong>Fernando Jara Catal\u00e1n<\/strong>, quien perdi\u00f3 la larga batalla contra el c\u00e1ncer que padec\u00eda desde hace tiempo. Su fallecimiento se registr\u00f3 en el Hospital San Camilo.<\/p>\n<p style=\"text-align: justify;\">Fernando ten\u00eda 58 a\u00f1os de edad y era propietario del local de venta de juegos de azar y diarios de calle Merced, al costado del edificio que alberga a la Democracia Cristiana. Adem\u00e1s, Fernando era hermano del exdiputado <strong>Sergio Jara<\/strong> y del exgobernador de San Felipe, <strong>Jorge Jara<\/strong>. Sus exequias se realizaron en la Iglesia Merced y fue sepultado en el Cementerio Municipal de Almendral en San Felipe la tarde de este martes.<\/p>\n<figure id=\"attachment_101127\" aria-describedby=\"caption-attachment-101127\" style=\"width: 580px\" class=\"wp-caption alignnone\"><img data-recalc-dims=\"1\" loading=\"lazy\" decoding=\"async\" class=\"wp-image-101127 size-full\" src=\"https:\/\/i0.wp.com\/eltrabajo.cl\/portal\/wp-content\/uploads\/2020\/07\/Jara3.jpg?resize=580%2C360&#038;ssl=1\" alt=\"NACIDO Y CRIADO EN SAN FELIPE.- En esta vieja fotograf\u00eda lo vemos acompa\u00f1ado por amigos y familiares.\" width=\"580\" height=\"360\" srcset=\"https:\/\/i0.wp.com\/eltrabajo.cl\/portal\/wp-content\/uploads\/2020\/07\/Jara3.jpg?w=580&amp;ssl=1 580w, https:\/\/i0.wp.com\/eltrabajo.cl\/portal\/wp-content\/uploads\/2020\/07\/Jara3.jpg?resize=300%2C186&amp;ssl=1 300w, https:\/\/i0.wp.com\/eltrabajo.cl\/portal\/wp-content\/uploads\/2020\/07\/Jara3.jpg?resize=200%2C124&amp;ssl=1 200w\" sizes=\"auto, (max-width: 580px) 100vw, 580px\" \/><figcaption id=\"caption-attachment-101127\" class=\"wp-caption-text\">NACIDO Y CRIADO EN SAN FELIPE.- En esta vieja fotograf\u00eda lo vemos acompa\u00f1ado por amigos y familiares.<\/figcaption><\/figure>\n<figure id=\"attachment_101126\" aria-describedby=\"caption-attachment-101126\" style=\"width: 578px\" class=\"wp-caption alignnone\"><img data-recalc-dims=\"1\" loading=\"lazy\" decoding=\"async\" class=\"wp-image-101126 size-full\" src=\"https:\/\/i0.wp.com\/eltrabajo.cl\/portal\/wp-content\/uploads\/2020\/07\/Jara2.jpg?resize=578%2C253&#038;ssl=1\" alt=\"LLORADO EN REDES SOCIALES.- Aqu\u00ed leemos uno de los tantos comentarios que en redes sociales los sanfelipe\u00f1os escribieron en su Muro.\" width=\"578\" height=\"253\" srcset=\"https:\/\/i0.wp.com\/eltrabajo.cl\/portal\/wp-content\/uploads\/2020\/07\/Jara2.jpg?w=578&amp;ssl=1 578w, https:\/\/i0.wp.com\/eltrabajo.cl\/portal\/wp-content\/uploads\/2020\/07\/Jara2.jpg?resize=300%2C131&amp;ssl=1 300w, https:\/\/i0.wp.com\/eltrabajo.cl\/portal\/wp-content\/uploads\/2020\/07\/Jara2.jpg?resize=200%2C88&amp;ssl=1 200w\" sizes=\"auto, (max-width: 578px) 100vw, 578px\" \/><figcaption id=\"caption-attachment-101126\" class=\"wp-caption-text\">LLORADO EN REDES SOCIALES.- Aqu\u00ed leemos uno de los tantos comentarios que en redes sociales los sanfelipe\u00f1os escribieron en su Muro.<\/figcaption><\/figure>\n<figure id=\"attachment_101128\" aria-describedby=\"caption-attachment-101128\" style=\"width: 580px\" class=\"wp-caption alignnone\"><img data-recalc-dims=\"1\" loading=\"lazy\" decoding=\"async\" class=\"wp-image-101128 size-full\" src=\"https:\/\/i0.wp.com\/eltrabajo.cl\/portal\/wp-content\/uploads\/2020\/07\/Jara_Fernando-Jara-Catalan-copia.jpg?resize=580%2C600&#038;ssl=1\" alt=\"A la edad de 58 a\u00f1os nos dej\u00f3 este lunes para siempre el querido comerciante Fernando Jara Catal\u00e1n.\" width=\"580\" height=\"600\" srcset=\"https:\/\/i0.wp.com\/eltrabajo.cl\/portal\/wp-content\/uploads\/2020\/07\/Jara_Fernando-Jara-Catalan-copia.jpg?w=580&amp;ssl=1 580w, https:\/\/i0.wp.com\/eltrabajo.cl\/portal\/wp-content\/uploads\/2020\/07\/Jara_Fernando-Jara-Catalan-copia.jpg?resize=290%2C300&amp;ssl=1 290w, https:\/\/i0.wp.com\/eltrabajo.cl\/portal\/wp-content\/uploads\/2020\/07\/Jara_Fernando-Jara-Catalan-copia.jpg?resize=145%2C150&amp;ssl=1 145w\" sizes=\"auto, (max-width: 580px) 100vw, 580px\" \/><figcaption id=\"caption-attachment-101128\" class=\"wp-caption-text\">A la edad de 58 a\u00f1os nos dej\u00f3 este lunes para siempre el querido comerciante Fernando Jara Catal\u00e1n.<\/figcaption><\/figure>\n","protected":false},"excerpt":{"rendered":"<p>Comerciante perdi\u00f3 su lucha contra el c\u00e1ncer: Muchos aconcag\u00fcinos son los que con gran pesar recibieron la noticia la noche de este lunes sobre la muerte del conocido comerciante sanfelipe\u00f1o, Fernando Jara&#8230;<\/p>\n","protected":false},"author":482,"featured_media":101125,"comment_status":"closed","ping_status":"open","sticky":false,"template":"","format":"standard","meta":{"advanced_seo_description":"","jetpack_seo_html_title":"","jetpack_seo_noindex":false,"_jetpack_memberships_contains_paid_content":false,"footnotes":""},"categories":[15],"tags":[],"class_list":["post-101124","post","type-post","status-publish","format-standard","has-post-thumbnail","hentry","category-comunidad"],"jetpack_featured_media_url":"https:\/\/i0.wp.com\/eltrabajo.cl\/portal\/wp-content\/uploads\/2020\/07\/Jara_Fernando-Jara-Catalan.jpg?fit=580%2C358&ssl=1","jetpack_sharing_enabled":true,"jetpack_likes_enabled":true,"jetpack-related-posts":[],"_links":{"self":[{"href":"https:\/\/eltrabajo.cl\/portal\/wp-json\/wp\/v2\/posts\/101124","targetHints":{"allow":["GET"]}}],"collection":[{"href":"https:\/\/eltrabajo.cl\/portal\/wp-json\/wp\/v2\/posts"}],"about":[{"href":"https:\/\/eltrabajo.cl\/portal\/wp-json\/wp\/v2\/types\/post"}],"author":[{"embeddable":true,"href":"https:\/\/eltrabajo.cl\/portal\/wp-json\/wp\/v2\/users\/482"}],"replies":[{"embeddable":true,"href":"https:\/\/eltrabajo.cl\/portal\/wp-json\/wp\/v2\/comments?post=101124"}],"version-history":[{"count":0,"href":"https:\/\/eltrabajo.cl\/portal\/wp-json\/wp\/v2\/posts\/101124\/revisions"}],"wp:featuredmedia":[{"embeddable":true,"href":"https:\/\/eltrabajo.cl\/portal\/wp-json\/wp\/v2\/media\/101125"}],"wp:attachment":[{"href":"https:\/\/eltrabajo.cl\/portal\/wp-json\/wp\/v2\/media?parent=101124"}],"wp:term":[{"taxonomy":"category","embeddable":true,"href":"https:\/\/eltrabajo.cl\/portal\/wp-json\/wp\/v2\/categories?post=101124"},{"taxonomy":"post_tag","embeddable":true,"href":"https:\/\/eltrabajo.cl\/portal\/wp-json\/wp\/v2\/tags?post=101124"}],"curies":[{"name":"wp","href":"https:\/\/api.w.org\/{rel}","templated":true}]}}