{"id":101134,"date":"2020-07-30T07:55:19","date_gmt":"2020-07-30T11:55:19","guid":{"rendered":"https:\/\/www.eltrabajo.cl\/portal\/?p=101134"},"modified":"2020-07-30T00:13:47","modified_gmt":"2020-07-30T04:13:47","slug":"adultos-mayores-desesperados-con-elevadas-cuentas-de-energia-de-chilquinta","status":"publish","type":"post","link":"https:\/\/eltrabajo.cl\/portal\/adultos-mayores-desesperados-con-elevadas-cuentas-de-energia-de-chilquinta\/","title":{"rendered":"Adultos mayores desesperados con elevadas cuentas de energ\u00eda de Chilquinta"},"content":{"rendered":"<p style=\"text-align: left;\"><span style=\"color: #c81400;\"><strong>Pagaban $24.00 en mayo y ahora les cobran $170.000:<\/strong><\/span><\/p>\n<p style=\"text-align: justify;\">Pareciera que las penurias que vive un matrimonio de adultos mayores en Montenegro 2020 de Villa El Se\u00f1orial, con\u00a0 su humilde pensi\u00f3n de apenas $100.000\u00a0 al\u00a0 mes, s\u00f3lo fuese el principio de muchas otras angustias a las que se han visto enfrentados en el \u00faltimo tiempo, a las que se suman la Cuarentena Obligatoria que reci\u00e9n termin\u00f3 (al menos por el momento), y el mayor peligro que corren ante un inminente contagio a causa de su edad, entre muchas otras.<\/p>\n<p style=\"text-align: justify;\">Entre esas otras muchas penurias se encuentra la dif\u00edcil situaci\u00f3n en la que se encuentran enfrentados con la empresa Chilquinta, cuyas cuentas de consumo de energ\u00eda el\u00e9ctrica pasaron abruptamente de <strong>$24.000<\/strong> en este mes de mayo, hasta los\u00a0 <strong>$73.000<\/strong> en junio, y para colmo de males, para este mes de julio les lleg\u00f3 la boleta por <strong>$170.000<\/strong>.<\/p>\n<p style=\"text-align: justify;\"><span style=\"color: #c81400;\"><strong>\u00abNO PODEMOS PAGAR\u00bb<\/strong><\/span><\/p>\n<p style=\"text-align: justify;\">Se trata de do\u00f1a <strong>M\u00f3nica Contreras Verdejo<\/strong> y su esposo <strong>Rafael Nieto Ibacache<\/strong>, quienes solicitaron a <strong>Diario El Trabajo<\/strong> hacer p\u00fablico su reclamo, pues aseguran que ya empleados de Chilquinta visitaron su vivienda para revisar el consumo y no hubo una respuesta favorable.<\/p>\n<p style=\"text-align: justify;\">\u00ab<em>Es un problema que se registra despu\u00e9s de junio y este mes de julio, en nuestra casa no tenemos m\u00e1quinas industriales, no usamos calefacci\u00f3n el\u00e9ctrica, no hay m\u00e1s que un televisor, la luz que usamos y cualquier licuadora por ejemplo. Pag\u00e1bamos $24.000 por mes desde hace mucho tiempo, ya en junio nos lleg\u00f3 el cobro al triple de lo normal, junio nos lleg\u00f3 de $73.000, y ahora este mes a $170.000, y nada ha cambiado. Hicimos el reclamo a Chilquinta y enviaron a un t\u00e9cnico, lleg\u00f3, entr\u00f3, vio que no tenemos m\u00e1s que lo normal, somos dos personas mayores solas, no podemos pagar este abuso, necesitamos que alguien nos ayude, es una injusticia lo que nos hace esta empresa<\/em>\u00bb, dijo angustiada do\u00f1a M\u00f3nica Contreras a nuestro medio.<\/p>\n<p style=\"text-align: justify;\"><strong>Diario El Trabajo <\/strong>habl\u00f3 con <strong>Jos\u00e9 Madrid<\/strong>, encargado del Departamento Social de la Dideco, quien de inmediato recepcion\u00f3 el caso para su correspondiente investigaci\u00f3n, asegurando a nuestro medio que visitar\u00e1n a\u00a0 do\u00f1a M\u00f3nica para conocer bien el caso.<\/p>\n<p style=\"text-align: justify;\"><strong>Roberto Gonz\u00e1lez Short<\/strong><\/p>\n<figure id=\"attachment_101135\" aria-describedby=\"caption-attachment-101135\" style=\"width: 580px\" class=\"wp-caption alignnone\"><img data-recalc-dims=\"1\" loading=\"lazy\" decoding=\"async\" class=\"size-full wp-image-101135\" src=\"https:\/\/i0.wp.com\/eltrabajo.cl\/portal\/wp-content\/uploads\/2020\/07\/Boletas1.jpg?resize=580%2C360&#038;ssl=1\" alt=\"DENUNCIAN ABUSO.- Ellos son do\u00f1a M\u00f3nica Contreras y su pareja Rafael Nieto Ibacache, quienes sobreviven con una m\u00ednima pensi\u00f3n, definitivamente no pueden pagar estas elevadas cuentas.\" width=\"580\" height=\"360\" srcset=\"https:\/\/i0.wp.com\/eltrabajo.cl\/portal\/wp-content\/uploads\/2020\/07\/Boletas1.jpg?w=580&amp;ssl=1 580w, https:\/\/i0.wp.com\/eltrabajo.cl\/portal\/wp-content\/uploads\/2020\/07\/Boletas1.jpg?resize=300%2C186&amp;ssl=1 300w, https:\/\/i0.wp.com\/eltrabajo.cl\/portal\/wp-content\/uploads\/2020\/07\/Boletas1.jpg?resize=200%2C124&amp;ssl=1 200w\" sizes=\"auto, (max-width: 580px) 100vw, 580px\" \/><figcaption id=\"caption-attachment-101135\" class=\"wp-caption-text\">DENUNCIAN ABUSO.- Ellos son do\u00f1a M\u00f3nica Contreras y su pareja Rafael Nieto Ibacache, quienes sobreviven con una m\u00ednima pensi\u00f3n, definitivamente no pueden pagar estas elevadas cuentas.<\/figcaption><\/figure>\n<figure id=\"attachment_101136\" aria-describedby=\"caption-attachment-101136\" style=\"width: 579px\" class=\"wp-caption alignnone\"><img data-recalc-dims=\"1\" loading=\"lazy\" decoding=\"async\" class=\"size-full wp-image-101136\" src=\"https:\/\/i0.wp.com\/eltrabajo.cl\/portal\/wp-content\/uploads\/2020\/07\/Boletas2.jpg?resize=579%2C511&#038;ssl=1\" alt=\"COBROS POR LAS NUBES.- Aqu\u00ed tenemos en secuencia ascendente las tres boletas de mayo, junio y julio.\" width=\"579\" height=\"511\" srcset=\"https:\/\/i0.wp.com\/eltrabajo.cl\/portal\/wp-content\/uploads\/2020\/07\/Boletas2.jpg?w=579&amp;ssl=1 579w, https:\/\/i0.wp.com\/eltrabajo.cl\/portal\/wp-content\/uploads\/2020\/07\/Boletas2.jpg?resize=300%2C265&amp;ssl=1 300w, https:\/\/i0.wp.com\/eltrabajo.cl\/portal\/wp-content\/uploads\/2020\/07\/Boletas2.jpg?resize=170%2C150&amp;ssl=1 170w\" sizes=\"auto, (max-width: 579px) 100vw, 579px\" \/><figcaption id=\"caption-attachment-101136\" class=\"wp-caption-text\">COBROS POR LAS NUBES.- Aqu\u00ed tenemos en secuencia ascendente las tres boletas de mayo, junio y julio.<\/figcaption><\/figure>\n<figure id=\"attachment_101138\" aria-describedby=\"caption-attachment-101138\" style=\"width: 580px\" class=\"wp-caption alignnone\"><img data-recalc-dims=\"1\" loading=\"lazy\" decoding=\"async\" class=\"size-full wp-image-101138\" src=\"https:\/\/i0.wp.com\/eltrabajo.cl\/portal\/wp-content\/uploads\/2020\/07\/Boletas_Monica-Contreras.jpg?resize=580%2C600&#038;ssl=1\" alt=\"\u00bfCU\u00c1NTO LE COBRAR\u00c1N EN AGOSTO?.- Do\u00f1a M\u00f3nica Contreras nos muestra la boleta m\u00e1s alta: $170.000 de este mes de julio.\" width=\"580\" height=\"600\" srcset=\"https:\/\/i0.wp.com\/eltrabajo.cl\/portal\/wp-content\/uploads\/2020\/07\/Boletas_Monica-Contreras.jpg?w=580&amp;ssl=1 580w, https:\/\/i0.wp.com\/eltrabajo.cl\/portal\/wp-content\/uploads\/2020\/07\/Boletas_Monica-Contreras.jpg?resize=290%2C300&amp;ssl=1 290w, https:\/\/i0.wp.com\/eltrabajo.cl\/portal\/wp-content\/uploads\/2020\/07\/Boletas_Monica-Contreras.jpg?resize=145%2C150&amp;ssl=1 145w\" sizes=\"auto, (max-width: 580px) 100vw, 580px\" \/><figcaption id=\"caption-attachment-101138\" class=\"wp-caption-text\">\u00bfCU\u00c1NTO LE COBRAR\u00c1N EN AGOSTO?.- Do\u00f1a M\u00f3nica Contreras nos muestra la boleta m\u00e1s alta: $170.000 de este mes de julio.<\/figcaption><\/figure>\n<figure id=\"attachment_101137\" aria-describedby=\"caption-attachment-101137\" style=\"width: 579px\" class=\"wp-caption alignnone\"><img data-recalc-dims=\"1\" loading=\"lazy\" decoding=\"async\" class=\"size-full wp-image-101137\" src=\"https:\/\/i0.wp.com\/eltrabajo.cl\/portal\/wp-content\/uploads\/2020\/07\/Boletas3.jpg?resize=579%2C773&#038;ssl=1\" alt=\"SIN LUJOS.- Las c\u00e1maras de Diario El Trabajo registran esta estufa a parafina, reafirmando lo que dicen los afectados en el sentido que no utilizan estufas el\u00e9ctricas que podr\u00edan justificar los elevados consumos.\" width=\"579\" height=\"773\" srcset=\"https:\/\/i0.wp.com\/eltrabajo.cl\/portal\/wp-content\/uploads\/2020\/07\/Boletas3.jpg?w=579&amp;ssl=1 579w, https:\/\/i0.wp.com\/eltrabajo.cl\/portal\/wp-content\/uploads\/2020\/07\/Boletas3.jpg?resize=225%2C300&amp;ssl=1 225w, https:\/\/i0.wp.com\/eltrabajo.cl\/portal\/wp-content\/uploads\/2020\/07\/Boletas3.jpg?resize=112%2C150&amp;ssl=1 112w\" sizes=\"auto, (max-width: 579px) 100vw, 579px\" \/><figcaption id=\"caption-attachment-101137\" class=\"wp-caption-text\">SIN LUJOS.- Las c\u00e1maras de Diario El Trabajo registran esta estufa a parafina, reafirmando lo que dicen los afectados en el sentido que no utilizan estufas el\u00e9ctricas que podr\u00edan justificar los elevados consumos.<\/figcaption><\/figure>\n","protected":false},"excerpt":{"rendered":"<p>Pagaban $24.00 en mayo y ahora les cobran $170.000: Pareciera que las penurias que vive un matrimonio de adultos mayores en Montenegro 2020 de Villa El Se\u00f1orial, con\u00a0 su humilde pensi\u00f3n de&#8230;<\/p>\n","protected":false},"author":482,"featured_media":101135,"comment_status":"closed","ping_status":"open","sticky":false,"template":"","format":"standard","meta":{"advanced_seo_description":"","jetpack_seo_html_title":"","jetpack_seo_noindex":false,"_jetpack_memberships_contains_paid_content":false,"footnotes":""},"categories":[15],"tags":[],"class_list":["post-101134","post","type-post","status-publish","format-standard","has-post-thumbnail","hentry","category-comunidad"],"jetpack_featured_media_url":"https:\/\/i0.wp.com\/eltrabajo.cl\/portal\/wp-content\/uploads\/2020\/07\/Boletas1.jpg?fit=580%2C360&ssl=1","jetpack_sharing_enabled":true,"jetpack_likes_enabled":true,"jetpack-related-posts":[],"_links":{"self":[{"href":"https:\/\/eltrabajo.cl\/portal\/wp-json\/wp\/v2\/posts\/101134","targetHints":{"allow":["GET"]}}],"collection":[{"href":"https:\/\/eltrabajo.cl\/portal\/wp-json\/wp\/v2\/posts"}],"about":[{"href":"https:\/\/eltrabajo.cl\/portal\/wp-json\/wp\/v2\/types\/post"}],"author":[{"embeddable":true,"href":"https:\/\/eltrabajo.cl\/portal\/wp-json\/wp\/v2\/users\/482"}],"replies":[{"embeddable":true,"href":"https:\/\/eltrabajo.cl\/portal\/wp-json\/wp\/v2\/comments?post=101134"}],"version-history":[{"count":0,"href":"https:\/\/eltrabajo.cl\/portal\/wp-json\/wp\/v2\/posts\/101134\/revisions"}],"wp:featuredmedia":[{"embeddable":true,"href":"https:\/\/eltrabajo.cl\/portal\/wp-json\/wp\/v2\/media\/101135"}],"wp:attachment":[{"href":"https:\/\/eltrabajo.cl\/portal\/wp-json\/wp\/v2\/media?parent=101134"}],"wp:term":[{"taxonomy":"category","embeddable":true,"href":"https:\/\/eltrabajo.cl\/portal\/wp-json\/wp\/v2\/categories?post=101134"},{"taxonomy":"post_tag","embeddable":true,"href":"https:\/\/eltrabajo.cl\/portal\/wp-json\/wp\/v2\/tags?post=101134"}],"curies":[{"name":"wp","href":"https:\/\/api.w.org\/{rel}","templated":true}]}}