{"id":101141,"date":"2020-07-30T08:00:08","date_gmt":"2020-07-30T12:00:08","guid":{"rendered":"https:\/\/www.eltrabajo.cl\/portal\/?p=101141"},"modified":"2020-07-30T00:17:17","modified_gmt":"2020-07-30T04:17:17","slug":"presunto-violador-fue-herido-de-bala-en-ambas-piernas-en-villa-juan-pablo-ii","status":"publish","type":"post","link":"https:\/\/eltrabajo.cl\/portal\/presunto-violador-fue-herido-de-bala-en-ambas-piernas-en-villa-juan-pablo-ii\/","title":{"rendered":"Presunto violador fue herido de bala en ambas piernas en Villa Juan Pablo II"},"content":{"rendered":"<p style=\"text-align: justify;\">Un hombre de 46 a\u00f1os de edad result\u00f3 herido de bala en sus dos piernas en un confuso incidente ocurrido la madrugada de este mi\u00e9rcoles en la Villa Juan Pablo Segundo de San Felipe, aparentemente porque hab\u00eda sido acusado de una presunta violaci\u00f3n hac\u00eda una mujer menor de edad. Incluso se dijo que le hab\u00edan \u2018cortado el pene\u2019, algo que por el momento fue descartado por Carabineros porque no han recibido ninguna denuncia de este tipo, menos que el herido haya sido agredido en su \u00f3rgano reproductor.<\/p>\n<p style=\"text-align: justify;\">A nombre de Carabineros de la Segunda Comisar\u00eda de San Felipe, fue el subcomisario de los Servicios, capit\u00e1n <strong>Franco Herrera<\/strong>, quien se refiri\u00f3 a este hecho donde hasta el momento no hay personas detenidas.<\/p>\n<p style=\"text-align: justify;\">Indic\u00f3 el oficial que <em>\u00abaproximadamente a las 12:40 horas del d\u00eda de hoy (ayer) en horas de la noche, SAMU llam\u00f3 en este caso a Carabineros por una persona que estaba herida a bala en sus extremidades inferiores, con riesgo vital, as\u00ed es que al arribar Carabineros comenz\u00f3 de inmediato a hacer las primeras diligencias para saber qu\u00e9 hab\u00eda acontecido en el mismo sitio del suceso. No hubo mucha cooperaci\u00f3n por parte de los vecinos para efectos de establecer en qu\u00e9 contexto fue, qui\u00e9n fue en este caso el victimario. En este caso la v\u00edctima tampoco entreg\u00f3 mayores detalles, antecedentes. Esta es una persona chilena, adulta, tiene antecedentes penales anteriores, no ten\u00eda \u00f3rdenes vigentes; de hecho inclusive se neg\u00f3 a hacer la denuncia as\u00ed es que Carabineros de oficio puso los antecedentes en conocimientos del Ministerio P\u00fablico. Entiendo que esta persona fue derivada al hospital de Los Andes, est\u00e1 bien complicado de salud, entiendo que una de sus extremidades que sufri\u00f3 fractura por impacto bal\u00edstico parece que est\u00e1 un poco comprometida. Hasta el momento esa es la informaci\u00f3n que tenemos. De igual forma la SIP de Carabineros est\u00e1 realizando algunas diligencias con otras personas que s\u00ed se han acercado a entregar un poco de informaci\u00f3n, pero esos antecedentes van a ser entregados directamente a la fiscal\u00eda\u00bb,<\/em> se\u00f1al\u00f3.<\/p>\n<p style=\"text-align: justify;\">Consultamos al capit\u00e1n Franco Herrera en referencia a la informaci\u00f3n que indicaba que la persona herida a bala hab\u00eda tratado de violar a una mujer menor de edad:<\/p>\n<p style=\"text-align: justify;\">&#8211;<strong> \u00bfEs efectivo aquello, qu\u00e9 informaci\u00f3n se tiene al respecto?<\/strong><\/p>\n<p style=\"text-align: justify;\">&#8211; La verdad que eso no se puede corroborar, como le se\u00f1al\u00e9 yo, se desconoce actualmente el contexto; no se ha acercado ninguna persona hasta el momento a hacer denuncia a Carabineros de Chile respecto de alg\u00fan abuso sexual o intento de violaci\u00f3n. Entiendo yo que hay un medio que en este caso inform\u00f3 que hab\u00eda una persona que se le hab\u00eda castrado, es algo que es alejado totalmente de la realidad.<\/p>\n<p style=\"text-align: justify;\">&#8211; <strong>\u00bfSe descarta definitivamente ese rumor que se le hab\u00eda cortado el pene?<\/strong><\/p>\n<p style=\"text-align: justify;\">&#8211; Se descarta por lo menos en este procedimiento, se descarta y tampoco hemos recibido ninguna otra denuncia de alguna persona que haya sido castrada y obviamente nosotros hubi\u00e9ramos sido los primeros en poner estos antecedentes en conocimiento del Ministerio P\u00fablico, de hecho, tom\u00e9 contacto tambi\u00e9n con personal del Hospital y tampoco hab\u00edan recibido a ninguna persona con ese tipo de agresi\u00f3n, as\u00ed es que por tal motivo yo descarto que en este procedimiento haya tenido en este caso alguna lesi\u00f3n relacionada con el cercenamiento en este caso del miembro.<\/p>\n<p style=\"text-align: justify;\">En cuanto a la cantidad de impactos de bala que recibi\u00f3 el herido, el capit\u00e1n Herrera se\u00f1al\u00f3 que todav\u00eda no se tiene el informe de los legistas, <em>\u00abque puedan acreditar cu\u00e1ntos fueron los impactos bal\u00edsticos. S\u00ed tenemos certeza que fueron sobre dos impactos bal\u00edsticos, que uno de ellos comprometi\u00f3 en este caso la parte \u00f3sea de la v\u00edctima\u00bb,<\/em> indic\u00f3.<\/p>\n<p style=\"text-align: justify;\">A consecuencia de las heridas de bala, la v\u00edctima result\u00f3 con fractura en una de sus piernas, debiendo ser trasladado hasta el Hospital San Juan de Dios de Los Andes.<\/p>\n<p style=\"text-align: justify;\">Hizo hincapi\u00e9 el oficial que este es un hecho importante porque han tenido semanalmente varios casos de personas baleadas y m\u00e1s en el mismo contexto, donde las personas no han querido denunciar; <em>\u00abque los vecinos no entregan antecedentes y que a su vez las v\u00edctimas no se atreven a denunciar; pensamos que ser\u00edan por ajustes de cuentas, por tal motivo eso finalmente ser\u00e1 fiscal\u00eda a trav\u00e9s de una investigaci\u00f3n para arribar a puerto\u00bb,<\/em> indic\u00f3 Herrera.<\/p>\n<p style=\"text-align: justify;\">Coment\u00f3 el Capit\u00e1n Herrera que hay tres lugares donde siempre se han repetido este tipo de situaciones. Se han entregado los antecedentes al Ministerio P\u00fablico para prontamente proceder a las detenciones.<\/p>\n<figure id=\"attachment_101142\" aria-describedby=\"caption-attachment-101142\" style=\"width: 580px\" class=\"wp-caption alignnone\"><img data-recalc-dims=\"1\" loading=\"lazy\" decoding=\"async\" class=\"size-full wp-image-101142\" src=\"https:\/\/i0.wp.com\/eltrabajo.cl\/portal\/wp-content\/uploads\/2020\/07\/baleado-Manchas.jpg?resize=580%2C359&#038;ssl=1\" alt=\"Ac\u00e1 vemos parte de lo que qued\u00f3 de las manchas de sangre, pese a que los vecinos intentaron limpiar el lugar.\" width=\"580\" height=\"359\" srcset=\"https:\/\/i0.wp.com\/eltrabajo.cl\/portal\/wp-content\/uploads\/2020\/07\/baleado-Manchas.jpg?w=580&amp;ssl=1 580w, https:\/\/i0.wp.com\/eltrabajo.cl\/portal\/wp-content\/uploads\/2020\/07\/baleado-Manchas.jpg?resize=300%2C186&amp;ssl=1 300w, https:\/\/i0.wp.com\/eltrabajo.cl\/portal\/wp-content\/uploads\/2020\/07\/baleado-Manchas.jpg?resize=200%2C124&amp;ssl=1 200w\" sizes=\"auto, (max-width: 580px) 100vw, 580px\" \/><figcaption id=\"caption-attachment-101142\" class=\"wp-caption-text\">Ac\u00e1 vemos parte de lo que qued\u00f3 de las manchas de sangre, pese a que los vecinos intentaron limpiar el lugar.<\/figcaption><\/figure>\n<figure id=\"attachment_101143\" aria-describedby=\"caption-attachment-101143\" style=\"width: 580px\" class=\"wp-caption alignnone\"><img data-recalc-dims=\"1\" loading=\"lazy\" decoding=\"async\" class=\"size-full wp-image-101143\" src=\"https:\/\/i0.wp.com\/eltrabajo.cl\/portal\/wp-content\/uploads\/2020\/07\/Franco-Herrera.jpg?resize=580%2C598&#038;ssl=1\" alt=\"Capit\u00e1n de Carabineros Franco Herrera de la Segunda Comisar\u00eda de San Felipe.\" width=\"580\" height=\"598\" srcset=\"https:\/\/i0.wp.com\/eltrabajo.cl\/portal\/wp-content\/uploads\/2020\/07\/Franco-Herrera.jpg?w=580&amp;ssl=1 580w, https:\/\/i0.wp.com\/eltrabajo.cl\/portal\/wp-content\/uploads\/2020\/07\/Franco-Herrera.jpg?resize=291%2C300&amp;ssl=1 291w, https:\/\/i0.wp.com\/eltrabajo.cl\/portal\/wp-content\/uploads\/2020\/07\/Franco-Herrera.jpg?resize=145%2C150&amp;ssl=1 145w\" sizes=\"auto, (max-width: 580px) 100vw, 580px\" \/><figcaption id=\"caption-attachment-101143\" class=\"wp-caption-text\">Capit\u00e1n de Carabineros Franco Herrera de la Segunda Comisar\u00eda de San Felipe.<\/figcaption><\/figure>\n","protected":false},"excerpt":{"rendered":"<p>Un hombre de 46 a\u00f1os de edad result\u00f3 herido de bala en sus dos piernas en un confuso incidente ocurrido la madrugada de este mi\u00e9rcoles en la Villa Juan Pablo Segundo de&#8230;<\/p>\n","protected":false},"author":482,"featured_media":101142,"comment_status":"closed","ping_status":"open","sticky":false,"template":"","format":"standard","meta":{"advanced_seo_description":"","jetpack_seo_html_title":"","jetpack_seo_noindex":false,"_jetpack_memberships_contains_paid_content":false,"footnotes":""},"categories":[21],"tags":[],"class_list":["post-101141","post","type-post","status-publish","format-standard","has-post-thumbnail","hentry","category-policial"],"jetpack_featured_media_url":"https:\/\/i0.wp.com\/eltrabajo.cl\/portal\/wp-content\/uploads\/2020\/07\/baleado-Manchas.jpg?fit=580%2C359&ssl=1","jetpack_sharing_enabled":true,"jetpack_likes_enabled":true,"jetpack-related-posts":[],"_links":{"self":[{"href":"https:\/\/eltrabajo.cl\/portal\/wp-json\/wp\/v2\/posts\/101141","targetHints":{"allow":["GET"]}}],"collection":[{"href":"https:\/\/eltrabajo.cl\/portal\/wp-json\/wp\/v2\/posts"}],"about":[{"href":"https:\/\/eltrabajo.cl\/portal\/wp-json\/wp\/v2\/types\/post"}],"author":[{"embeddable":true,"href":"https:\/\/eltrabajo.cl\/portal\/wp-json\/wp\/v2\/users\/482"}],"replies":[{"embeddable":true,"href":"https:\/\/eltrabajo.cl\/portal\/wp-json\/wp\/v2\/comments?post=101141"}],"version-history":[{"count":0,"href":"https:\/\/eltrabajo.cl\/portal\/wp-json\/wp\/v2\/posts\/101141\/revisions"}],"wp:featuredmedia":[{"embeddable":true,"href":"https:\/\/eltrabajo.cl\/portal\/wp-json\/wp\/v2\/media\/101142"}],"wp:attachment":[{"href":"https:\/\/eltrabajo.cl\/portal\/wp-json\/wp\/v2\/media?parent=101141"}],"wp:term":[{"taxonomy":"category","embeddable":true,"href":"https:\/\/eltrabajo.cl\/portal\/wp-json\/wp\/v2\/categories?post=101141"},{"taxonomy":"post_tag","embeddable":true,"href":"https:\/\/eltrabajo.cl\/portal\/wp-json\/wp\/v2\/tags?post=101141"}],"curies":[{"name":"wp","href":"https:\/\/api.w.org\/{rel}","templated":true}]}}