{"id":101155,"date":"2020-07-31T07:40:25","date_gmt":"2020-07-31T11:40:25","guid":{"rendered":"https:\/\/www.eltrabajo.cl\/portal\/?p=101155"},"modified":"2020-07-30T21:12:58","modified_gmt":"2020-07-31T01:12:58","slug":"lista-que-integraba-gerente-del-uni-uni-perdio-las-elecciones-de-la-anfp","status":"publish","type":"post","link":"https:\/\/eltrabajo.cl\/portal\/lista-que-integraba-gerente-del-uni-uni-perdio-las-elecciones-de-la-anfp\/","title":{"rendered":"Lista que integraba gerente del Un\u00ed Un\u00ed perdi\u00f3 las elecciones de la ANFP"},"content":{"rendered":"<p style=\"text-align: justify;\">En una re\u00f1ida y al mismo tiempo pol\u00e9mica elecci\u00f3n realizada el d\u00eda de ayer, el ex intendente de la regi\u00f3n del Maule, <strong>Pablo Milad<\/strong>, se convirti\u00f3 en el nuevo presidente de la ANFP, al superar por 25 votos contra 23 al dirigente de Audax Italiano, <strong>Lorenzo Antillo<\/strong>, quien reclam\u00f3 p\u00fablicamente que el proceso estaba viciado, por lo que no se descarta que esta historia se prolongue por varios d\u00edas m\u00e1s.<\/p>\n<p style=\"text-align: justify;\">La lista derrotada ten\u00eda dentro de sus miembros para el directorio al gerente general del Un\u00ed Un\u00ed, <strong>Eduardo Olivares<\/strong>. El nuevo presidente de la ANFP estar\u00e1 al mando hasta el 2022.<\/p>\n<figure id=\"attachment_101156\" aria-describedby=\"caption-attachment-101156\" style=\"width: 580px\" class=\"wp-caption alignnone\"><img data-recalc-dims=\"1\" loading=\"lazy\" decoding=\"async\" class=\"size-full wp-image-101156\" src=\"https:\/\/i0.wp.com\/eltrabajo.cl\/portal\/wp-content\/uploads\/2020\/07\/eduardo-olivares.jpg?resize=580%2C360&#038;ssl=1\" alt=\"Eduardo Olivares integraba la lista que ayer fue derrotada en la ANFP.\" width=\"580\" height=\"360\" srcset=\"https:\/\/i0.wp.com\/eltrabajo.cl\/portal\/wp-content\/uploads\/2020\/07\/eduardo-olivares.jpg?w=580&amp;ssl=1 580w, https:\/\/i0.wp.com\/eltrabajo.cl\/portal\/wp-content\/uploads\/2020\/07\/eduardo-olivares.jpg?resize=300%2C186&amp;ssl=1 300w, https:\/\/i0.wp.com\/eltrabajo.cl\/portal\/wp-content\/uploads\/2020\/07\/eduardo-olivares.jpg?resize=200%2C124&amp;ssl=1 200w\" sizes=\"auto, (max-width: 580px) 100vw, 580px\" \/><figcaption id=\"caption-attachment-101156\" class=\"wp-caption-text\">Eduardo Olivares integraba la lista que ayer fue derrotada en la ANFP.<\/figcaption><\/figure>\n","protected":false},"excerpt":{"rendered":"<p>En una re\u00f1ida y al mismo tiempo pol\u00e9mica elecci\u00f3n realizada el d\u00eda de ayer, el ex intendente de la regi\u00f3n del Maule, Pablo Milad, se convirti\u00f3 en el nuevo presidente de la&#8230;<\/p>\n","protected":false},"author":482,"featured_media":101156,"comment_status":"closed","ping_status":"open","sticky":false,"template":"","format":"standard","meta":{"advanced_seo_description":"","jetpack_seo_html_title":"","jetpack_seo_noindex":false,"_jetpack_memberships_contains_paid_content":false,"footnotes":""},"categories":[19],"tags":[],"class_list":["post-101155","post","type-post","status-publish","format-standard","has-post-thumbnail","hentry","category-deportes"],"jetpack_featured_media_url":"https:\/\/i0.wp.com\/eltrabajo.cl\/portal\/wp-content\/uploads\/2020\/07\/eduardo-olivares.jpg?fit=580%2C360&ssl=1","jetpack_sharing_enabled":true,"jetpack_likes_enabled":true,"jetpack-related-posts":[],"_links":{"self":[{"href":"https:\/\/eltrabajo.cl\/portal\/wp-json\/wp\/v2\/posts\/101155","targetHints":{"allow":["GET"]}}],"collection":[{"href":"https:\/\/eltrabajo.cl\/portal\/wp-json\/wp\/v2\/posts"}],"about":[{"href":"https:\/\/eltrabajo.cl\/portal\/wp-json\/wp\/v2\/types\/post"}],"author":[{"embeddable":true,"href":"https:\/\/eltrabajo.cl\/portal\/wp-json\/wp\/v2\/users\/482"}],"replies":[{"embeddable":true,"href":"https:\/\/eltrabajo.cl\/portal\/wp-json\/wp\/v2\/comments?post=101155"}],"version-history":[{"count":0,"href":"https:\/\/eltrabajo.cl\/portal\/wp-json\/wp\/v2\/posts\/101155\/revisions"}],"wp:featuredmedia":[{"embeddable":true,"href":"https:\/\/eltrabajo.cl\/portal\/wp-json\/wp\/v2\/media\/101156"}],"wp:attachment":[{"href":"https:\/\/eltrabajo.cl\/portal\/wp-json\/wp\/v2\/media?parent=101155"}],"wp:term":[{"taxonomy":"category","embeddable":true,"href":"https:\/\/eltrabajo.cl\/portal\/wp-json\/wp\/v2\/categories?post=101155"},{"taxonomy":"post_tag","embeddable":true,"href":"https:\/\/eltrabajo.cl\/portal\/wp-json\/wp\/v2\/tags?post=101155"}],"curies":[{"name":"wp","href":"https:\/\/api.w.org\/{rel}","templated":true}]}}