{"id":101158,"date":"2020-07-31T07:45:16","date_gmt":"2020-07-31T11:45:16","guid":{"rendered":"https:\/\/www.eltrabajo.cl\/portal\/?p=101158"},"modified":"2020-07-30T21:15:35","modified_gmt":"2020-07-31T01:15:35","slug":"profundo-dolor-ha-causado-el-deceso-de-maria-angelica-crovetto-nanjari","status":"publish","type":"post","link":"https:\/\/eltrabajo.cl\/portal\/profundo-dolor-ha-causado-el-deceso-de-maria-angelica-crovetto-nanjari\/","title":{"rendered":"Profundo dolor ha causado el deceso de Mar\u00eda Ang\u00e9lica Crovetto Nanjar\u00ed"},"content":{"rendered":"<p style=\"text-align: justify;\">El pasado lunes 27 de Julio del presente a\u00f1o,\u00a0 en el hospital San Camilo de San Felipe, falleci\u00f3 querida Sanfelipe\u00f1a y ex profesora del Liceo San Felipe. Mar\u00eda Ang\u00e9lica ten\u00eda enfermedades de base que la aquejaban hace ya varios a\u00f1os y que hab\u00edan deteriorado su salud gravemente. Finalmente, el Covid-19 agrav\u00f3 su condici\u00f3n lo que la mantuvo por varias semanas en el hospital luchando por su vida, lamentablemente y a pesar de los esfuerzos no resisti\u00f3 y el virus termin\u00f3 con su existencia. Su funeral\u00a0 se realiz\u00f3 la ma\u00f1ana del Martes bajo un estricto protocolo sanitario y con un limitado n\u00famero de asistentes atendida las circunstancias, en el Cementerio Municipal de San Felipe.<\/p>\n<p style=\"text-align: justify;\">Mar\u00eda Ang\u00e9lica era hija de <strong>V\u00edctor Hugo Crovetto <\/strong>y <strong>Marta Nanjar\u00ed<\/strong>. <strong>&#8216;La se\u00f1orita Ang\u00e9lica&#8217;<\/strong>, como tambi\u00e9n era conocida, fue una gran mujer; una hija cari\u00f1osa y preocupada, que se dedic\u00f3 al cuidado de sus padres hasta sus respectivas partidas de una forma admirable. Fue una magn\u00edfica esposa, una mujer sensible, afectuosa y con una calidad humana excepcional. Quienes las conocieron podr\u00e1n dar fe de su\u00a0 gran coraz\u00f3n y su fallecimiento es, sin lugar a dudas,una p\u00e9rdida irreparable.<\/p>\n<p style=\"text-align: justify;\">Su marido y familia lloran su partida y agradecen las innumerables muestras de afecto, esperan en Dios que pueda descansar\u00a0 en paz en los brazos del alt\u00edsimo.<\/p>\n<figure id=\"attachment_101159\" aria-describedby=\"caption-attachment-101159\" style=\"width: 580px\" class=\"wp-caption alignnone\"><img data-recalc-dims=\"1\" loading=\"lazy\" decoding=\"async\" class=\"size-full wp-image-101159\" src=\"https:\/\/i0.wp.com\/eltrabajo.cl\/portal\/wp-content\/uploads\/2020\/07\/Ang%C3%A9lica-y-Padre.jpg?resize=580%2C358&#038;ssl=1\" alt=\"&quot;Mar\u00eda Ang\u00e9lica y su marido Joaqu\u00edn, una tarde de verano en tradicional restaurant de San Felipe&quot;.\" width=\"580\" height=\"358\" srcset=\"https:\/\/i0.wp.com\/eltrabajo.cl\/portal\/wp-content\/uploads\/2020\/07\/Ang%C3%A9lica-y-Padre.jpg?w=580&amp;ssl=1 580w, https:\/\/i0.wp.com\/eltrabajo.cl\/portal\/wp-content\/uploads\/2020\/07\/Ang%C3%A9lica-y-Padre.jpg?resize=300%2C185&amp;ssl=1 300w, https:\/\/i0.wp.com\/eltrabajo.cl\/portal\/wp-content\/uploads\/2020\/07\/Ang%C3%A9lica-y-Padre.jpg?resize=200%2C123&amp;ssl=1 200w\" sizes=\"auto, (max-width: 580px) 100vw, 580px\" \/><figcaption id=\"caption-attachment-101159\" class=\"wp-caption-text\">\u00abMar\u00eda Ang\u00e9lica y su marido Joaqu\u00edn, una tarde de verano en tradicional restaurant de San Felipe\u00bb.<\/figcaption><\/figure>\n","protected":false},"excerpt":{"rendered":"<p>El pasado lunes 27 de Julio del presente a\u00f1o,\u00a0 en el hospital San Camilo de San Felipe, falleci\u00f3 querida Sanfelipe\u00f1a y ex profesora del Liceo San Felipe. Mar\u00eda Ang\u00e9lica ten\u00eda enfermedades de&#8230;<\/p>\n","protected":false},"author":482,"featured_media":101159,"comment_status":"closed","ping_status":"open","sticky":false,"template":"","format":"standard","meta":{"advanced_seo_description":"","jetpack_seo_html_title":"","jetpack_seo_noindex":false,"_jetpack_memberships_contains_paid_content":false,"footnotes":""},"categories":[15,105],"tags":[],"class_list":["post-101158","post","type-post","status-publish","format-standard","has-post-thumbnail","hentry","category-comunidad","category-covid-19"],"jetpack_featured_media_url":"https:\/\/i0.wp.com\/eltrabajo.cl\/portal\/wp-content\/uploads\/2020\/07\/Ang%C3%A9lica-y-Padre.jpg?fit=580%2C358&ssl=1","jetpack_sharing_enabled":true,"jetpack_likes_enabled":true,"jetpack-related-posts":[],"_links":{"self":[{"href":"https:\/\/eltrabajo.cl\/portal\/wp-json\/wp\/v2\/posts\/101158","targetHints":{"allow":["GET"]}}],"collection":[{"href":"https:\/\/eltrabajo.cl\/portal\/wp-json\/wp\/v2\/posts"}],"about":[{"href":"https:\/\/eltrabajo.cl\/portal\/wp-json\/wp\/v2\/types\/post"}],"author":[{"embeddable":true,"href":"https:\/\/eltrabajo.cl\/portal\/wp-json\/wp\/v2\/users\/482"}],"replies":[{"embeddable":true,"href":"https:\/\/eltrabajo.cl\/portal\/wp-json\/wp\/v2\/comments?post=101158"}],"version-history":[{"count":0,"href":"https:\/\/eltrabajo.cl\/portal\/wp-json\/wp\/v2\/posts\/101158\/revisions"}],"wp:featuredmedia":[{"embeddable":true,"href":"https:\/\/eltrabajo.cl\/portal\/wp-json\/wp\/v2\/media\/101159"}],"wp:attachment":[{"href":"https:\/\/eltrabajo.cl\/portal\/wp-json\/wp\/v2\/media?parent=101158"}],"wp:term":[{"taxonomy":"category","embeddable":true,"href":"https:\/\/eltrabajo.cl\/portal\/wp-json\/wp\/v2\/categories?post=101158"},{"taxonomy":"post_tag","embeddable":true,"href":"https:\/\/eltrabajo.cl\/portal\/wp-json\/wp\/v2\/tags?post=101158"}],"curies":[{"name":"wp","href":"https:\/\/api.w.org\/{rel}","templated":true}]}}