{"id":101161,"date":"2020-07-31T07:50:00","date_gmt":"2020-07-31T11:50:00","guid":{"rendered":"https:\/\/www.eltrabajo.cl\/portal\/?p=101161"},"modified":"2020-07-30T21:18:25","modified_gmt":"2020-07-31T01:18:25","slug":"piden-ayuda-para-pagar-gastos-funerarios-de-comerciante-atropellada-en-villarrica","status":"publish","type":"post","link":"https:\/\/eltrabajo.cl\/portal\/piden-ayuda-para-pagar-gastos-funerarios-de-comerciante-atropellada-en-villarrica\/","title":{"rendered":"Piden ayuda para pagar gastos funerarios de comerciante atropellada en Villarrica"},"content":{"rendered":"<p style=\"text-align: justify;\">Una informaci\u00f3n lamentable fue la que pudimos conocer caminando por las calles de nuestra ciudad San Felipe y tiene que ver principalmente que hasta el momento la familia, espec\u00edficamente su hijo y amigas de <strong>Isabel Mar\u00edn<\/strong>, mujer que muri\u00f3 atropellada en Villarrica, no puede cerrar definitivamente el cap\u00edtulo en cuanto a los funerales se refiere.<\/p>\n<p style=\"text-align: justify;\">Lo anterior porque s\u00f3lo el traslado del cuerpo de Isabel desde Villarrica a San Felipe, tuvo un valor que lleg\u00f3 a los 450 mil pesos. Algo que tuvo que costear su hijo con la ayuda que le lleg\u00f3 de distintas personas, a lo que se suman los gastos del funeral y por lo cual hoy est\u00e1n realizando una campa\u00f1a para poder pagar las deudas adquiridas.<\/p>\n<p style=\"text-align: justify;\">Nuestro medio convers\u00f3 con <strong>Yerko Castillo<\/strong>, hijo de Isabel, el primer d\u00eda que volv\u00eda a trabajar, quien nos indic\u00f3 que no estaba saldada la deuda: <em>\u00abEcon\u00f3micamente no ha sido saldado, o sea igual hubo ayuda de la gente, pero no ha sido saldado todo, igual queda bastante deuda porque de hecho la municipalidad dijo que se iba a portar con el traslado y resulta que hasta la fecha de hoy solamente me dicen que cuando est\u00e9 listo me van a avisar, y de la fecha que lo dijeron no ha habido ninguna respuesta hasta el d\u00eda de hoy\u00bb,<\/em> dijo Yerko.<\/p>\n<p style=\"text-align: justify;\">&#8211; <strong>\u00bfO sea no se ha cancelado ese servicio de traslado?<\/strong><\/p>\n<p style=\"text-align: justify;\">&#8211; Lo cancel\u00e9 de la ayuda que nos dieron, pero no de la municipalidad.<\/p>\n<p style=\"text-align: justify;\">&#8211; <strong>\u00bfLa municipalidad le dio facilidades en el cementerio?<\/strong><\/p>\n<p style=\"text-align: justify;\">&#8211; No, de hecho, solamente dijeron que me ayudaban con el tema del traslado, pero hasta la fecha no han ayudado con el traslado, o sea lo tuve que pagar yo, fue la \u00fanica ayuda de la municipalidad, pero a\u00fan no ha llegado.<\/p>\n<p style=\"text-align: justify;\">En lo que respecta al funeral, se\u00f1al\u00f3 que desde el cementerio le ofrecieron <em>\u00abtener un lugar que ellos arrendaban por seis meses y despu\u00e9s de eso ten\u00eda que volver a hacer los papeleos, sacar a mi mam\u00e1, entonces no conven\u00eda porque era la \u00fanica ayuda que ellos me estaban dando. Tuve que comprar un espacio (terreno) y eso lo tengo ahora que pagar en cuotas, todav\u00eda tengo que pagar lo que queda de la funeraria, entonces igual ha sido bastante dif\u00edcil\u00bb.<\/em><\/p>\n<p style=\"text-align: justify;\">Yerko volvi\u00f3 reci\u00e9n esta semana a trabajar en su carrito en avenida Maip\u00fa, frente al \u2018A Cuenta\u2019, por lo cual se le ha hecho muy dif\u00edcil la situaci\u00f3n.<\/p>\n<p style=\"text-align: justify;\">\n<p style=\"text-align: justify;\"><span style=\"color: #c81400;\"><strong>GRAN MUJER<\/strong><\/span><\/p>\n<p style=\"text-align: justify;\">Como se recordar\u00e1, Isabel Mar\u00edn falleci\u00f3 en Villarrica tras ser atropellada por un veh\u00edculo mientras se dirig\u00eda a casa. La noticia se conoci\u00f3 el d\u00eda martes 7 de julio en horas de la noche por medio de las redes sociales.<\/p>\n<p style=\"text-align: justify;\">Isabel trabajaba en un aserradero controlando la entrada y salida de camiones.<\/p>\n<p style=\"text-align: justify;\">En nuestra nota informativa cuando ocurri\u00f3 la tragedia, una de sus amigas, <strong>Karla Cortez<\/strong>, la describi\u00f3 como una gran mujer:\u00a0<em>\u00abUna mujer muy esforzada, muy trabajadora; ella era comerciante afuera del supermercado A Cuenta de Avenida Maip\u00fa, de aqu\u00ed del centro de la feria Diego de Almagro. Como ustedes saben est\u00e1 todo malo desde que comenz\u00f3 el virus, todos los comerciantes nos fuimos a cuarentena, porque est\u00e1 mal y mi amiga fue en busca de trabajo, se fue a Villarrica donde le ofrecieron un trabajo, pero tambi\u00e9n estaba mal all\u00e1 porque no se hab\u00eda podido levantar como ella pensaba. Ayer (martes), sali\u00f3 del trabajo, fue a la casa, se juntaban donde compart\u00edan compa\u00f1eros del trabajo, cuando va caminando por una calle que es muy oscura en Villarrica y pasa un veh\u00edculo, iba una mujer manejando, la atropell\u00f3 y ella muri\u00f3 al tiro en el lugar\u00bb,<\/em>\u00a0dijo en su momento.<\/p>\n<p style=\"text-align: justify;\">Es por eso que reiteran el llamado a las personas que en vida conocieron a Isabel Mar\u00edn a ponerse <em>\u00abla manito en el coraz\u00f3n\u00bb<\/em> y cooperar para poder terminar con las deudas que acarre\u00f3 su funeral.<\/p>\n<p style=\"text-align: justify;\">Para cooperar, las personas que lo deseen hacer se pueden dirigir a las afueras del Supermercado A Cuenta ubicado en la avenida Maip\u00fa. Ah\u00ed est\u00e1n tanto el hijo como sus amigas dispuestas a recibir su ayuda.<\/p>\n<figure id=\"attachment_101163\" aria-describedby=\"caption-attachment-101163\" style=\"width: 580px\" class=\"wp-caption alignnone\"><img data-recalc-dims=\"1\" loading=\"lazy\" decoding=\"async\" class=\"size-full wp-image-101163\" src=\"https:\/\/i0.wp.com\/eltrabajo.cl\/portal\/wp-content\/uploads\/2020\/07\/Isabel-Marin-1.jpg?resize=580%2C600&#038;ssl=1\" alt=\"Isabel Mar\u00edn, conocida comerciante ambulante que vend\u00eda sopaipillas y empanadas fritas.\" width=\"580\" height=\"600\" srcset=\"https:\/\/i0.wp.com\/eltrabajo.cl\/portal\/wp-content\/uploads\/2020\/07\/Isabel-Marin-1.jpg?w=580&amp;ssl=1 580w, https:\/\/i0.wp.com\/eltrabajo.cl\/portal\/wp-content\/uploads\/2020\/07\/Isabel-Marin-1.jpg?resize=290%2C300&amp;ssl=1 290w, https:\/\/i0.wp.com\/eltrabajo.cl\/portal\/wp-content\/uploads\/2020\/07\/Isabel-Marin-1.jpg?resize=145%2C150&amp;ssl=1 145w\" sizes=\"auto, (max-width: 580px) 100vw, 580px\" \/><figcaption id=\"caption-attachment-101163\" class=\"wp-caption-text\">Isabel Mar\u00edn, conocida comerciante ambulante que vend\u00eda sopaipillas y empanadas fritas.<\/figcaption><\/figure>\n<figure id=\"attachment_101162\" aria-describedby=\"caption-attachment-101162\" style=\"width: 580px\" class=\"wp-caption alignnone\"><img data-recalc-dims=\"1\" loading=\"lazy\" decoding=\"async\" class=\"size-full wp-image-101162\" src=\"https:\/\/i0.wp.com\/eltrabajo.cl\/portal\/wp-content\/uploads\/2020\/07\/Isabel-Amigos.jpg?resize=580%2C359&#038;ssl=1\" alt=\"De izquierda a derecha Karka Cortez, Yerko Castillo (hijo) y Johana G\u00f3mez.\" width=\"580\" height=\"359\" srcset=\"https:\/\/i0.wp.com\/eltrabajo.cl\/portal\/wp-content\/uploads\/2020\/07\/Isabel-Amigos.jpg?w=580&amp;ssl=1 580w, https:\/\/i0.wp.com\/eltrabajo.cl\/portal\/wp-content\/uploads\/2020\/07\/Isabel-Amigos.jpg?resize=300%2C186&amp;ssl=1 300w, https:\/\/i0.wp.com\/eltrabajo.cl\/portal\/wp-content\/uploads\/2020\/07\/Isabel-Amigos.jpg?resize=200%2C124&amp;ssl=1 200w\" sizes=\"auto, (max-width: 580px) 100vw, 580px\" \/><figcaption id=\"caption-attachment-101162\" class=\"wp-caption-text\">De izquierda a derecha Karka Cortez, Yerko Castillo (hijo) y Johana G\u00f3mez.<\/figcaption><\/figure>\n","protected":false},"excerpt":{"rendered":"<p>Una informaci\u00f3n lamentable fue la que pudimos conocer caminando por las calles de nuestra ciudad San Felipe y tiene que ver principalmente que hasta el momento la familia, espec\u00edficamente su hijo y&#8230;<\/p>\n","protected":false},"author":482,"featured_media":101162,"comment_status":"closed","ping_status":"open","sticky":false,"template":"","format":"standard","meta":{"advanced_seo_description":"","jetpack_seo_html_title":"","jetpack_seo_noindex":false,"_jetpack_memberships_contains_paid_content":false,"footnotes":""},"categories":[15],"tags":[],"class_list":["post-101161","post","type-post","status-publish","format-standard","has-post-thumbnail","hentry","category-comunidad"],"jetpack_featured_media_url":"https:\/\/i0.wp.com\/eltrabajo.cl\/portal\/wp-content\/uploads\/2020\/07\/Isabel-Amigos.jpg?fit=580%2C359&ssl=1","jetpack_sharing_enabled":true,"jetpack_likes_enabled":true,"jetpack-related-posts":[],"_links":{"self":[{"href":"https:\/\/eltrabajo.cl\/portal\/wp-json\/wp\/v2\/posts\/101161","targetHints":{"allow":["GET"]}}],"collection":[{"href":"https:\/\/eltrabajo.cl\/portal\/wp-json\/wp\/v2\/posts"}],"about":[{"href":"https:\/\/eltrabajo.cl\/portal\/wp-json\/wp\/v2\/types\/post"}],"author":[{"embeddable":true,"href":"https:\/\/eltrabajo.cl\/portal\/wp-json\/wp\/v2\/users\/482"}],"replies":[{"embeddable":true,"href":"https:\/\/eltrabajo.cl\/portal\/wp-json\/wp\/v2\/comments?post=101161"}],"version-history":[{"count":0,"href":"https:\/\/eltrabajo.cl\/portal\/wp-json\/wp\/v2\/posts\/101161\/revisions"}],"wp:featuredmedia":[{"embeddable":true,"href":"https:\/\/eltrabajo.cl\/portal\/wp-json\/wp\/v2\/media\/101162"}],"wp:attachment":[{"href":"https:\/\/eltrabajo.cl\/portal\/wp-json\/wp\/v2\/media?parent=101161"}],"wp:term":[{"taxonomy":"category","embeddable":true,"href":"https:\/\/eltrabajo.cl\/portal\/wp-json\/wp\/v2\/categories?post=101161"},{"taxonomy":"post_tag","embeddable":true,"href":"https:\/\/eltrabajo.cl\/portal\/wp-json\/wp\/v2\/tags?post=101161"}],"curies":[{"name":"wp","href":"https:\/\/api.w.org\/{rel}","templated":true}]}}