{"id":101168,"date":"2020-07-31T08:00:28","date_gmt":"2020-07-31T12:00:28","guid":{"rendered":"https:\/\/www.eltrabajo.cl\/portal\/?p=101168"},"modified":"2020-08-01T01:39:43","modified_gmt":"2020-08-01T05:39:43","slug":"este-jueves-amigos-y-familiares-despidieron-al-querido-manuel-amigo-isla","status":"publish","type":"post","link":"https:\/\/eltrabajo.cl\/portal\/este-jueves-amigos-y-familiares-despidieron-al-querido-manuel-amigo-isla\/","title":{"rendered":"Este jueves amigos y familiares despidieron al querido Manuel Amigo Isla"},"content":{"rendered":"<p style=\"text-align: justify;\">Luego que el conocido vecino en situaci\u00f3n de calle <strong>Manuel Eduardo Amigo Isla<\/strong>, sufriera una dram\u00e1tica muerte tras perder el equilibrio la tarde de este martes y cayera a la calzada en Avenida Chacabuco, siendo aplastado por las ruedas de la rampla de un cami\u00f3n que iba pasando en esos momentos por el lugar, al mediod\u00eda de este jueves se realiz\u00f3 un responso en la antigua Casa Hogar en Las Cuatro Villas.<\/p>\n<p style=\"text-align: justify;\">Su velatorio tambi\u00e9n se realiz\u00f3 en dicho lugar. A despedirlo llegaron otros amigos suyos y tambi\u00e9n sus hermanas, quienes viajaron desde Talcahuano a despedir al querido \u2018<strong>Islita<\/strong>\u2019. <strong>Diario El Trabajo<\/strong> logr\u00f3 hablar con una de las hermanas de Manuel, <strong>Janet Amigo Isla<\/strong>.<\/p>\n<p style=\"text-align: justify;\">\u00ab<em>Manuel era el menor de cinco hermanos; <strong>Ingrid<\/strong>, <strong>Rosa<\/strong>, yo, <strong>M\u00f3nica<\/strong> y \u00e9l. Nuestra madre <strong>Mar\u00eda Isla<\/strong> siempre intent\u00f3 mantenernos unidos, sin embargo Manuel se vino para San Felipe, estuvo un tiempo como ayudante de mec\u00e1nica, regres\u00f3 al sur hace como cinco a\u00f1os pues hab\u00eda sufrido otro accidente, fue atropellado y sus piernas quedaron da\u00f1adas; estuvo en el sur otro tiempo, ten\u00eda una polola <strong>Paulina<\/strong>, se vino para casarse, pero se le ocurri\u00f3 pasar antes a San Felipe para saludar a sus amigos, y se qued\u00f3 en San Felipe. Tuvo un hijo llamado <strong>Benjam\u00edn<\/strong>, vive en Argentina. Quiero tambi\u00e9n agradecer a todo el pueblo de San Felipe por el cari\u00f1o y apoyo que siempre le han brindado a nuestro hermano Manuel, al Municipio, a sus amigos de calle, a todos muchas gracias<\/em>\u00bb, dijo Janet.<\/p>\n<p style=\"text-align: justify;\">Al velatorio llegaron sus inseparables amigos de calle, quienes con \u00e9l recorrieron por a\u00f1os nuestros oscuros y claros rincones de la comuna. Hombre educado. Respetuoso. Irradiaba alegr\u00eda y amigo de sus amigos. Fue sepultado en el Cementerio Municipal de San Felipe, en Almendral.<\/p>\n<p style=\"text-align: justify;\"><strong>Roberto Gonz\u00e1lez Short<\/strong><\/p>\n<figure id=\"attachment_101169\" aria-describedby=\"caption-attachment-101169\" style=\"width: 580px\" class=\"wp-caption alignnone\"><img data-recalc-dims=\"1\" loading=\"lazy\" decoding=\"async\" class=\"size-full wp-image-101169\" src=\"https:\/\/i0.wp.com\/eltrabajo.cl\/portal\/wp-content\/uploads\/2020\/07\/Islita1-portada.jpg?resize=580%2C359&#038;ssl=1\" alt=\"MASIVA DESPEDIDA.- Amigos de calle de Manuel Amigo Isla, familiares y conocidos de \u2018Islita\u2019 le acompa\u00f1aron hasta el final, las c\u00e1maras de Diario El Trabajo registraron esta foto grupal con sus amigos junto a su f\u00e9retro.\" width=\"580\" height=\"359\" srcset=\"https:\/\/i0.wp.com\/eltrabajo.cl\/portal\/wp-content\/uploads\/2020\/07\/Islita1-portada.jpg?w=580&amp;ssl=1 580w, https:\/\/i0.wp.com\/eltrabajo.cl\/portal\/wp-content\/uploads\/2020\/07\/Islita1-portada.jpg?resize=300%2C186&amp;ssl=1 300w, https:\/\/i0.wp.com\/eltrabajo.cl\/portal\/wp-content\/uploads\/2020\/07\/Islita1-portada.jpg?resize=200%2C124&amp;ssl=1 200w\" sizes=\"auto, (max-width: 580px) 100vw, 580px\" \/><figcaption id=\"caption-attachment-101169\" class=\"wp-caption-text\">MASIVA DESPEDIDA.- Amigos de calle de Manuel Amigo Isla, familiares y conocidos de \u2018Islita\u2019 le acompa\u00f1aron hasta el final, las c\u00e1maras de Diario El Trabajo registraron esta foto grupal con sus amigos junto a su f\u00e9retro.<\/figcaption><\/figure>\n<figure id=\"attachment_101170\" aria-describedby=\"caption-attachment-101170\" style=\"width: 580px\" class=\"wp-caption alignnone\"><img data-recalc-dims=\"1\" loading=\"lazy\" decoding=\"async\" class=\"size-full wp-image-101170\" src=\"https:\/\/i0.wp.com\/eltrabajo.cl\/portal\/wp-content\/uploads\/2020\/07\/Islita_Janet-Amigo-Isla.jpg?resize=580%2C600&#038;ssl=1\" alt=\"AL MAL TIEMPO.- Janet Amigo Isla, hermana de Manuel, prefiri\u00f3 sonre\u00edr, agradecida por el cari\u00f1o de la gente hacia su hermano.\" width=\"580\" height=\"600\" srcset=\"https:\/\/i0.wp.com\/eltrabajo.cl\/portal\/wp-content\/uploads\/2020\/07\/Islita_Janet-Amigo-Isla.jpg?w=580&amp;ssl=1 580w, https:\/\/i0.wp.com\/eltrabajo.cl\/portal\/wp-content\/uploads\/2020\/07\/Islita_Janet-Amigo-Isla.jpg?resize=290%2C300&amp;ssl=1 290w, https:\/\/i0.wp.com\/eltrabajo.cl\/portal\/wp-content\/uploads\/2020\/07\/Islita_Janet-Amigo-Isla.jpg?resize=145%2C150&amp;ssl=1 145w\" sizes=\"auto, (max-width: 580px) 100vw, 580px\" \/><figcaption id=\"caption-attachment-101170\" class=\"wp-caption-text\">AL MAL TIEMPO.- Janet Amigo Isla, hermana de Manuel, prefiri\u00f3 sonre\u00edr, agradecida por el cari\u00f1o de la gente hacia su hermano.<\/figcaption><\/figure>\n<figure id=\"attachment_101171\" aria-describedby=\"caption-attachment-101171\" style=\"width: 580px\" class=\"wp-caption alignnone\"><img data-recalc-dims=\"1\" loading=\"lazy\" decoding=\"async\" class=\"size-full wp-image-101171\" src=\"https:\/\/i0.wp.com\/eltrabajo.cl\/portal\/wp-content\/uploads\/2020\/07\/Islita_Manuel-Eduardo-Amigo-Isla.jpg?resize=580%2C598&#038;ssl=1\" alt=\"Manuel Eduardo Amigo Isla, fue sepultado este jueves en el Cementerio Municipal. Ten\u00eda 43 a\u00f1os de edad.\" width=\"580\" height=\"598\" srcset=\"https:\/\/i0.wp.com\/eltrabajo.cl\/portal\/wp-content\/uploads\/2020\/07\/Islita_Manuel-Eduardo-Amigo-Isla.jpg?w=580&amp;ssl=1 580w, https:\/\/i0.wp.com\/eltrabajo.cl\/portal\/wp-content\/uploads\/2020\/07\/Islita_Manuel-Eduardo-Amigo-Isla.jpg?resize=291%2C300&amp;ssl=1 291w, https:\/\/i0.wp.com\/eltrabajo.cl\/portal\/wp-content\/uploads\/2020\/07\/Islita_Manuel-Eduardo-Amigo-Isla.jpg?resize=145%2C150&amp;ssl=1 145w\" sizes=\"auto, (max-width: 580px) 100vw, 580px\" \/><figcaption id=\"caption-attachment-101171\" class=\"wp-caption-text\">Manuel Eduardo Amigo Isla, fue sepultado este jueves en el Cementerio Municipal. Ten\u00eda 43 a\u00f1os de edad.<\/figcaption><\/figure>\n","protected":false},"excerpt":{"rendered":"<p>Luego que el conocido vecino en situaci\u00f3n de calle Manuel Eduardo Amigo Isla, sufriera una dram\u00e1tica muerte tras perder el equilibrio la tarde de este martes y cayera a la calzada en&#8230;<\/p>\n","protected":false},"author":482,"featured_media":101169,"comment_status":"closed","ping_status":"open","sticky":false,"template":"","format":"standard","meta":{"advanced_seo_description":"","jetpack_seo_html_title":"","jetpack_seo_noindex":false,"_jetpack_memberships_contains_paid_content":false,"footnotes":""},"categories":[15],"tags":[],"class_list":["post-101168","post","type-post","status-publish","format-standard","has-post-thumbnail","hentry","category-comunidad"],"jetpack_featured_media_url":"https:\/\/i0.wp.com\/eltrabajo.cl\/portal\/wp-content\/uploads\/2020\/07\/Islita1-portada.jpg?fit=580%2C359&ssl=1","jetpack_sharing_enabled":true,"jetpack_likes_enabled":true,"jetpack-related-posts":[],"_links":{"self":[{"href":"https:\/\/eltrabajo.cl\/portal\/wp-json\/wp\/v2\/posts\/101168","targetHints":{"allow":["GET"]}}],"collection":[{"href":"https:\/\/eltrabajo.cl\/portal\/wp-json\/wp\/v2\/posts"}],"about":[{"href":"https:\/\/eltrabajo.cl\/portal\/wp-json\/wp\/v2\/types\/post"}],"author":[{"embeddable":true,"href":"https:\/\/eltrabajo.cl\/portal\/wp-json\/wp\/v2\/users\/482"}],"replies":[{"embeddable":true,"href":"https:\/\/eltrabajo.cl\/portal\/wp-json\/wp\/v2\/comments?post=101168"}],"version-history":[{"count":0,"href":"https:\/\/eltrabajo.cl\/portal\/wp-json\/wp\/v2\/posts\/101168\/revisions"}],"wp:featuredmedia":[{"embeddable":true,"href":"https:\/\/eltrabajo.cl\/portal\/wp-json\/wp\/v2\/media\/101169"}],"wp:attachment":[{"href":"https:\/\/eltrabajo.cl\/portal\/wp-json\/wp\/v2\/media?parent=101168"}],"wp:term":[{"taxonomy":"category","embeddable":true,"href":"https:\/\/eltrabajo.cl\/portal\/wp-json\/wp\/v2\/categories?post=101168"},{"taxonomy":"post_tag","embeddable":true,"href":"https:\/\/eltrabajo.cl\/portal\/wp-json\/wp\/v2\/tags?post=101168"}],"curies":[{"name":"wp","href":"https:\/\/api.w.org\/{rel}","templated":true}]}}