{"id":101371,"date":"2020-08-02T21:20:35","date_gmt":"2020-08-03T01:20:35","guid":{"rendered":"https:\/\/www.eltrabajo.cl\/portal\/?p=101371"},"modified":"2020-08-02T21:20:35","modified_gmt":"2020-08-03T01:20:35","slug":"este-lunes-todo-el-comercio-dejara-de-entregar-bolsas-plasticas","status":"publish","type":"post","link":"https:\/\/eltrabajo.cl\/portal\/este-lunes-todo-el-comercio-dejara-de-entregar-bolsas-plasticas\/","title":{"rendered":"Este lunes todo el comercio dejar\u00e1 de entregar bolsas pl\u00e1sticas"},"content":{"rendered":"<p style=\"text-align: justify;\">La Municipalidad de San Felipe inform\u00f3 que hoy lunes 3 de agosto entra en vigor total la ley que proh\u00edbe la entrega de bolsas pl\u00e1sticas en el comercio, lo que significar\u00e1 que las personas deben portar obligatoriamente este elemento. A partir de ese d\u00eda, el comercio minorista no podr\u00e1 entregar bolsas a sus clientes cuando realicen compras como era la costumbre.<\/p>\n<p style=\"text-align: justify;\">La ley conocida como \u2018<strong>Chao Bolsas Pl\u00e1sticas<\/strong>\u2019 comenz\u00f3 a regir gradualmente el 3 de agosto de 2018 cuando el comercio pod\u00eda entregar un m\u00e1ximo de dos bolsas por compra. Seis meses despu\u00e9s, los grandes comercios, como supermercados y retail, ya no pod\u00edan entregar ninguna bolsa hecha de pl\u00e1stico. A esa prohibici\u00f3n total se sumar\u00e1n, a partir de hoy lunes, los negocios de barrio o las ferias libres.<\/p>\n<p style=\"text-align: justify;\">Quedan exceptuados de la prohibici\u00f3n todos los productos que ya vienen envasados desde f\u00e1brica, por ejemplo: arroz, legumbres, galletas. El alcalde <strong>Patricio Freire<\/strong> destac\u00f3 la puesta en vigencia de la normativa que permitir\u00e1 contribuir a la protecci\u00f3n del medioambiente, \u00ab<em>confiamos que todos los comerciantes, no s\u00f3lo las grandes cadenas <\/em>(\u2026) <em>Esto permite que nuestra comuna tenga una mejor calidad de vida, en lo que significa buenas pr\u00e1cticas y en la que todos debemos colaborar como apoyar<\/em>\u00bb, a\u00f1adi\u00f3\u00a0 el jefe comunal.<\/p>\n<p style=\"text-align: justify;\"><strong>Jacqueline Aguilar<\/strong>, directora de la Dipma, manifest\u00f3 que ser\u00e1n los inspectores municipales los encargados de fiscalizar el cumplimiento de esta normativa, dado que se fijan multas en el caso que no se respete, incluso si el local reincide en la entrega de bolsas.<\/p>\n<p style=\"text-align: justify;\">\u00ab<em>Si bien en esta \u00faltima etapa no podr\u00e1n entregar bolsas pl\u00e1sticas al comprar, es decir, para el traslado de los productos, existe la excepci\u00f3n con los llamados envases primarios, s\u00f3lo en los casos en que estas vayan en contacto directo con un alimento que no cuente con un recipiente como, por ejemplo: el pan, pescados, frutas o verduras<\/em>\u00bb, precis\u00f3.<\/p>\n<p style=\"text-align: justify;\">La coordinadora del Departamento de Gesti\u00f3n Ambiental, <strong>Odette Illanes<\/strong>, indic\u00f3 que lo m\u00e1s importante es insistir que los vecinos de la comuna porten su bolsa personal al momento de efectuar cualquier tipo de compra. Finalmente, hay que precisar que, si bien la ley proh\u00edbe la entrega de bolsas pl\u00e1sticas al comercio, no existe la prohibici\u00f3n de su venta.<\/p>\n<figure id=\"attachment_101372\" aria-describedby=\"caption-attachment-101372\" style=\"width: 580px\" class=\"wp-caption alignnone\"><img data-recalc-dims=\"1\" loading=\"lazy\" decoding=\"async\" class=\"size-full wp-image-101372\" src=\"https:\/\/i0.wp.com\/eltrabajo.cl\/portal\/wp-content\/uploads\/2020\/08\/Bolsas1.jpg?resize=580%2C360&#038;ssl=1\" alt=\"Esta medida se incorpor\u00f3, de forma paulatina, desde el 2018 y ahora se suman los medianos y peque\u00f1os negocios a la medida.\" width=\"580\" height=\"360\" srcset=\"https:\/\/i0.wp.com\/eltrabajo.cl\/portal\/wp-content\/uploads\/2020\/08\/Bolsas1.jpg?w=580&amp;ssl=1 580w, https:\/\/i0.wp.com\/eltrabajo.cl\/portal\/wp-content\/uploads\/2020\/08\/Bolsas1.jpg?resize=300%2C186&amp;ssl=1 300w, https:\/\/i0.wp.com\/eltrabajo.cl\/portal\/wp-content\/uploads\/2020\/08\/Bolsas1.jpg?resize=200%2C124&amp;ssl=1 200w\" sizes=\"auto, (max-width: 580px) 100vw, 580px\" \/><figcaption id=\"caption-attachment-101372\" class=\"wp-caption-text\">Esta medida se incorpor\u00f3, de forma paulatina, desde el 2018 y ahora se suman los medianos y peque\u00f1os negocios a la medida.<\/figcaption><\/figure>\n","protected":false},"excerpt":{"rendered":"<p>La Municipalidad de San Felipe inform\u00f3 que hoy lunes 3 de agosto entra en vigor total la ley que proh\u00edbe la entrega de bolsas pl\u00e1sticas en el comercio, lo que significar\u00e1 que&#8230;<\/p>\n","protected":false},"author":482,"featured_media":101372,"comment_status":"closed","ping_status":"open","sticky":false,"template":"","format":"standard","meta":{"advanced_seo_description":"","jetpack_seo_html_title":"","jetpack_seo_noindex":false,"_jetpack_memberships_contains_paid_content":false,"footnotes":""},"categories":[103],"tags":[],"class_list":["post-101371","post","type-post","status-publish","format-standard","has-post-thumbnail","hentry","category-cronica-2"],"jetpack_featured_media_url":"https:\/\/i0.wp.com\/eltrabajo.cl\/portal\/wp-content\/uploads\/2020\/08\/Bolsas1.jpg?fit=580%2C360&ssl=1","jetpack_sharing_enabled":true,"jetpack_likes_enabled":true,"jetpack-related-posts":[],"_links":{"self":[{"href":"https:\/\/eltrabajo.cl\/portal\/wp-json\/wp\/v2\/posts\/101371","targetHints":{"allow":["GET"]}}],"collection":[{"href":"https:\/\/eltrabajo.cl\/portal\/wp-json\/wp\/v2\/posts"}],"about":[{"href":"https:\/\/eltrabajo.cl\/portal\/wp-json\/wp\/v2\/types\/post"}],"author":[{"embeddable":true,"href":"https:\/\/eltrabajo.cl\/portal\/wp-json\/wp\/v2\/users\/482"}],"replies":[{"embeddable":true,"href":"https:\/\/eltrabajo.cl\/portal\/wp-json\/wp\/v2\/comments?post=101371"}],"version-history":[{"count":0,"href":"https:\/\/eltrabajo.cl\/portal\/wp-json\/wp\/v2\/posts\/101371\/revisions"}],"wp:featuredmedia":[{"embeddable":true,"href":"https:\/\/eltrabajo.cl\/portal\/wp-json\/wp\/v2\/media\/101372"}],"wp:attachment":[{"href":"https:\/\/eltrabajo.cl\/portal\/wp-json\/wp\/v2\/media?parent=101371"}],"wp:term":[{"taxonomy":"category","embeddable":true,"href":"https:\/\/eltrabajo.cl\/portal\/wp-json\/wp\/v2\/categories?post=101371"},{"taxonomy":"post_tag","embeddable":true,"href":"https:\/\/eltrabajo.cl\/portal\/wp-json\/wp\/v2\/tags?post=101371"}],"curies":[{"name":"wp","href":"https:\/\/api.w.org\/{rel}","templated":true}]}}