{"id":101374,"date":"2020-08-03T07:45:41","date_gmt":"2020-08-03T11:45:41","guid":{"rendered":"https:\/\/www.eltrabajo.cl\/portal\/?p=101374"},"modified":"2020-08-02T21:26:03","modified_gmt":"2020-08-03T01:26:03","slug":"vecinos-y-alarma-logran-evitar-robo-en-la-parroquia-la-merced","status":"publish","type":"post","link":"https:\/\/eltrabajo.cl\/portal\/vecinos-y-alarma-logran-evitar-robo-en-la-parroquia-la-merced\/","title":{"rendered":"Vecinos y alarma logran evitar robo en la Parroquia La Merced"},"content":{"rendered":"<p style=\"text-align: justify;\">Literalmente podemos decir que ni Dios se salva de la delincuencia. Esto porque durante la madrugada de este viernes un solitario delincuente ingres\u00f3 hasta las dependencias de la Parroquia de la Merced que no ser por la activaci\u00f3n de la alarma y el r\u00e1pido accionar de vecinos, quienes llamaron a Carabineros, el sujeto hubiera hecho las quico y caco en el interior. Desde el Departamento de Comunicaciones del Obispado San Felipe reconocieron el hecho corroborando que s\u00f3lo hubo da\u00f1os.<\/p>\n<p style=\"text-align: justify;\">\u00ab<em>Anoche<\/em> (jueves) <em>cerca de las 12:45 horas de la noche, hubo una persona que ingres\u00f3 a robar a la parroquia de Nuestra Se\u00f1ora de la Merced en la ciudad de San Felipe, esta persona al ingresar trat\u00f3 de tomar algunas especies, sin embargo no encontr\u00f3 nada porque inmediatamente cuando ella ingres\u00f3 comenz\u00f3 a sonar la alarma de la parroquia esto dio aviso tambi\u00e9n algunos vecinos que informaron y dieron a conocer a Carabineros lo que estaba ocurriendo por lo tanto la persona no alcanz\u00f3 a sustraer ning\u00fan elemento de valor de la parroquia, sin embargo caus\u00f3 bastantes destrozos y desmanes al interior de las oficinas parroquial<\/em>\u00bb.<\/p>\n<p style=\"text-align: justify;\">Durante la ma\u00f1ana de este viernes Carabineros estuvo en el lugar realizando las pericias correspondientes para dar con el paradero de la persona que hab\u00eda ingresado.<\/p>\n<p style=\"text-align: justify;\">Desde el Obispado de San Felipe agradecieron a los vecinos especialmente a uno que al sentir la alarma, \u00ab<em>tambi\u00e9n inform\u00f3 a Carabineros para que concurrieran al lugar \u00abtambi\u00e9n alert\u00f3 a la persona y eso hizo que la persona saliera r\u00e1pidamente de estas dependencias y finalmente no sustrajera nada de valor del lugar lamentamos el hecho ocurrido durante esta madrugada, pero tambi\u00e9n agradecemos el apoyo de la comunidad de la Parroquia de la Merced que siempre est\u00e1n atentos y disponibles para ayudar en cuanto se necesitan m\u00e1s en una situaci\u00f3n como esta<\/em>\u00bb, dijo <strong>Jos\u00e9 Fern\u00e1ndez<\/strong> del Departamento de Comunicaciones.<\/p>\n<p style=\"text-align: justify;\">la Parroquia de Nuestra Se\u00f1ora de la Merced se encuentra ubicada en la calle V\u00edctor Laf\u00f3n de San Felipe.<\/p>\n<figure id=\"attachment_101375\" aria-describedby=\"caption-attachment-101375\" style=\"width: 580px\" class=\"wp-caption alignnone\"><img data-recalc-dims=\"1\" loading=\"lazy\" decoding=\"async\" class=\"size-full wp-image-101375\" src=\"https:\/\/i0.wp.com\/eltrabajo.cl\/portal\/wp-content\/uploads\/2020\/08\/Iglesia-merced.jpg?resize=580%2C359&#038;ssl=1\" alt=\"Ac\u00e1 se observan los da\u00f1os dejados por el solitario delincuente que ingres\u00f3 con claras intenciones de robar en la Parroquia de Nuestra Se\u00f1ora de La Merced.\" width=\"580\" height=\"359\" srcset=\"https:\/\/i0.wp.com\/eltrabajo.cl\/portal\/wp-content\/uploads\/2020\/08\/Iglesia-merced.jpg?w=580&amp;ssl=1 580w, https:\/\/i0.wp.com\/eltrabajo.cl\/portal\/wp-content\/uploads\/2020\/08\/Iglesia-merced.jpg?resize=300%2C186&amp;ssl=1 300w, https:\/\/i0.wp.com\/eltrabajo.cl\/portal\/wp-content\/uploads\/2020\/08\/Iglesia-merced.jpg?resize=200%2C124&amp;ssl=1 200w\" sizes=\"auto, (max-width: 580px) 100vw, 580px\" \/><figcaption id=\"caption-attachment-101375\" class=\"wp-caption-text\">Ac\u00e1 se observan los da\u00f1os dejados por el solitario delincuente que ingres\u00f3 con claras intenciones de robar en la Parroquia de Nuestra Se\u00f1ora de La Merced.<\/figcaption><\/figure>\n","protected":false},"excerpt":{"rendered":"<p>Literalmente podemos decir que ni Dios se salva de la delincuencia. Esto porque durante la madrugada de este viernes un solitario delincuente ingres\u00f3 hasta las dependencias de la Parroquia de la Merced&#8230;<\/p>\n","protected":false},"author":482,"featured_media":101375,"comment_status":"closed","ping_status":"open","sticky":false,"template":"","format":"standard","meta":{"advanced_seo_description":"","jetpack_seo_html_title":"","jetpack_seo_noindex":false,"_jetpack_memberships_contains_paid_content":false,"footnotes":""},"categories":[21],"tags":[],"class_list":["post-101374","post","type-post","status-publish","format-standard","has-post-thumbnail","hentry","category-policial"],"jetpack_featured_media_url":"https:\/\/i0.wp.com\/eltrabajo.cl\/portal\/wp-content\/uploads\/2020\/08\/Iglesia-merced.jpg?fit=580%2C359&ssl=1","jetpack_sharing_enabled":true,"jetpack_likes_enabled":true,"jetpack-related-posts":[],"_links":{"self":[{"href":"https:\/\/eltrabajo.cl\/portal\/wp-json\/wp\/v2\/posts\/101374","targetHints":{"allow":["GET"]}}],"collection":[{"href":"https:\/\/eltrabajo.cl\/portal\/wp-json\/wp\/v2\/posts"}],"about":[{"href":"https:\/\/eltrabajo.cl\/portal\/wp-json\/wp\/v2\/types\/post"}],"author":[{"embeddable":true,"href":"https:\/\/eltrabajo.cl\/portal\/wp-json\/wp\/v2\/users\/482"}],"replies":[{"embeddable":true,"href":"https:\/\/eltrabajo.cl\/portal\/wp-json\/wp\/v2\/comments?post=101374"}],"version-history":[{"count":0,"href":"https:\/\/eltrabajo.cl\/portal\/wp-json\/wp\/v2\/posts\/101374\/revisions"}],"wp:featuredmedia":[{"embeddable":true,"href":"https:\/\/eltrabajo.cl\/portal\/wp-json\/wp\/v2\/media\/101375"}],"wp:attachment":[{"href":"https:\/\/eltrabajo.cl\/portal\/wp-json\/wp\/v2\/media?parent=101374"}],"wp:term":[{"taxonomy":"category","embeddable":true,"href":"https:\/\/eltrabajo.cl\/portal\/wp-json\/wp\/v2\/categories?post=101374"},{"taxonomy":"post_tag","embeddable":true,"href":"https:\/\/eltrabajo.cl\/portal\/wp-json\/wp\/v2\/tags?post=101374"}],"curies":[{"name":"wp","href":"https:\/\/api.w.org\/{rel}","templated":true}]}}